{"id":115501,"date":"2025-05-20T23:30:09","date_gmt":"2025-05-20T23:30:09","guid":{"rendered":"https:\/\/www.europesays.com\/fr\/115501\/"},"modified":"2025-05-20T23:30:09","modified_gmt":"2025-05-20T23:30:09","slug":"donald-trump-envisage-dutiliser-laide-au-developpement-pour-renvoyer-des-migrants","status":"publish","type":"post","link":"https:\/\/www.europesays.com\/fr\/115501\/","title":{"rendered":"Donald Trump envisage d&rsquo;utiliser l&rsquo;aide au d\u00e9veloppement pour renvoyer des migrants"},"content":{"rendered":"<p>Pendant sa campagne, Donald Trump a promis la plus grande op\u00e9ration d\u2019expulsions de l\u2019histoire du pays. Et selon The Washington Post, la Maison Blanche est pr\u00eate \u00e0 utiliser des financements initialement destin\u00e9s \u00e0 l\u2019aide internationale pour cela.<\/p>\n<p>250 millions de dollars, c\u2019est la somme que l\u2019administration Trump serait pr\u00eate \u00e0 mettre sur la table pour financer le retour de certains \u00e9trangers chez eux, <strong><a href=\"https:\/\/www.washingtonpost.com\/national-security\/2025\/05\/20\/trump-deporations-ukrainians-haitians\/\" rel=\"nofollow noopener\" target=\"_blank\" data-ylk=\"slk:croit savoir le quotidien The Washington Post;elm:context_link;itc:0;sec:content-canvas\" class=\"link \">croit savoir le quotidien The Washington Post<\/a><\/strong> qui a pu consulter des documents qui mentionnent sp\u00e9cifiquement les Ukrainiens et les Ha\u00eftiens, 700 000 au total, mais aussi les Afghans, les Palestiniens, les Soudanais, les Libyens, les Syriens et les Y\u00e9m\u00e9nites.<\/p>\n<p>Des ressortissants d\u2019autant de pays qui ont en commun d\u2019\u00eatre en guerre ou le retour est d\u00e9conseill\u00e9 par l\u2019Office international des migrations (OIM) d\u00e9pendant des Nations unies et vers lesquels le d\u00e9partement d\u2019\u00c9tat am\u00e9ricain d\u00e9conseille de voyager. L\u2019id\u00e9e a \u00e9t\u00e9 discut\u00e9e avant l\u2019annonce d\u2019un programme <strong><a href=\"https:\/\/www.rfi.fr\/fr\/am\u00e9riques\/20250506-\u00e9tats-unis-l-administration-trump-propose-de-donner-1000-dollars-aux-sans-papiers-pour-s-auto-expulser\" rel=\"nofollow noopener\" target=\"_blank\" data-ylk=\"slk:proposant aux migrants de s\u2019auto-expulser;elm:context_link;itc:0;sec:content-canvas\" class=\"link \">proposant aux migrants de s\u2019auto-expulser<\/a><\/strong> moyennant une incitation de 1 000 dollars et un billet d\u2019avion gratuit vers leur pays d\u2019origine.<\/p>\n<p>Le d\u00e9partement de la S\u00e9curit\u00e9 int\u00e9rieure indique que ces documents sont dat\u00e9s et qu\u2019aucune d\u00e9cision n\u2019a \u00e9t\u00e9 prise. Mais la somme de 250 millions de dollars allou\u00e9e \u00e0 ce projet a bien \u00e9t\u00e9 pr\u00e9lev\u00e9e sur les fonds initialement pr\u00e9vus pour l\u2019aide internationale et l\u2019aide aux r\u00e9fugi\u00e9s.<\/p>\n<p><a href=\"https:\/\/www.rfi.fr\/fr\/am%C3%A9riques\/20250520-%C3%A9tats-unis-donald-trump-envisage-d-utiliser-l-aide-au-d%C3%A9veloppement-pour-renvoyer-des-migrants\" rel=\"nofollow noopener\" target=\"_blank\" data-ylk=\"slk:Lire la suite sur RFI;elm:context_link;itc:0;sec:content-canvas\" class=\"link \">Lire la suite sur RFI<\/a><\/p>\n","protected":false},"excerpt":{"rendered":"Pendant sa campagne, Donald Trump a promis la plus grande op\u00e9ration d\u2019expulsions de l\u2019histoire du pays. Et selon&hellip;\n","protected":false},"author":2,"featured_media":115502,"comment_status":"","ping_status":"","sticky":false,"template":"","format":"standard","meta":{"footnotes":""},"categories":[1589],"tags":[11,14053,75,73,1866,23568,12,10417,1864,1865,1863,308],"class_list":{"0":"post-115501","1":"post","2":"type-post","3":"status-publish","4":"format-standard","5":"has-post-thumbnail","7":"category-etats-unis","8":"tag-actualites","9":"tag-departement-detat-americain","10":"tag-donald-trump","11":"tag-etats-unis","12":"tag-etats-unis-damerique","13":"tag-laide-internationale","14":"tag-news","15":"tag-pays-dorigine","16":"tag-united-states","17":"tag-united-states-of-america","18":"tag-us","19":"tag-usa"},"share_on_mastodon":{"url":"https:\/\/pubeurope.com\/@fr\/114542767361705320","error":""},"_links":{"self":[{"href":"https:\/\/www.europesays.com\/fr\/wp-json\/wp\/v2\/posts\/115501","targetHints":{"allow":["GET"]}}],"collection":[{"href":"https:\/\/www.europesays.com\/fr\/wp-json\/wp\/v2\/posts"}],"about":[{"href":"https:\/\/www.europesays.com\/fr\/wp-json\/wp\/v2\/types\/post"}],"author":[{"embeddable":true,"href":"https:\/\/www.europesays.com\/fr\/wp-json\/wp\/v2\/users\/2"}],"replies":[{"embeddable":true,"href":"https:\/\/www.europesays.com\/fr\/wp-json\/wp\/v2\/comments?post=115501"}],"version-history":[{"count":0,"href":"https:\/\/www.europesays.com\/fr\/wp-json\/wp\/v2\/posts\/115501\/revisions"}],"wp:featuredmedia":[{"embeddable":true,"href":"https:\/\/www.europesays.com\/fr\/wp-json\/wp\/v2\/media\/115502"}],"wp:attachment":[{"href":"https:\/\/www.europesays.com\/fr\/wp-json\/wp\/v2\/media?parent=115501"}],"wp:term":[{"taxonomy":"category","embeddable":true,"href":"https:\/\/www.europesays.com\/fr\/wp-json\/wp\/v2\/categories?post=115501"},{"taxonomy":"post_tag","embeddable":true,"href":"https:\/\/www.europesays.com\/fr\/wp-json\/wp\/v2\/tags?post=115501"}],"curies":[{"name":"wp","href":"https:\/\/api.w.org\/{rel}","templated":true}]}}