{"id":115503,"date":"2025-05-20T23:31:12","date_gmt":"2025-05-20T23:31:12","guid":{"rendered":"https:\/\/www.europesays.com\/fr\/115503\/"},"modified":"2025-05-20T23:31:12","modified_gmt":"2025-05-20T23:31:12","slug":"le-royaume-uni-suspend-ses-negociations-commerciales-avec-israel-et-convoque-lambassadrice","status":"publish","type":"post","link":"https:\/\/www.europesays.com\/fr\/115503\/","title":{"rendered":"le Royaume-Uni suspend ses n\u00e9gociations commerciales avec Isra\u00ebl et convoque l&rsquo;ambassadrice"},"content":{"rendered":"<p>Le Royaume-Uni a annonc\u00e9 mardi suspendre ses n\u00e9gociations pour un accord de libre-\u00e9change avec Isra\u00ebl et convoquer l\u2019ambassadrice de l\u2019\u00c9tat h\u00e9breu au Royaume-Uni, Tzipi Hotovely, pour protester contre l&rsquo;escalade \u00e0 Gaza \u00ab\u00a0moralement injustifiable, totalement disproportionn\u00e9e et contre-productive\u00a0\u00bb.<\/p>\n<p>Le <a href=\"https:\/\/www.france24.com\/fr\/tag\/royaume-uni\/\" class=\"link \" rel=\"nofollow noopener\" target=\"_blank\" data-ylk=\"slk:Royaume-Uni;elm:context_link;itc:0;sec:content-canvas\">Royaume-Uni<\/a> a annonc\u00e9 mardi 20 mai suspendre ses n\u00e9gociations pour un accord de libre-\u00e9change avec <a href=\"https:\/\/www.france24.com\/fr\/tag\/isra\u00ebl\/\" class=\"link \" rel=\"nofollow noopener\" target=\"_blank\" data-ylk=\"slk:Isra\u00ebl;elm:context_link;itc:0;sec:content-canvas\">Isra\u00ebl<\/a> et convoquer l&rsquo;ambassadrice de ce pays au Royaume-Uni, Tzipi Hotovely, en r\u00e9ponse \u00e0 l&rsquo;intensification de l&rsquo;offensive isra\u00e9lienne \u00e0 <a href=\"https:\/\/www.france24.com\/fr\/tag\/gaza\/\" class=\"link \" rel=\"nofollow noopener\" target=\"_blank\" data-ylk=\"slk:Gaza;elm:context_link;itc:0;sec:content-canvas\">Gaza<\/a>.<\/p>\n<p>Le gouvernement britannique a \u00e9galement annonc\u00e9 de nouvelles sanctions contre des colons en Cisjordanie, que les autorit\u00e9s isra\u00e9liennes ont aussit\u00f4t qualifi\u00e9es d'\u00a0\u00bbinjustifiables et regrettables\u00a0\u00bb.<\/p>\n<p><a href=\"https:\/\/www.france24.com\/fr\/moyen-orient\/20250520-gaza-israel-poursuit-offensive-la-d\u00e9fense-civile-annonce-au-moins-44-morts\" rel=\"nofollow noopener\" target=\"_blank\" data-ylk=\"slk:L&#039;escalade \u00e0 Gaza;elm:context_link;itc:0;sec:content-canvas\" class=\"link \">L&rsquo;escalade \u00e0 Gaza<\/a> est \u00ab\u00a0moralement injustifiable, totalement disproportionn\u00e9e et contre-productive\u00a0\u00bb, a dit le ministre britannique des Affaires \u00e9trang\u00e8res David Lammy devant la Chambre des communes, dans un discours tr\u00e8s virulent contre le gouvernement de <a href=\"https:\/\/www.france24.com\/fr\/tag\/benjamin-netanyahu\/\" class=\"link \" rel=\"nofollow noopener\" target=\"_blank\" data-ylk=\"slk:Benjamin Netanyahu;elm:context_link;itc:0;sec:content-canvas\">Benjamin Netanyahu<\/a>. \u00ab\u00a0Cette guerre laisse une g\u00e9n\u00e9ration d&rsquo;orphelins et de traumatis\u00e9s, pr\u00eats \u00e0 \u00eatre recrut\u00e9s par la Hamas\u00a0\u00bb, a-t-il ajout\u00e9.<\/p>\n<p>Londres va \u00ab\u00a0r\u00e9examiner la coop\u00e9ration\u00a0\u00bb avec Isra\u00ebl<\/p>\n<p>Avec AFP<\/p>\n<p><a href=\"https:\/\/www.france24.com\/fr\/moyen-orient\/20250520-gaza-le-royaume-uni-suspend-ses-n%C3%A9gociations-commerciales-avec-isra%C3%ABl-et-convoque-l-ambassadrice\" rel=\"nofollow noopener\" target=\"_blank\" data-ylk=\"slk:Lire la suite sur FRANCE 24;elm:context_link;itc:0;sec:content-canvas\" class=\"link \">Lire la suite sur FRANCE 24<\/a><\/p>\n<p>Lire aussi:<br \/><a href=\"https:\/\/www.france24.com\/fr\/moyen-orient\/20240902-guerre-isra%C3%ABl-hamas-le-royaume-uni-suspend-partiellement-ses-exportations-d-armes-%C3%A0-isra%C3%ABl\" rel=\"nofollow noopener\" target=\"_blank\" data-ylk=\"slk:Guerre Isra\u00ebl-Hamas : le Royaume-Uni suspend partiellement ses exportations d\u2019armes \u00e0 Isra\u00ebl;elm:context_link;itc:0;sec:content-canvas\" class=\"link \">Guerre Isra\u00ebl-Hamas : le Royaume-Uni suspend partiellement ses exportations d\u2019armes \u00e0 Isra\u00ebl<\/a><\/p>\n","protected":false},"excerpt":{"rendered":"Le Royaume-Uni a annonc\u00e9 mardi suspendre ses n\u00e9gociations pour un accord de libre-\u00e9change avec Isra\u00ebl et convoquer l\u2019ambassadrice&hellip;\n","protected":false},"author":2,"featured_media":115504,"comment_status":"","ping_status":"","sticky":false,"template":"","format":"standard","meta":{"footnotes":""},"categories":[1588],"tags":[11,1777,674,665,2580,664,12,473,1853,23569,1851,1850,1852],"class_list":{"0":"post-115503","1":"post","2":"type-post","3":"status-publish","4":"format-standard","5":"has-post-thumbnail","7":"category-royaume-uni","8":"tag-actualites","9":"tag-eu","10":"tag-europe","11":"tag-gaza","12":"tag-gouvernement-britannique","13":"tag-israel","14":"tag-news","15":"tag-royaume-uni","16":"tag-royaume-uni-de-grande-bretagne-et-dirlande-du-nord","17":"tag-tzipi-hotovely","18":"tag-uk","19":"tag-united-kingdom","20":"tag-united-kingdom-of-great-britain-and-northern-ireland"},"share_on_mastodon":{"url":"https:\/\/pubeurope.com\/@fr\/114542771091176911","error":""},"_links":{"self":[{"href":"https:\/\/www.europesays.com\/fr\/wp-json\/wp\/v2\/posts\/115503","targetHints":{"allow":["GET"]}}],"collection":[{"href":"https:\/\/www.europesays.com\/fr\/wp-json\/wp\/v2\/posts"}],"about":[{"href":"https:\/\/www.europesays.com\/fr\/wp-json\/wp\/v2\/types\/post"}],"author":[{"embeddable":true,"href":"https:\/\/www.europesays.com\/fr\/wp-json\/wp\/v2\/users\/2"}],"replies":[{"embeddable":true,"href":"https:\/\/www.europesays.com\/fr\/wp-json\/wp\/v2\/comments?post=115503"}],"version-history":[{"count":0,"href":"https:\/\/www.europesays.com\/fr\/wp-json\/wp\/v2\/posts\/115503\/revisions"}],"wp:featuredmedia":[{"embeddable":true,"href":"https:\/\/www.europesays.com\/fr\/wp-json\/wp\/v2\/media\/115504"}],"wp:attachment":[{"href":"https:\/\/www.europesays.com\/fr\/wp-json\/wp\/v2\/media?parent=115503"}],"wp:term":[{"taxonomy":"category","embeddable":true,"href":"https:\/\/www.europesays.com\/fr\/wp-json\/wp\/v2\/categories?post=115503"},{"taxonomy":"post_tag","embeddable":true,"href":"https:\/\/www.europesays.com\/fr\/wp-json\/wp\/v2\/tags?post=115503"}],"curies":[{"name":"wp","href":"https:\/\/api.w.org\/{rel}","templated":true}]}}