{"id":1155042,"date":"2026-08-29T08:43:17","date_gmt":"2026-08-29T08:43:17","guid":{"rendered":"https:\/\/www.europesays.com\/fr\/1155042\/"},"modified":"2026-08-29T08:43:17","modified_gmt":"2026-08-29T08:43:17","slug":"ce-restaurant-de-burgers-cree-par-des-youtubeurs-debarque-a-cap-3000-une-offre-genereuse-et-accessible","status":"publish","type":"post","link":"https:\/\/www.europesays.com\/fr\/1155042\/","title":{"rendered":"Ce restaurant de burgers cr\u00e9\u00e9 par des youtubeurs d\u00e9barque \u00e0 Cap 3000 : \u00ab\u00a0Une offre g\u00e9n\u00e9reuse et accessible\u00a0\u00bb"},"content":{"rendered":"<p>                    Par<br \/>\n        <strong><br \/>\n            <a href=\"https:\/\/actu.fr\/auteur\/manon-reinhardt\" title=\"Consulter tous les articles de Manon Reinhardt\" rel=\"nofollow noopener\" target=\"_blank\">Manon Reinhardt<\/a><br \/>\n                    <\/strong><\/p>\n<p>        Publi\u00e9 le<\/p>\n<p>            29 ao\u00fbt 2026 \u00e0 8h22        <\/p>\n<p>Les nouveaut\u00e9s s\u2019encha\u00eenent. Depuis le 27\u00a0juillet, le restaurant \u00ab\u2009Black &amp; White Burger\u2009\u00bb, fond\u00e9 par les youtubeurs IbraTV et Djam, s\u2019est install\u00e9 dans le centre commercial Cap 3000 \u00e0 <a href=\"https:\/\/actu.fr\/provence-alpes-cote-d-azur\/saint-laurent-du-var_06123\" rel=\"nofollow noopener\" target=\"_blank\">Saint-Laurent-du-Var<\/a> (<a href=\"https:\/\/actu.fr\/provence-alpes-cote-d-azur\/alpes-maritimes_06\" rel=\"nofollow noopener\" target=\"_blank\">Alpes-Maritimes<\/a>). L\u2019enseigne propose une multitude de burgers originaux. Voici ce qu\u2019on peut y manger.<\/p>\n<p>Un burger sp\u00e9cial en collaboration avec GMK<\/p>\n<p class=\" wall-content\">Un nouveau fast-food a pos\u00e9 ses bagages sur le parvis de Cap 3000, face \u00e0 la plage. La cha\u00eene de restaurants \u00ab\u2009Black &amp; White Burger\u2009\u00bb, fond\u00e9e par les youtubeurs IbraTV et Djam, qui cumulent plus de 5\u00a0millions d\u2019abonn\u00e9s, s\u2019est install\u00e9e dans l\u2019immense centre commercial depuis le milieu de l\u2019\u00e9t\u00e9.<\/p>\n<p class=\" wall-content\">On y retrouve toutes sortes de burgers, dont un est le fruit d\u2019une collaboration avec <a href=\"https:\/\/www.instagram.com\/gmk001\/?hl=fr\" rel=\"nofollow noopener\" target=\"_blank\">le tr\u00e8s suivi GMK<\/a>, un influenceur mon\u00e9gasque connu pour son contenu sur les voitures de luxe.<\/p>\n<p class=\" wall-content\"><a href=\"https:\/\/www.instagram.com\/p\/DavTHdyqxG6\/embed\" title=\"Ouvrir le lien sur Instagram\" rel=\"nofollow noopener\" target=\"_blank\">Visualiser le contenu sur Instagram<\/a><\/p>\n<p class=\" wall-content\">C\u00f4t\u00e9 carte, de <strong>nombreuses recettes signatures<\/strong> sont disponibles avec des pains originaux, comme le fameux pain burger au charbon.<\/p>\n<p>40 restaurants en France<\/p>\n<p class=\" wall-content\">\u00ab\u2009Avec cette ouverture, Black &amp; White Burger entend r\u00e9pondre \u00e0 une demande croissante pour <strong>une offre de burgers premium<\/strong>, g\u00e9n\u00e9reuse et accessible, sur l\u2019un des littoraux les plus pris\u00e9s de France\u2009\u00bb, explique le communiqu\u00e9.<\/p>\n<p class=\" wall-content\">L\u2019enseigne s\u2019est install\u00e9e dans une surface de 170 m\u00b2. \u00abL\u2019\u00e9tablissement propose 32 places assises en int\u00e9rieur et 24 places en terrasse.\u2009\u00bb Les deux fondateurs ont d\u00e9sormais ouvert plus de 40 restaurants \u00e0 travers la France. Ils accueillent<strong> pr\u00e8s de 2,5\u00a0millions de clients<\/strong> chaque ann\u00e9e.<\/p>\n<p>217 Av. Eug\u00e8ne Donade\u00ef, 06700 Saint-Laurent-du-Var, 11h00 \u2013 22h00 7J\/7<\/p>\n<p class=\" wall-content\">Personnalisez votre actualit\u00e9 en ajoutant vos villes et m\u00e9dias en favori avec <a href=\"https:\/\/moncompte.actu.fr\" title=\"D\u00e9couvez Mon Actu\" rel=\"nofollow noopener\" data-trk=\"{&quot;cta&quot;:{&quot;action&quot;:&quot;https:\\\/\\\/moncompte.actu.fr&quot;,&quot;category&quot;:&quot;mon compte&quot;,&quot;from&quot;:&quot;article footer&quot;,&quot;name&quot;:&quot;Mon actu&quot;,&quot;type&quot;:&quot;cta&quot;}}\" target=\"_blank\">Mon Actu<\/a>.<\/p>\n<p>                    <script async src=\"\/\/www.instagram.com\/embed.js\"><\/script><\/p>\n","protected":false},"excerpt":{"rendered":"Par Manon Reinhardt Publi\u00e9 le 29 ao\u00fbt 2026 \u00e0 8h22 Les nouveaut\u00e9s s\u2019encha\u00eenent. Depuis le 27\u00a0juillet, le restaurant&hellip;\n","protected":false},"author":2,"featured_media":1155043,"comment_status":"","ping_status":"","sticky":false,"template":"","format":"standard","meta":{"footnotes":"","_share_on_mastodon":"0"},"categories":[2819],"tags":[1111,11,215,1777,674,1011,27,1305,12,2401,882,25,1340],"class_list":["post-1155042","post","type-post","status-publish","format-standard","has-post-thumbnail","category-nice","tag-actu","tag-actualites","tag-commerce","tag-eu","tag-europe","tag-fr","tag-france","tag-lifestyle","tag-news","tag-nice","tag-provence-alpes-cote-dazur","tag-republique-francaise","tag-restaurant"],"share_on_mastodon":{"url":"","error":""},"_links":{"self":[{"href":"https:\/\/www.europesays.com\/fr\/wp-json\/wp\/v2\/posts\/1155042","targetHints":{"allow":["GET"]}}],"collection":[{"href":"https:\/\/www.europesays.com\/fr\/wp-json\/wp\/v2\/posts"}],"about":[{"href":"https:\/\/www.europesays.com\/fr\/wp-json\/wp\/v2\/types\/post"}],"author":[{"embeddable":true,"href":"https:\/\/www.europesays.com\/fr\/wp-json\/wp\/v2\/users\/2"}],"replies":[{"embeddable":true,"href":"https:\/\/www.europesays.com\/fr\/wp-json\/wp\/v2\/comments?post=1155042"}],"version-history":[{"count":0,"href":"https:\/\/www.europesays.com\/fr\/wp-json\/wp\/v2\/posts\/1155042\/revisions"}],"wp:featuredmedia":[{"embeddable":true,"href":"https:\/\/www.europesays.com\/fr\/wp-json\/wp\/v2\/media\/1155043"}],"wp:attachment":[{"href":"https:\/\/www.europesays.com\/fr\/wp-json\/wp\/v2\/media?parent=1155042"}],"wp:term":[{"taxonomy":"category","embeddable":true,"href":"https:\/\/www.europesays.com\/fr\/wp-json\/wp\/v2\/categories?post=1155042"},{"taxonomy":"post_tag","embeddable":true,"href":"https:\/\/www.europesays.com\/fr\/wp-json\/wp\/v2\/tags?post=1155042"}],"curies":[{"name":"wp","href":"https:\/\/api.w.org\/{rel}","templated":true}]}}