{"id":1155142,"date":"2026-08-29T09:54:37","date_gmt":"2026-08-29T09:54:37","guid":{"rendered":"https:\/\/www.europesays.com\/fr\/1155142\/"},"modified":"2026-08-29T09:54:37","modified_gmt":"2026-08-29T09:54:37","slug":"nos-idees-de-sortie-pour-ce-dernier-week-end-daout","status":"publish","type":"post","link":"https:\/\/www.europesays.com\/fr\/1155142\/","title":{"rendered":"Nos id\u00e9es de sortie pour ce dernier week-end d&rsquo;ao\u00fbt"},"content":{"rendered":"<p> <strong>Le Ban des vendanges \u2013 Avignon<\/strong><\/p>\n<p style=\"text-align: justify;\">\u00a0<\/p>\n<p style=\"text-align: justify;\">C\u2019est<a href=\"https:\/\/compagnonscotesdurhone.fr\/le-ban-des-vendanges\/\" rel=\"noopener nofollow\" target=\"_blank\"> l\u2019\u00e9v\u00e9nement festif et populaire de la fin d&rsquo;\u00e9t\u00e9 <\/a>\u00e0 ne pas manquer dans la cit\u00e9 des Papes. Pour lancer la saison des vendanges, la place du Palais des Papes s\u2019anime de 17h30 \u00e0 minuit avec un grand village gourmand, des animations pour petits et grands, ainsi que plusieurs concerts gratuits tout au long de la soir\u00e9e.<\/p>\n<p style=\"text-align: justify;\"><strong>Infos pratiques : <\/strong>Demain de 17h \u00e0 minuit, Place du Palais des Papes. Entr\u00e9e libre et gratuite.<\/p>\n<p style=\"text-align: justify;\">\u00a0<\/p>\n<p><strong>Mama Stock Festival (9\u1d49 \u00e9dition) \u2013 Montpellier<\/strong><\/p>\n<p style=\"text-align: justify;\">\u00a0<\/p>\n<p style=\"text-align: justify;\">Le parc Montcalm accueille la 9\u1d49 \u00e9dition du <a href=\"https:\/\/mamastock.fr\/\" rel=\"noopener nofollow\" target=\"_blank\">Mama Stock Festival<\/a> pour encore deux jours de festivit\u00e9s accessibles \u00e0 tous. Au programme : de la musique live, des DJ sets, des spectacles pour toute la famille, mais aussi des expositions et des sessions de live painting pour en prendre plein les yeux et les oreilles.<\/p>\n<p style=\"text-align: justify;\"><strong>Infos pratiques :<\/strong> Ce soir et demain au Parc Montcalm. Entr\u00e9e libre et gratuite.<\/p>\n<p style=\"text-align: justify;\">\u00a0<\/p>\n<p><strong>La F\u00eate de la bi\u00e8re \u2013 S\u00e8te<\/strong><\/p>\n<p style=\"text-align: justify;\">\u00a0<\/p>\n<p style=\"text-align: justify;\">S\u00e8te f\u00eate les 40 ans de son jumelage avec la ville allemande de Neuburg sur la place Aristide Briand. <a href=\"https:\/\/www.archipel-thau.com\/mon-sejour\/agenda\/fete-de-la-biere-anniversaire-des-40-ans-de-jumelage-sete-neuburg-sete-fr-6565322\/\" rel=\"noopener nofollow\" target=\"_blank\">L\u2019occasion de passer un moment convivial<\/a> aux couleurs de la Bavi\u00e8re et du Languedoc, entre sp\u00e9cialit\u00e9s culinaires s\u00e9toises et bavaroises, musique, concerts et rafra\u00eechissements (\u00e0 consommer avec mod\u00e9ration, bien s\u00fbr !).<\/p>\n<p style=\"text-align: justify;\"><strong>Infos pratiques :<\/strong> Demain de 16h \u00e0 1h du matin, Place Aristide Briand. Entr\u00e9e libre.<\/p>\n<p style=\"text-align: justify;\">\u00a0<\/p>\n<p><strong>Festival Mille et une lanternes (4\u1d49 \u00e9dition) \u2013 Canet-en-Roussillon<\/strong><\/p>\n<p style=\"text-align: justify;\">\u00a0<\/p>\n<p style=\"text-align: justify;\">Cap sur l\u2019Asie tout le week-end \u00e0 Canet-en-Roussillon. Cette 4\u1d49 \u00e9dition vous emm\u00e8ne \u00e0 la d\u00e9couverte des cultures de la Cor\u00e9e du Sud, de la Chine et du Japon. <a href=\"https:\/\/www.canetenroussillon.fr\/prestataires\/festival-mille-et-une-lanternes\/\" rel=\"noopener nofollow\" target=\"_blank\">Au menu :<\/a> expositions, d\u00e9monstrations de danse, ateliers de jeux, d\u00e9fil\u00e9 en tenues traditionnelles et stands de restauration asiatique pour \u00e9veiller vos papilles.<\/p>\n<p style=\"text-align: justify;\"><strong>Infos pratiques : <\/strong>Tout le week-end \u00e0 Canet-en-Roussillon. Restauration sur place.<\/p>\n<p style=\"text-align: justify;\">\u00a0<\/p>\n<p><strong>Napol\u00e9on, l\u2019\u00e9pop\u00e9e immersive \u2013 B\u00e9ziers<\/strong><\/p>\n<p style=\"text-align: justify;\">\u00a0<\/p>\n<p style=\"text-align: justify;\">Avis aux amateurs d&rsquo;histoire et de nouvelles technologies : c\u2019est le tout dernier week-end pour tester<a href=\"https:\/\/www.napoleonvr.com\/city\/beziers\" rel=\"noopener nofollow\" target=\"_blank\"> cette aventure immersive <\/a>au c\u0153ur du Premier Empire dans l\u2019ancien b\u00e2timent de la CCI. \u00c9quip\u00e9 d&rsquo;un casque de r\u00e9alit\u00e9 virtuelle, vous \u00eates directement projet\u00e9 au milieu des grands \u00e9v\u00e9nements de l&rsquo;\u00e9poque napol\u00e9onienne.<\/p>\n<p style=\"text-align: justify;\"><strong>Infos pratiques :<\/strong> Ce week-end (derni\u00e8res dates) dans l&rsquo;ancien b\u00e2timent de la CCI. Tarifs : 19,90 \u20ac (plein) \/ 14,90 \u20ac (r\u00e9duit).<\/p>\n","protected":false},"excerpt":{"rendered":"Le Ban des vendanges \u2013 Avignon \u00a0 C\u2019est l\u2019\u00e9v\u00e9nement festif et populaire de la fin d&rsquo;\u00e9t\u00e9 \u00e0 ne&hellip;\n","protected":false},"author":2,"featured_media":1155143,"comment_status":"","ping_status":"","sticky":false,"template":"","format":"standard","meta":{"footnotes":"","_share_on_mastodon":"0"},"categories":[9599],"tags":[1111,11,4763,6184,118146,37552,89705,1777,674,45553,1011,27,20883,118143,118144,118145,2208,23977,12,2680,25,14042],"class_list":["post-1155142","post","type-post","status-publish","format-standard","has-post-thumbnail","category-montpellier","tag-actu","tag-actualites","tag-agenda","tag-avignon","tag-ban-des-vendanges","tag-beziers","tag-canet-en-roussillon","tag-eu","tag-europe","tag-fete-de-la-biere","tag-fr","tag-france","tag-idees-sorties","tag-mama-stock","tag-mama-stock-festival","tag-mille-et-une-lanterne","tag-montpellier","tag-napoleon","tag-news","tag-occitanie","tag-republique-francaise","tag-sete"],"share_on_mastodon":{"url":"https:\/\/pubeurope.com\/@fr\/117178195380204076","error":""},"_links":{"self":[{"href":"https:\/\/www.europesays.com\/fr\/wp-json\/wp\/v2\/posts\/1155142","targetHints":{"allow":["GET"]}}],"collection":[{"href":"https:\/\/www.europesays.com\/fr\/wp-json\/wp\/v2\/posts"}],"about":[{"href":"https:\/\/www.europesays.com\/fr\/wp-json\/wp\/v2\/types\/post"}],"author":[{"embeddable":true,"href":"https:\/\/www.europesays.com\/fr\/wp-json\/wp\/v2\/users\/2"}],"replies":[{"embeddable":true,"href":"https:\/\/www.europesays.com\/fr\/wp-json\/wp\/v2\/comments?post=1155142"}],"version-history":[{"count":0,"href":"https:\/\/www.europesays.com\/fr\/wp-json\/wp\/v2\/posts\/1155142\/revisions"}],"wp:featuredmedia":[{"embeddable":true,"href":"https:\/\/www.europesays.com\/fr\/wp-json\/wp\/v2\/media\/1155143"}],"wp:attachment":[{"href":"https:\/\/www.europesays.com\/fr\/wp-json\/wp\/v2\/media?parent=1155142"}],"wp:term":[{"taxonomy":"category","embeddable":true,"href":"https:\/\/www.europesays.com\/fr\/wp-json\/wp\/v2\/categories?post=1155142"},{"taxonomy":"post_tag","embeddable":true,"href":"https:\/\/www.europesays.com\/fr\/wp-json\/wp\/v2\/tags?post=1155142"}],"curies":[{"name":"wp","href":"https:\/\/api.w.org\/{rel}","templated":true}]}}