{"id":115515,"date":"2025-05-20T23:37:08","date_gmt":"2025-05-20T23:37:08","guid":{"rendered":"https:\/\/www.europesays.com\/fr\/115515\/"},"modified":"2025-05-20T23:37:08","modified_gmt":"2025-05-20T23:37:08","slug":"un-rapport-sur-les-freres-musulmans-en-france-au-coeur-dun-conseil-de-defense","status":"publish","type":"post","link":"https:\/\/www.europesays.com\/fr\/115515\/","title":{"rendered":"Un rapport sur les Fr\u00e8res musulmans en France au c\u0153ur d&rsquo;un Conseil de d\u00e9fense"},"content":{"rendered":"<p>Un rapport sur les Fr\u00e8res musulmans command\u00e9 par le gouvernement fran\u00e7ais met en garde contre une \u00ab menace pour la coh\u00e9sion nationale \u00bb avec le d\u00e9veloppement d\u2019un islamisme \u00ab par le bas \u00bb, \u00e0 l\u2019\u00e9chelon municipal, selon le texte qui doit \u00eatre examin\u00e9 mercredi 21 mai lors d\u2019un Conseil de d\u00e9fense. Autour de la table, le pr\u00e9sident, le Premier ministre et plusieurs ministres.<\/p>\n<p>\u00ab La r\u00e9alit\u00e9 de cette menace, m\u00eame si elle repose sur une temporalit\u00e9 longue et ne recourt pas \u00e0 l\u2019action violente, fait peser le risque d\u2019une atteinte au tissu associatif et aux institutions r\u00e9publicaines [&#8230;] et plus largement \u00e0 la coh\u00e9sion nationale \u00bb, affirme ce rapport dont les grandes lignes avaient \u00e9t\u00e9 d\u00e9voil\u00e9es mardi <strong><a href=\"https:\/\/www.lefigaro.fr\/actualite-france\/reseaux-tentaculaires-organisation-secrete-quartiers-islamises-le-rapport-choc-sur-les-freres-musulmans-qui-veulent-instaurer-la-charia-en-france-20250520\" rel=\"nofollow noopener\" target=\"_blank\" data-ylk=\"slk:par le quotidien Le Figaro;elm:context_link;itc:0;sec:content-canvas\" class=\"link \">par le quotidien Le Figaro<\/a><\/strong>.<\/p>\n<p>En <strong><a href=\"https:\/\/www.rfi.fr\/fr\/tag\/france\/\" class=\"link \" rel=\"nofollow noopener\" target=\"_blank\" data-ylk=\"slk:France;elm:context_link;itc:0;sec:content-canvas\">France<\/a><\/strong>, la mouvance \u00ab est \u00e9tablie sur une structuration solide, mais l\u2019islamisme politique se diffuse d\u2019abord au plan local \u00bb, souligne le rapport, qui estime que la diffusion de cet islamisme \u00ab par le bas \u00bb constitue \u00ab une menace \u00e0 court ou moyen terme \u00bb.<\/p>\n<p>Musulmans de France a succ\u00e9d\u00e9 en 2017 \u00e0 l\u2019Union des organisations islamiques de France (UOIF) et \u00ab est identifi\u00e9e comme la branche nationale des Fr\u00e8res musulmans en France \u00bb. \u00ab On ne se situe pas dans un s\u00e9paratisme agressif \u00bb, mais \u00ab dans une vis\u00e9e subtile [&#8230;], mais non moins subversive pour les institutions \u00bb, ajoutent-ils.<\/p>\n<p><a href=\"https:\/\/www.rfi.fr\/fr\/france\/20250520-france-rapport-fr%C3%A8res-musulmans-met-en-garde-contre-menace-coh%C3%A9sion-nationale\" rel=\"nofollow noopener\" target=\"_blank\" data-ylk=\"slk:Lire la suite sur RFI;elm:context_link;itc:0;sec:content-canvas\" class=\"link \">Lire la suite sur RFI<\/a><\/p>\n","protected":false},"excerpt":{"rendered":"Un rapport sur les Fr\u00e8res musulmans command\u00e9 par le gouvernement fran\u00e7ais met en garde contre une \u00ab menace&hellip;\n","protected":false},"author":2,"featured_media":115516,"comment_status":"","ping_status":"","sticky":false,"template":"","format":"standard","meta":{"footnotes":""},"categories":[4],"tags":[11,1011,27,9305,10520,23570,12,5747,25],"class_list":{"0":"post-115515","1":"post","2":"type-post","3":"status-publish","4":"format-standard","5":"has-post-thumbnail","7":"category-france","8":"tag-actualites","9":"tag-fr","10":"tag-france","11":"tag-freres-musulmans","12":"tag-gouvernement-francais","13":"tag-musulmans-de-france","14":"tag-news","15":"tag-rapport","16":"tag-republique-francaise"},"share_on_mastodon":{"url":"https:\/\/pubeurope.com\/@fr\/114542794679908799","error":""},"_links":{"self":[{"href":"https:\/\/www.europesays.com\/fr\/wp-json\/wp\/v2\/posts\/115515","targetHints":{"allow":["GET"]}}],"collection":[{"href":"https:\/\/www.europesays.com\/fr\/wp-json\/wp\/v2\/posts"}],"about":[{"href":"https:\/\/www.europesays.com\/fr\/wp-json\/wp\/v2\/types\/post"}],"author":[{"embeddable":true,"href":"https:\/\/www.europesays.com\/fr\/wp-json\/wp\/v2\/users\/2"}],"replies":[{"embeddable":true,"href":"https:\/\/www.europesays.com\/fr\/wp-json\/wp\/v2\/comments?post=115515"}],"version-history":[{"count":0,"href":"https:\/\/www.europesays.com\/fr\/wp-json\/wp\/v2\/posts\/115515\/revisions"}],"wp:featuredmedia":[{"embeddable":true,"href":"https:\/\/www.europesays.com\/fr\/wp-json\/wp\/v2\/media\/115516"}],"wp:attachment":[{"href":"https:\/\/www.europesays.com\/fr\/wp-json\/wp\/v2\/media?parent=115515"}],"wp:term":[{"taxonomy":"category","embeddable":true,"href":"https:\/\/www.europesays.com\/fr\/wp-json\/wp\/v2\/categories?post=115515"},{"taxonomy":"post_tag","embeddable":true,"href":"https:\/\/www.europesays.com\/fr\/wp-json\/wp\/v2\/tags?post=115515"}],"curies":[{"name":"wp","href":"https:\/\/api.w.org\/{rel}","templated":true}]}}