{"id":1155173,"date":"2026-08-29T10:15:23","date_gmt":"2026-08-29T10:15:23","guid":{"rendered":"https:\/\/www.europesays.com\/fr\/1155173\/"},"modified":"2026-08-29T10:15:23","modified_gmt":"2026-08-29T10:15:23","slug":"cest-quoi-ce-bus-a-imperiale-depose-par-convoi-exceptionnel-dans-un-parc-de-la-metropole-de-lille","status":"publish","type":"post","link":"https:\/\/www.europesays.com\/fr\/1155173\/","title":{"rendered":"C&rsquo;est quoi ce bus \u00e0 imp\u00e9riale d\u00e9pos\u00e9 par convoi exceptionnel dans un parc de la m\u00e9tropole de Lille\u00a0?"},"content":{"rendered":"<p>                    Par<br \/>\n        <strong><br \/>\n            <a href=\"https:\/\/actu.fr\/auteur\/natheo-dillenseger\" title=\"Consulter tous les articles de Natheo Dillenseger\" rel=\"nofollow noopener\" target=\"_blank\">Natheo Dillenseger<\/a><br \/>\n                    <\/strong><\/p>\n<p>        Publi\u00e9 le<\/p>\n<p>            29 ao\u00fbt 2026 \u00e0 11h40        <\/p>\n<p>\u00ab\u00a0Chantier interdit au public.\u00a0\u00bb Une pancarte rouge, explicite, accueille ceux qui s\u2019aventurent dans le parc Foch de <a href=\"https:\/\/actu.fr\/hauts-de-france\/fretin_59256\" rel=\"nofollow noopener\" target=\"_blank\">Fretin<\/a>, pr\u00e8s de <a href=\"https:\/\/actu.fr\/hauts-de-france\/lille_59350\/cette-compagnie-aerienne-de-retour-a-laeroport-de-lille-une-nouvelle-ligne-directe-vers-le-soleil_64286218.html\" rel=\"nofollow noopener\" target=\"_blank\">l\u2019a\u00e9roport de Lille-Lesquin<\/a>. Entour\u00e9 de barri\u00e8res en bois, <b>un bus \u00e0 imp\u00e9riale de style britannique<\/b>, noir et rouge, tr\u00f4ne au milieu de la pelouse depuis le 5 ao\u00fbt. C\u2019est en fait <b>un tout nouveau lieu culturel <\/b>qui devrait bien animer ce village de 3 000 habitants de <a href=\"https:\/\/actu.fr\/tag\/metropole-europeenne-de-lille\" rel=\"nofollow noopener\" target=\"_blank\">la m\u00e9tropole de Lille<\/a>.<\/p>\n<p>L\u2019association Artistes en sc\u00e8ne pose Lartibus \u00e0 Fretin pour accueillir des \u00e9v\u00e9nements culturels<\/p>\n<p class=\" wall-content\">Ce bus ne m\u00e8ne pas voie 9 \u00be, pour ceux qui ont la r\u00e9f\u00e9rence, et il <b>sera m\u00eame repeint en vert<\/b>. \u00ab\u00a0On l\u2019a demand\u00e9 pour que \u00e7a se confonde avec l\u2019endroit o\u00f9 il est\u00a0\u00bb, justifie Karine Delemarre, adjointe \u00e0 la Culture \u00e0 Fretin.\u00a0<\/p>\n<p class=\" wall-content\">Mais si la municipalit\u00e9 accueille volontiers l\u2019engin, ce n\u2019est pas elle qui est \u00e0 l\u2019origine de son arriv\u00e9e mais <a href=\"https:\/\/www.facebook.com\/artistesensceneenchaine\" rel=\"nofollow noopener\" target=\"_blank\">l\u2019association Artistes en sc\u00e8ne<\/a>. Cr\u00e9\u00e9e en 2017, cette structure bas\u00e9e \u00e0 <a href=\"https:\/\/actu.fr\/lille\/\" rel=\"nofollow noopener\" target=\"_blank\">Lille<\/a> \u00ab\u00a0soutient, promeut et met en lumi\u00e8re les artistes \u00e9mergents dans les domaines des arts plastiques et de la sc\u00e8ne\u00a0\u00bb.\u00a0<\/p>\n<p>    <img   decoding=\"async\" loading=\"lazy\" class=\"size-large\" src=\"https:\/\/www.europesays.com\/fr\/wp-content\/uploads\/2026\/08\/eb5789d5a19a6df5789d5a19ab3678v-960x640.jpeg\" alt=\"Les travaux ont d\u00e9but\u00e9 et pourraient se terminer courant le mois d'octobre.\" width=\"960\" height=\"640\"\/><br \/>\n    Les travaux ont d\u00e9but\u00e9 et pourraient se terminer courant le mois d\u2019octobre. \u00a9Photo fournie \u00e0 Lille actu<\/p>\n<p class=\" wall-content\">Habitu\u00e9e \u00e0 tenir ses r\u00e9unions au sein de la Maison des associations, \u00e0 Lille, l\u2019association ne dispose cependant <b>pas de local pour organiser les expositions ou concerts <\/b>qu\u2019elle parvient \u00e0 mettre en place en contactant des artistes pas encore connus. \u00ab\u00a0On cherche des bars par exemple pour que les artistes exposent ou jouent. On n\u2019est toujours \u00e0 frapper aux portes\u00a0\u00bb, t\u00e9moigne la pr\u00e9sidente, Fatima Beghdadi.\u00a0<\/p>\n<p class=\" wall-content\">Face \u00e0 cette situation, le vice-pr\u00e9sident, J\u00e9r\u00f4me Routier, alias Louison sous son nom de sc\u00e8ne, a propos\u00e9 de mettre \u00e0 contribution le bus \u00e0 imp\u00e9riale qu\u2019il a acquis en 2021. \u00ab\u00a0\u00c7a faisait longtemps que je cherchais un v\u00e9hicule de ce type parce que je suis collectionneur. J\u2019ai vu une annonce pr\u00e8s de Cambrai et \u00e7a a tout de suite match\u00e9.\u00a0\u00bb<\/p>\n<p class=\" wall-content\">D\u2019abord destin\u00e9 \u00e0 devenir un logement insolite, la seconde vie de ce v\u00e9hicule atypique a finalement bascul\u00e9.\u00a0<\/p>\n<blockquote class=\"ac-article-quote wall-content\">\n<p>\u00ab\u00a0Avec le bus, J\u00e9r\u00f4me s\u2019est dit qu\u2019il pourrait le mettre sur un terrain et mener le projet culturel dedans comme un tiers-lieu intimiste.\u00a0\u00bb<\/p>\n<p>Fatima Beghdadi, pr\u00e9sidente de l\u2019association lilloise Artistes en sc\u00e8ne<\/p><\/blockquote>\n<p class=\" wall-content\">Une volont\u00e9 qui s\u2019est donc concr\u00e9tis\u00e9e lorsque la ville de Fretin a confirm\u00e9 son int\u00e9r\u00eat pour le projet. \u00ab\u00a0Il y a plus d\u2019un an et demi, l\u2019asso cherchait une commune et surtout un terrain. Ils sont venus voir l\u2019ancienne adjointe et la maire. Ils sont all\u00e9s visiter le parc Foch et \u00e7a leur a plu\u00a0\u00bb, r\u00e9sume Karine Delemarre. \u00ab\u00a0On a cherch\u00e9 dans tellement d\u2019endroits que d\u00e8s qu\u2019on nous a dit oui, on a pos\u00e9 nos valises\u00a0\u00bb, appr\u00e9cie encore Fatima.<\/p>\n<p>Lartibus s\u2019installe \u00e0 Fretin : une opportunit\u00e9 immanquable pour la commune<\/p>\n<p class=\" wall-content\">Remorqu\u00e9 par une d\u00e9panneuse escort\u00e9e, sous la forme d\u2019un convoi exceptionnel, le bus a pris place au sein du parc le 5 ao\u00fbt dernier. Reste \u00e0 mener d\u2019importants travaux, en plus de le repeindre. \u00ab\u00a0On a commenc\u00e9 les travaux d\u2019am\u00e9nagement de la terrasse puis il faudra am\u00e9nager l\u2019int\u00e9rieur.\u00a0\u00bb<\/p>\n<p>    <a href=\"https:\/\/www.facebook.com\/plugins\/post.php?href=https%3A%2F%2Fwww.facebook.com%2Ffatima.beghdadi.3%2Fposts%2Fpfbid034LUJFoy7bviwt1ViKXnqdSNttTsmj6jWnU5oQrVmhfDRf16evQbm6ady9wSX9EMdl&amp;show_text=true&amp;width=350\" title=\"Ouvrie le lien\" rel=\"nofollow noopener\" target=\"_blank\">Cliquez ici pour visualiser le contenu<\/a><\/p>\n<p class=\" wall-content\">Quand il sera pr\u00eat \u00e0 l\u2019emploi, \u00ab\u00a0fin octobre\u00a0\u00bb esp\u00e8re J\u00e9r\u00f4me, diverses actions culturelles y seront men\u00e9es.<\/p>\n<blockquote class=\"ac-article-quote wall-content\">\n<p>\u00ab\u00a0On veut favoriser l\u2019acc\u00e8s \u00e0 la culture pour les habitants du territoire. On va r\u00e9fl\u00e9chir \u00e0 des propositions de respiration culturelle, d\u2019inclusion de toutes les populations comme des mini concerts, des ateliers et expositions intimistes.\u00a0\u00bb<\/p>\n<p>Fatima Beghdadi\u00a0<\/p><\/blockquote>\n<p class=\" wall-content\">Un enthousiasme contagieux puisque la Ville et la MEL (g\u00e9rante du parc) ont accept\u00e9 de laisser <b>200 m\u00b2 \u00e0 disposition de l\u2019association<\/b>. \u00ab\u00a0On n\u2019avait pas beaucoup d\u2019associations culturelles sur la commune donc on s\u2019est dit que ce serait bien qu\u2019on ait cette possibilit\u00e9 de donner \u00e0 nos habitants une facilit\u00e9 d\u2019acc\u00e9der \u00e0 la culture. On a trouv\u00e9 le projet important pour apporter la culture au plus pr\u00e8s des habitants\u00a0\u00bb, se r\u00e9jouit l\u2019adjointe au maire.<\/p>\n<p>    <img   decoding=\"async\" loading=\"lazy\" class=\"size-large\" src=\"https:\/\/www.europesays.com\/fr\/wp-content\/uploads\/2026\/08\/eb919136a19a610a19136a19af3a19v-960x640.jpeg\" alt=\"La terrasse prend forme petit \u00e0 petit.\" width=\"960\" height=\"640\"\/><br \/>\n    La terrasse prend forme petit \u00e0 petit. \u00a9Photo fournie \u00e0 Lille actu<\/p>\n<p class=\" wall-content\">De son c\u00f4t\u00e9, Artistes en sc\u00e8ne affirme vouloir \u00ab\u00a0d\u00e9velopper des liens directs avec les habitants, les \u00e9coles du territoire et les institutions m\u00e9dicosociales (MAS, IME, EHPAD, foyers de vie) pour proposer des ateliers artistiques, des animations nature, des projets interg\u00e9n\u00e9rationnels et des actions inclusives.\u00a0\u00bb<\/p>\n<p class=\" wall-content\">L\u2019asso esp\u00e8re donc organiser bien plus que trois expositions par an comme c\u2019\u00e9tait le cas jusqu\u2019\u00e0 pr\u00e9sent. Et pour attirer le public, une pergola avec buvette est pr\u00e9vue.\u00a0<\/p>\n<p>Une cagnotte et des adh\u00e9sions obligatoires face au d\u00e9fi financier<\/p>\n<p class=\" wall-content\">Si la convention d\u2019occupation n\u2019exige pas \u00e0 l\u2019association de verser une somme d\u2019argent \u00e0 la MEL ou \u00e0 la Ville, les travaux \u00e0 mener restent co\u00fbteux.\u00a0<\/p>\n<p class=\" wall-content\">Les b\u00e9n\u00e9voles ont donc lanc\u00e9 <a href=\"https:\/\/www.helloasso.com\/associations\/artistes-scene\/collectes\/lartibus-le-bus-culturel-de-fretin\" rel=\"nofollow noopener\" target=\"_blank\">une cagnotte en ligne<\/a>, dans l\u2019espoir de r\u00e9colter jusqu\u2019\u00e0 6 000 euros. Mais pour le moment, les dons se font d\u00e9sirer\u2026<\/p>\n<p class=\" wall-content\">En parall\u00e8le, ils indiquent que <b>le lieu ne sera accessible qu\u2019aux adh\u00e9rents de l\u2019association<\/b> (5 euros l\u2019adh\u00e9sion annuelle), un peu sur le m\u00eame principe que la p\u00e9niche <a href=\"https:\/\/actu.fr\/hauts-de-france\/lille_59350\/c-est-quoi-le-bus-magique-ce-tiers-lieu-dans-une-peniche-a-lille_56928293.html\" rel=\"nofollow noopener\" target=\"_blank\">Le bus magique<\/a>, \u00e0 Lille.\u00a0<\/p>\n<p>    <img   decoding=\"async\" loading=\"lazy\" class=\"size-large\" src=\"https:\/\/www.europesays.com\/fr\/wp-content\/uploads\/2026\/08\/ead32806a19a6ded32806a19ac2e32v-960x640.jpeg\" alt=\"L'\u00e9tage du bus est tr\u00e8s atypique avec sa verri\u00e8re.\" width=\"960\" height=\"640\"\/><br \/>\n    L\u2019\u00e9tage du bus est tr\u00e8s atypique avec sa verri\u00e8re. \u00a9J\u00e9r\u00f4me Routier<\/p>\n<p class=\" wall-content\">Et si le nombre d\u2019\u00e9v\u00e9nements organis\u00e9s ne va pas doubler du jour au lendemain, une premi\u00e8re initiative sera men\u00e9e \u00e0 Fretin courant septembre. \u00ab\u00a0Avec \u00ab\u00a0les murmures du marais\u00a0\u00bb, on propose aux gens d\u2019\u00e9crire une po\u00e9sie inspir\u00e9e du marais de Fretin et on va les retranscrire sur des ardoises \u00e0 l\u2019automne et faire un trajet artistique dans le marais.\u00a0\u00bb<\/p>\n<p class=\" wall-content\">Il est d\u2019ailleurs possible d\u2019envoyer ses cr\u00e9ations par mail jusqu\u2019au 30 septembre \u00e0 <a href=\"https:\/\/actu.fr\/cdn-cgi\/l\/email-protection\" class=\"__cf_email__\" data-cfemail=\"147566607d67607167717a6777717a71547379757d783a777b79\" rel=\"nofollow noopener\" target=\"_blank\">[email\u00a0protected]<\/a><\/p>\n<p class=\" wall-content\">Le projet est donc bel et bien lanc\u00e9, pour le plus grand plaisir de la pr\u00e9sidente : \u00ab\u00a0On va doucement mais s\u00fbrement.\u00a0\u00bb\u00a0<\/p>\n<p class=\" wall-content\">Personnalisez votre actualit\u00e9 en ajoutant vos villes et m\u00e9dias en favori avec <a href=\"https:\/\/moncompte.actu.fr\" title=\"D\u00e9couvez Mon Actu\" rel=\"nofollow noopener\" data-trk=\"{&quot;cta&quot;:{&quot;action&quot;:&quot;https:\\\/\\\/moncompte.actu.fr&quot;,&quot;category&quot;:&quot;mon compte&quot;,&quot;from&quot;:&quot;article footer&quot;,&quot;name&quot;:&quot;Mon actu&quot;,&quot;type&quot;:&quot;cta&quot;}}\" target=\"_blank\">Mon Actu<\/a>.<\/p>\n","protected":false},"excerpt":{"rendered":"Par Natheo Dillenseger Publi\u00e9 le 29 ao\u00fbt 2026 \u00e0 11h40 \u00ab\u00a0Chantier interdit au public.\u00a0\u00bb Une pancarte rouge, explicite,&hellip;\n","protected":false},"author":2,"featured_media":1155174,"comment_status":"","ping_status":"","sticky":false,"template":"","format":"standard","meta":{"footnotes":"","_share_on_mastodon":"0"},"categories":[2815],"tags":[1111,11,1777,674,1011,27,811,1307,1652,12,25,853],"class_list":["post-1155173","post","type-post","status-publish","format-standard","has-post-thumbnail","category-lille","tag-actu","tag-actualites","tag-eu","tag-europe","tag-fr","tag-france","tag-hauts-de-france","tag-lille","tag-loisirs-culture","tag-news","tag-republique-francaise","tag-spectacles"],"share_on_mastodon":{"url":"https:\/\/pubeurope.com\/@fr\/117178280627659303","error":""},"_links":{"self":[{"href":"https:\/\/www.europesays.com\/fr\/wp-json\/wp\/v2\/posts\/1155173","targetHints":{"allow":["GET"]}}],"collection":[{"href":"https:\/\/www.europesays.com\/fr\/wp-json\/wp\/v2\/posts"}],"about":[{"href":"https:\/\/www.europesays.com\/fr\/wp-json\/wp\/v2\/types\/post"}],"author":[{"embeddable":true,"href":"https:\/\/www.europesays.com\/fr\/wp-json\/wp\/v2\/users\/2"}],"replies":[{"embeddable":true,"href":"https:\/\/www.europesays.com\/fr\/wp-json\/wp\/v2\/comments?post=1155173"}],"version-history":[{"count":0,"href":"https:\/\/www.europesays.com\/fr\/wp-json\/wp\/v2\/posts\/1155173\/revisions"}],"wp:featuredmedia":[{"embeddable":true,"href":"https:\/\/www.europesays.com\/fr\/wp-json\/wp\/v2\/media\/1155174"}],"wp:attachment":[{"href":"https:\/\/www.europesays.com\/fr\/wp-json\/wp\/v2\/media?parent=1155173"}],"wp:term":[{"taxonomy":"category","embeddable":true,"href":"https:\/\/www.europesays.com\/fr\/wp-json\/wp\/v2\/categories?post=1155173"},{"taxonomy":"post_tag","embeddable":true,"href":"https:\/\/www.europesays.com\/fr\/wp-json\/wp\/v2\/tags?post=1155173"}],"curies":[{"name":"wp","href":"https:\/\/api.w.org\/{rel}","templated":true}]}}