{"id":115523,"date":"2025-05-20T23:43:13","date_gmt":"2025-05-20T23:43:13","guid":{"rendered":"https:\/\/www.europesays.com\/fr\/115523\/"},"modified":"2025-05-20T23:43:13","modified_gmt":"2025-05-20T23:43:13","slug":"zarco-espere-que-sa-victoire-va-aider-les-negociations-avec-honda","status":"publish","type":"post","link":"https:\/\/www.europesays.com\/fr\/115523\/","title":{"rendered":"Zarco esp\u00e8re que sa victoire va aider les n\u00e9gociations avec Honda"},"content":{"rendered":"<p><a href=\"https:\/\/fr.motorsport.com\/driver\/johann-zarco\/96107\/\" target=\"_blank\" rel=\"noopener\">Johann Zarco<\/a> ne cache pas lui-m\u00eame que sa victoire au GP de France intervient au bon moment. Sous contrat jusqu&rsquo;\u00e0 cette ann\u00e9e, il s&rsquo;est lanc\u00e9 dans des discussions avec Honda afin de prolonger leur entente. Et le Fran\u00e7ais fait valoir un souhait, celui de rejoindre l&rsquo;\u00e9quipe d&rsquo;usine o\u00f9 la place occup\u00e9e par <a href=\"https:\/\/fr.motorsport.com\/driver\/luca-marini\/201098\/\" target=\"_blank\" rel=\"noopener\">Luca Marini<\/a> a des chances de se lib\u00e9rer.<\/p>\n<p>Interrog\u00e9 \u00e0 sa descente du podium, dimanche, pour savoir si ce succ\u00e8s pouvait l&rsquo;aider \u00e0 int\u00e9grer l&rsquo;\u00e9quipe officielle Honda la saison prochaine, celui qui court actuellement sous les couleurs de LCR ne s&rsquo;est pas d\u00e9fil\u00e9. \u00ab\u00a0Peut-\u00eatre\u00a0!\u00a0\u00bb, a-t-il admis.<\/p>\n<p>\u00ab\u00a0Les discussions avec Honda sont tr\u00e8s, tr\u00e8s bonnes. Elles l&rsquo;\u00e9taient avant m\u00eame la victoire parce qu&rsquo;on est tr\u00e8s contents du travail que je fais, des sensations que j&rsquo;ai avec eux, avec l&rsquo;\u00e9quipe, de la mani\u00e8re dont on travaille. Donc je sais que je vais rester avec Honda\u00a0\u00bb, a-t-il assur\u00e9, \u00ab\u00a0il faut juste qu&rsquo;on d\u00e9cide o\u00f9, j&rsquo;attends de savoir ce que Honda veut vraiment.\u00a0\u00bb<\/p>\n<p>Lire aussi :<\/p>\n<p>Arriv\u00e9 chez LCR l&rsquo;an dernier apr\u00e8s avoir quitt\u00e9 le groupe Ducati, Zarco a vite trouv\u00e9 une place centrale dans l&rsquo;ensemble du dispositif Honda. Il met son exp\u00e9rience au profit du d\u00e9veloppement, avec un retour d&rsquo;informations salu\u00e9 par tous. C&rsquo;est lui aussi qui a obtenu les meilleurs r\u00e9sultats pour la marque l&rsquo;an dernier, ainsi qu&rsquo;en ce d\u00e9but de saison, et ce avant m\u00eame de d\u00e9crocher ce qui est la premi\u00e8re victoire d&rsquo;une RC213V depuis deux ans.<\/p>\n<p>\u00ab\u00a0Ce qui est beau c&rsquo;est de le faire l\u00e0, avec Honda. Ce sont des conditions particuli\u00e8res mais au moins j&rsquo;ai assur\u00e9 le job. \u00catre aussi un des vainqueurs pour la marque Honda, \u00e7a a de la gueule\u00a0\u00bb,\u00a0observait-il dimanche.<\/p>\n<p>Alors que son patron d&rsquo;\u00e9quipe actuel, Lucio Cecchinello, avouait en d\u00e9but de week-end <a href=\"https:\/\/fr.motorsport.com\/motogp\/news\/cecchinello-zarco-pas-interet-rejoindre-honda\/10721213\/\" target=\"_self\" rel=\"noopener\">ne pas voir l&rsquo;int\u00e9r\u00eat d&rsquo;un transfert<\/a> compte tenu des liens entre LCR et l&rsquo;usine, Johann Zarco a pr\u00e9cis\u00e9 : \u00ab\u00a0On parle aussi tr\u00e8s clairement avec Lucio. On a d\u00e9j\u00e0 le soutien total de Honda chez LCR, mais clairement la victoire peut apporter un peu plus alors on verra. Les discussions sont tr\u00e8s positives et maintenant \u00e7a va \u00eatre une question de temps pour savoir o\u00f9 aller.\u00a0\u00bb<\/p>\n<p>   <img decoding=\"async\" draggable=\"false\" src=\"https:\/\/www.europesays.com\/fr\/wp-content\/uploads\/2025\/05\/1747784593_328_johann-zarco-team-lcr-honda.jpg\" alt=\"Johann Zarco court pour le team LCR Honda depuis 2024.\" width=\"1200\" height=\"800\" loading=\"lazy\"\/> <\/p>\n<p class=\"title\">Johann Zarco court pour le team LCR Honda depuis 2024.<\/p>\n<p class=\"photographer\">Photo de: LCR Honda MotoGP Team<\/p>\n<p>En marge du GP d&rsquo;Espagne, Guillaume Valladeau, manager de Johann Zarco, indiquait \u00e0 Canal+ que les discussions avec Honda \u00e9taient entam\u00e9es depuis le Qatar. \u00ab\u00a0Pour l&rsquo;instant, \u00e7a prend la bonne direction\u00a0\u00bb, indiquait-il alors. \u00ab\u00a0Ce qui est important, c&rsquo;est de voir pour les deux prochaines ann\u00e9es surtout, c&rsquo;est notre objectif num\u00e9ro un. Bien s\u00fbr qu&rsquo;on veut continuer avec Honda, et je pense que l&rsquo;int\u00e9r\u00eat est des deux c\u00f4t\u00e9s. Apr\u00e8s, concernant le fait de savoir o\u00f9 on sera, c&rsquo;est une grande question.\u00a0\u00bb<\/p>\n<p>\u00ab\u00a0Je suis tr\u00e8s content pour Johann, c&rsquo;est tellement de travail et de pression aussi\u00a0\u00bb, r\u00e9agissait-il \u00e0 l&rsquo;arriv\u00e9e du GP de France apr\u00e8s cette premi\u00e8re victoire de Zarco pour Honda. \u00ab\u00a0On sait qu&rsquo;on est dans des p\u00e9riodes qui ne sont pas faciles parce qu&rsquo;on doit ren\u00e9gocier. On nous a clairement dit qu&rsquo;on comptait sur Johann. \u00c7a, on nous le dit hier [samedi], et l\u00e0 on concr\u00e9tise avec une course comme \u00e7a, c&rsquo;est fabuleux. C&rsquo;est vraiment m\u00e9rit\u00e9, c&rsquo;est un gar\u00e7on qui m\u00e9rite ce qu&rsquo;il a aujourd&rsquo;hui.\u00a0\u00bb<\/p>\n<p>Si Johann Zarco est bel et bien dans les petits papiers de Honda, les pr\u00e9tendants ne manquent pas pour la place aujourd&rsquo;hui occup\u00e9e par Luca Marini \u2013 qui, contrairement \u00e0 son co\u00e9quipier <a href=\"https:\/\/fr.motorsport.com\/driver\/joan-mir\/289392\/\" target=\"_blank\" rel=\"noopener\">Joan Mir<\/a>, n&rsquo;a pas de contrat pour 2026. Un nouveau nom de taille pourrait d&rsquo;ailleurs bousculer le march\u00e9 des transferts dans les prochaines semaines, celui de <a href=\"https:\/\/fr.motorsport.com\/driver\/jorge-martin\/109391\/\" target=\"_blank\" rel=\"noopener\">Jorge Mart\u00edn<\/a>, qui a fait un saut au Mans pour signifier \u00e0 Aprilia son souhait de faire jouer une clause contractuelle pour partir d\u00e8s la fin de la saison\u2026<\/p>\n<p>Lire aussi :<\/p>\n<p>Dans cet article<\/p>\n<p>    L\u00e9na Buffa\n<\/p>\n<p>    MotoGP\n<\/p>\n<p>    Johann Zarco\n<\/p>\n<p>    Honda HRC\n<\/p>\n<p>    Team LCR\n<\/p>\n<p>Soyez le premier inform\u00e9 et souscrivez aux alertes mails pour recevoir les infos en temps r\u00e9el<\/p>\n<p>    S&rsquo;abonner aux alertes de news<\/p>\n","protected":false},"excerpt":{"rendered":"Johann Zarco ne cache pas lui-m\u00eame que sa victoire au GP de France intervient au bon moment. Sous&hellip;\n","protected":false},"author":2,"featured_media":115524,"comment_status":"","ping_status":"","sticky":false,"template":"","format":"standard","meta":{"footnotes":""},"categories":[1413],"tags":[1011,27,15545,3345,1741,15546,1457,1456,1458,60,3771],"class_list":{"0":"post-115523","1":"post","2":"type-post","3":"status-publish","4":"format-standard","5":"has-post-thumbnail","7":"category-moto","8":"tag-fr","9":"tag-france","10":"tag-gp-de-france","11":"tag-honda-hrc","12":"tag-johann-zarco","13":"tag-le-mans-circuit-bugatti","14":"tag-moto","15":"tag-motocycle","16":"tag-motogp","17":"tag-sports","18":"tag-team-lcr"},"share_on_mastodon":{"url":"https:\/\/pubeurope.com\/@fr\/114542818424238874","error":""},"_links":{"self":[{"href":"https:\/\/www.europesays.com\/fr\/wp-json\/wp\/v2\/posts\/115523","targetHints":{"allow":["GET"]}}],"collection":[{"href":"https:\/\/www.europesays.com\/fr\/wp-json\/wp\/v2\/posts"}],"about":[{"href":"https:\/\/www.europesays.com\/fr\/wp-json\/wp\/v2\/types\/post"}],"author":[{"embeddable":true,"href":"https:\/\/www.europesays.com\/fr\/wp-json\/wp\/v2\/users\/2"}],"replies":[{"embeddable":true,"href":"https:\/\/www.europesays.com\/fr\/wp-json\/wp\/v2\/comments?post=115523"}],"version-history":[{"count":0,"href":"https:\/\/www.europesays.com\/fr\/wp-json\/wp\/v2\/posts\/115523\/revisions"}],"wp:featuredmedia":[{"embeddable":true,"href":"https:\/\/www.europesays.com\/fr\/wp-json\/wp\/v2\/media\/115524"}],"wp:attachment":[{"href":"https:\/\/www.europesays.com\/fr\/wp-json\/wp\/v2\/media?parent=115523"}],"wp:term":[{"taxonomy":"category","embeddable":true,"href":"https:\/\/www.europesays.com\/fr\/wp-json\/wp\/v2\/categories?post=115523"},{"taxonomy":"post_tag","embeddable":true,"href":"https:\/\/www.europesays.com\/fr\/wp-json\/wp\/v2\/tags?post=115523"}],"curies":[{"name":"wp","href":"https:\/\/api.w.org\/{rel}","templated":true}]}}