{"id":1155246,"date":"2026-08-29T11:04:29","date_gmt":"2026-08-29T11:04:29","guid":{"rendered":"https:\/\/www.europesays.com\/fr\/1155246\/"},"modified":"2026-08-29T11:04:29","modified_gmt":"2026-08-29T11:04:29","slug":"chalon-sur-saone-150-personnes-reunies-pour-une-marche-blanche-en-hommage-a-sabrina-caire-victime-dun-feminicide","status":"publish","type":"post","link":"https:\/\/www.europesays.com\/fr\/1155246\/","title":{"rendered":"Chalon-sur-Sa\u00f4ne. 150 personnes r\u00e9unies pour une\u00a0marche blanche en hommage \u00e0 Sabrina Caire, victime d&rsquo;un f\u00e9minicide"},"content":{"rendered":"<p>Les proches de Sabrina lors de la derni\u00e8re prise de parole,\u00a0 place de l&rsquo;h\u00f4tel de ville de Chalon. S\u00e9bastien Caire, le fr\u00e8re de Sabrina, annonce la cr\u00e9ation de l&rsquo;association \u00ab\u00a0Sabrina Caire\u00a0\u00bb qui se mobilisera\u00a0pour la lutte contre les violences faites aux femmes.<\/p>\n<p><strong>10h45 \u00a0:\u00a0<\/strong>Le cort\u00e8ge emprunte la rue du g\u00e9n\u00e9ral Leclerc pour se rendre place de l&rsquo;h\u00f4tel de ville o\u00f9 auront lieu les ultimes prises de parole.<\/p>\n<p><strong>9 h 20 \u00a0:\u00a0<\/strong>Une centaine de personnes \u00e9tait regroup\u00e9e\u00a0devant la Maison des Syndicats \u00e0 quelques minutes du d\u00e9part. Ils\u00a0ont \u00e9t\u00e9 rejoints par de nouveaux participants et ce sont environ 150 personnes qui prennent part \u00e0 cette marche blanche organis\u00e9e ce 29 ao\u00fbt, jour de la Sainte Sabrina.<\/p>\n<p>  &#13;<br \/>\n      <a href=\"https:\/\/cdn-s-www.lejsl.com\/images\/24d67ba4-2a37-41ec-9f25-e8530252df79\/NW_raw\/photo-valerie-monin-1787987076.jpg\" title=\"Photo Val\u00e9rie Monin\" class=\"chocolat-image GA-tracking\" data-ga_type=\"click\" data-ga_category=\"D\u00e9tail\" data-ga_action=\"zoomer\" data-ga_label=\"agrandir image\" rel=\"nofollow noopener\" target=\"_blank\">&#13;<br \/>\n          <img loading=\"lazy\" decoding=\"async\" src=\"https:\/\/www.europesays.com\/fr\/wp-content\/uploads\/2026\/08\/photo-valerie-monin-1787987076.jpg\" data-mobile=\"NW_listC_M|1787987076\" data-base=\"NW_listC|1787987076\" alt=\"Photo Val\u00e9rie Monin\"\/>&#13;<br \/>\n      <\/a>&#13;<br \/>\n              Photo Val\u00e9rie Monin&#13;<\/p>\n<p><strong>9 h 00 \u00a0:\u00a0<\/strong>Gilles Platret vient d&rsquo;arriver. Il discute avec S\u00e9bastien Caire, le fr\u00e8re de Sabrina, qui explique les difficult\u00e9s administratives auxquelles il doit faire face suite au d\u00e9c\u00e8s de sa s\u0153ur. Il \u00e9voque un \u00ab\u00a0parcours du combattant\u00a0\u00bb.<\/p>\n<p><strong>8 h 20 \u00a0:<\/strong>\u00a0Les participants \u00e0 la marche blanche en hommage \u00e0 Sabrina Caire, victime d&rsquo;un <a href=\"https:\/\/www.lejsl.com\/faits-divers-justice\/2026\/07\/09\/une-femme-de-41-ans-tuee-par-arme-a-feu-a-son-domicile\" target=\"_blank\" rel=\"nofollow noopener\">f\u00e9minicide le 9 juillet<\/a> dernier \u00e0 Champforgeuil, commencent \u00e0 se rassembler devant la maison des syndicats \u00e0 Chalon. La marche d\u00e9di\u00e9e \u00ab\u00a0\u00e0 toutes les victimes de violences\u00a0\u00bb et organis\u00e9e par la famille de Sabrina d\u00e9marrera \u00e0 9 heures. Elle fera des haltes place de Beaune et place de l&rsquo;h\u00f4tel de ville pour des prises de parole.<\/p>\n","protected":false},"excerpt":{"rendered":"Les proches de Sabrina lors de la derni\u00e8re prise de parole,\u00a0 place de l&rsquo;h\u00f4tel de ville de Chalon.&hellip;\n","protected":false},"author":2,"featured_media":1155247,"comment_status":"","ping_status":"","sticky":false,"template":"","format":"standard","meta":{"footnotes":"","_share_on_mastodon":"0"},"categories":[4],"tags":[11,11605,271,272,274,3555,107,1011,27,12,25,6003],"class_list":["post-1155246","post","type-post","status-publish","format-standard","has-post-thumbnail","category-france","tag-actualites","tag-chalon-sur-saone","tag-crime","tag-delit-et-contravention","tag-faits-divers-justice","tag-feminicide","tag-fil-info","tag-fr","tag-france","tag-news","tag-republique-francaise","tag-saone-et-loire"],"share_on_mastodon":{"url":"https:\/\/pubeurope.com\/@fr\/117178472379109820","error":""},"_links":{"self":[{"href":"https:\/\/www.europesays.com\/fr\/wp-json\/wp\/v2\/posts\/1155246","targetHints":{"allow":["GET"]}}],"collection":[{"href":"https:\/\/www.europesays.com\/fr\/wp-json\/wp\/v2\/posts"}],"about":[{"href":"https:\/\/www.europesays.com\/fr\/wp-json\/wp\/v2\/types\/post"}],"author":[{"embeddable":true,"href":"https:\/\/www.europesays.com\/fr\/wp-json\/wp\/v2\/users\/2"}],"replies":[{"embeddable":true,"href":"https:\/\/www.europesays.com\/fr\/wp-json\/wp\/v2\/comments?post=1155246"}],"version-history":[{"count":0,"href":"https:\/\/www.europesays.com\/fr\/wp-json\/wp\/v2\/posts\/1155246\/revisions"}],"wp:featuredmedia":[{"embeddable":true,"href":"https:\/\/www.europesays.com\/fr\/wp-json\/wp\/v2\/media\/1155247"}],"wp:attachment":[{"href":"https:\/\/www.europesays.com\/fr\/wp-json\/wp\/v2\/media?parent=1155246"}],"wp:term":[{"taxonomy":"category","embeddable":true,"href":"https:\/\/www.europesays.com\/fr\/wp-json\/wp\/v2\/categories?post=1155246"},{"taxonomy":"post_tag","embeddable":true,"href":"https:\/\/www.europesays.com\/fr\/wp-json\/wp\/v2\/tags?post=1155246"}],"curies":[{"name":"wp","href":"https:\/\/api.w.org\/{rel}","templated":true}]}}