{"id":115527,"date":"2025-05-20T23:45:09","date_gmt":"2025-05-20T23:45:09","guid":{"rendered":"https:\/\/www.europesays.com\/fr\/115527\/"},"modified":"2025-05-20T23:45:09","modified_gmt":"2025-05-20T23:45:09","slug":"cyclisme-durango-durango-1ere-en-pro-pour-isabella-holmgren-evita-muzic-encore-2e","status":"publish","type":"post","link":"https:\/\/www.europesays.com\/fr\/115527\/","title":{"rendered":"Cyclisme. Durango-Durango &#8211; 1\u00e8re en pro pour Isabella Holmgren, Evita Muzic encore 2e"},"content":{"rendered":"<p>\u00c0 seulement 19 ans, la Canadienne <strong>Isabella Holmgren<\/strong> (Lidl-Trek) a d\u00e9croch\u00e9 ce mardi sa toute premi\u00e8re victoire chez les professionnelles, en remportant la <strong><a href=\"https:\/\/www.cyclismactu.net\/..\/news-durango-durango-route-cedrine-kerbaol-vainqueure-devant-evita-muzic-en-espagne-81482.html\" target=\"_blank\" rel=\"noopener\">Durango-Durango Emakumeen Saria<\/a><\/strong>. La jeune prodige a port\u00e9 son attaque d\u00e9cisive \u00e0 10 kilom\u00e8tres de l\u2019arriv\u00e9e, dans la derni\u00e8re ascension de l\u2019Alto de Goiuria. Malgr\u00e9 les efforts d\u2019<strong>\u00c9vita Muzic<\/strong> (FDJ-SUEZ), lanc\u00e9e seule \u00e0 sa poursuite, <strong>Holmgren <\/strong>a r\u00e9sist\u00e9 jusqu\u2019au bout, filant vers la victoire apr\u00e8s une descente technique vers Durango. Comme l&rsquo;an pass\u00e9, <strong>Muzic <\/strong>a pris la deuxi\u00e8me place, tandis que <strong>Thalita de Jong<\/strong> (Human Powered Health) s\u2019est impos\u00e9e au sprint dans le groupe r\u00e9duit pour compl\u00e9ter le podium.<\/p>\n<p>Vid\u00e9o &#8211; Le r\u00e9sum\u00e9 de ce Durango-Durango 2025 Lire la suite de l&rsquo;article&#13;<\/p>\n<p>\u00a0<\/p>\n<p>&#13;<br \/>\nLe r\u00e9sum\u00e9&#13;<\/p>\n<p>La course de 113 kilom\u00e8tres, disput\u00e9e entre deux grandes \u00e9preuves par \u00e9tapes &#8211; l&rsquo;<strong>Itzulia Women<\/strong> et la <strong>Vuelta a Burgos<\/strong> &#8211; proposait un parcours exigeant autour de Durango. Les coureuses ont d\u2019abord affront\u00e9 quatre circuits, avant de se diriger vers un grand tour final comprenant les ascensions d\u2019Arietio (4,3 km \u00e0 4,2 %), de l\u2019Alto de Goiuria (5 km \u00e0 4,7 %) puis une mont\u00e9e finale du m\u00eame col, mais par un autre versant, encore plus exigeant. Le peloton est rest\u00e9 compact lors des premi\u00e8res boucles, bien que des \u00e9chapp\u00e9es aient anim\u00e9 la course, notamment celle d\u2019<strong>Elena Hartmann<\/strong> (Ceratizit Pro Cycling) \u00e0 30 km du d\u00e9part, qui a compt\u00e9 plus d\u2019une minute d\u2019avance avant d\u2019\u00eatre reprise \u00e0 30 km de l\u2019arriv\u00e9e.<\/p>\n<p>&#13;<\/p>\n<p>Mais c\u2019est bien <strong>Holmgren <\/strong>qui a marqu\u00e9 la course de son empreinte. Sur les pentes les plus raides du final, elle a plac\u00e9 une attaque tranchante, creusant un \u00e9cart suffisant pour s\u2019imposer en solitaire avec 8 secondes d\u2019avance sur <strong>Muzic<\/strong>, qui n&rsquo;a pas r\u00e9ussi \u00e0 la suivre, mais qui est tout de m\u00eame parvenu \u00e0 aller prendre la 2e place. Derri\u00e8re <strong>Thalita de Jong<\/strong> (Human Powered Health) s\u2019est impos\u00e9e au sprint dans le groupe r\u00e9duit pour compl\u00e9ter le podium. Pensant avoir gagn\u00e9, la N\u00e9erlandaise a m\u00eame lev\u00e9 les bras \u00e0 l&rsquo;arriv\u00e9e. A noter aussi la belle 4e place de la Fran\u00e7aise <strong>L\u00e9a Curinier<\/strong> (FDJ-Suez).<\/p>\n<p>Durango-Durango Emakumeen Saria &#8211; Classement g\u00e9n\u00e9ral<\/p>\n","protected":false},"excerpt":{"rendered":"\u00c0 seulement 19 ans, la Canadienne Isabella Holmgren (Lidl-Trek) a d\u00e9croch\u00e9 ce mardi sa toute premi\u00e8re victoire chez&hellip;\n","protected":false},"author":2,"featured_media":115528,"comment_status":"","ping_status":"","sticky":false,"template":"","format":"standard","meta":{"footnotes":""},"categories":[1411],"tags":[1154,207,23571,211,1011,27,209,60,210,212,208,213],"class_list":{"0":"post-115527","1":"post","2":"type-post","3":"status-publish","4":"format-standard","5":"has-post-thumbnail","7":"category-cyclisme","8":"tag-cycling","9":"tag-cyclisme","10":"tag-durango-durango","11":"tag-ffc","12":"tag-fr","13":"tag-france","14":"tag-route","15":"tag-sports","16":"tag-tour-de-france","17":"tag-uci","18":"tag-velo","19":"tag-world-tour"},"share_on_mastodon":{"url":"https:\/\/pubeurope.com\/@fr\/114542826193194336","error":""},"_links":{"self":[{"href":"https:\/\/www.europesays.com\/fr\/wp-json\/wp\/v2\/posts\/115527","targetHints":{"allow":["GET"]}}],"collection":[{"href":"https:\/\/www.europesays.com\/fr\/wp-json\/wp\/v2\/posts"}],"about":[{"href":"https:\/\/www.europesays.com\/fr\/wp-json\/wp\/v2\/types\/post"}],"author":[{"embeddable":true,"href":"https:\/\/www.europesays.com\/fr\/wp-json\/wp\/v2\/users\/2"}],"replies":[{"embeddable":true,"href":"https:\/\/www.europesays.com\/fr\/wp-json\/wp\/v2\/comments?post=115527"}],"version-history":[{"count":0,"href":"https:\/\/www.europesays.com\/fr\/wp-json\/wp\/v2\/posts\/115527\/revisions"}],"wp:featuredmedia":[{"embeddable":true,"href":"https:\/\/www.europesays.com\/fr\/wp-json\/wp\/v2\/media\/115528"}],"wp:attachment":[{"href":"https:\/\/www.europesays.com\/fr\/wp-json\/wp\/v2\/media?parent=115527"}],"wp:term":[{"taxonomy":"category","embeddable":true,"href":"https:\/\/www.europesays.com\/fr\/wp-json\/wp\/v2\/categories?post=115527"},{"taxonomy":"post_tag","embeddable":true,"href":"https:\/\/www.europesays.com\/fr\/wp-json\/wp\/v2\/tags?post=115527"}],"curies":[{"name":"wp","href":"https:\/\/api.w.org\/{rel}","templated":true}]}}