{"id":1155270,"date":"2026-08-29T11:20:24","date_gmt":"2026-08-29T11:20:24","guid":{"rendered":"https:\/\/www.europesays.com\/fr\/1155270\/"},"modified":"2026-08-29T11:20:24","modified_gmt":"2026-08-29T11:20:24","slug":"baignade-dans-lisere-a-grenoble-reportee-lopposition-denonce-un-coup-de-communication-qui-tombe-a-leau","status":"publish","type":"post","link":"https:\/\/www.europesays.com\/fr\/1155270\/","title":{"rendered":"Baignade dans l\u2019Is\u00e8re \u00e0 Grenoble report\u00e9e : l&rsquo;opposition d\u00e9nonce un \u00ab\u00a0coup de communication qui tombe \u00e0 l\u2019eau\u00a0\u00bb"},"content":{"rendered":"<p itemprop=\"description\"><strong>Pr\u00e9vue ce dimanche 30 ao\u00fbt, l\u2019exp\u00e9rimentation de baignade dans l\u2019Is\u00e8re est report\u00e9e au 12 septembre. L\u2019opposition d\u00e9nonce un\u00a0\u00ab\u00a0coup de communication qui tombe \u00e0 l\u2019eau\u00a0\u00bb.<\/strong><\/p>\n<p>Le Grand Splash devra attendre.<\/p>\n<p>La baignade dans l\u2019Is\u00e8re pr\u00e9vue ce dimanche 30 ao\u00fbt n\u2019aura finalement pas lieu. Puisque les derni\u00e8res analyses microbiologiques ont r\u00e9v\u00e9l\u00e9 un d\u00e9passement du seuil recommand\u00e9 par l\u2019Agence r\u00e9gionale de sant\u00e9, conduisant la Ville de Grenoble \u00e0 reporter l\u2019\u00e9v\u00e9nement au 12 septembre. Cette nouvelle date resterait elle-m\u00eame conditionn\u00e9e \u00e0 la qualit\u00e9 de l\u2019eau.<\/p>\n<p>\u00ab\u00a0La r\u00e9alit\u00e9 rattrape aujourd\u2019hui la municipalit\u00e9\u00a0\u00bb<\/p>\n<p>Le groupe d&rsquo;opposition R\u00e9concilier Grenoble profite de ce report pour d\u00e9cocher une charge politique contre la maire Laurence Ruffin.<\/p>\n<p>\u00ab\u00a0Apr\u00e8s des semaines de communication autour de ce \u201cGrand Splash\u201d, la r\u00e9alit\u00e9 rattrape aujourd\u2019hui la municipalit\u00e9 : la qualit\u00e9 de l\u2019eau ne permet m\u00eame pas de garantir la tenue de l\u2019\u00e9v\u00e9nement\u00a0\u00bb, attaque le groupe pr\u00e9sid\u00e9 par Cl\u00e9ment Chappet.<\/p>\n<p>L\u2019opposition va jusqu\u2019\u00e0 pr\u00e9senter cette annulation comme \u00ab\u00a0un nouvel \u00e9chec pour Laurence Ruffin\u00a0\u00bb, estimant que la baignade dans l\u2019Is\u00e8re aurait \u00e9t\u00e9 \u00ab\u00a0le seul projet mis en avant par la nouvelle maire\u00a0\u00bb depuis le d\u00e9but de son mandat. Ces appr\u00e9ciations rel\u00e8vent du groupe R\u00e9concilier Grenoble.<\/p>\n<p>Les r\u00e9sultats des analyses r\u00e9clam\u00e9s<\/p>\n<p>Les \u00e9lus indiquent avoir saisi l\u2019Agence r\u00e9gionale de sant\u00e9 afin d\u2019obtenir l\u2019int\u00e9gralit\u00e9 des analyses effectu\u00e9es sur la qualit\u00e9 de l\u2019eau. \u00ab\u00a0Les Grenoblois sont en droit de conna\u00eetre pr\u00e9cis\u00e9ment les donn\u00e9es sanitaires sur lesquelles repose l\u2019organisation, puis le report, de cette baignade\u00a0\u00bb, estiment-ils.<\/p>\n<p>Le groupe r\u00e9clame donc la communication de l\u2019ensemble des r\u00e9sultats, apr\u00e8s avoir d\u00e9j\u00e0 interrog\u00e9 l\u2019ARS sur les conditions sanitaires pr\u00e9vues pour cette exp\u00e9rimentation.<\/p>\n<p>\u00ab\u00a0Plut\u00f4t que de concentrer les moyens de la Ville sur des solutions accessibles quotidiennement aux Grenoblois, la majorit\u00e9 a pr\u00e9f\u00e9r\u00e9 mettre en sc\u00e8ne une baignade ponctuelle dans l\u2019Is\u00e8re\u00a0\u00bb, accuse l\u2019opposition. Et de conclure :\u00a0\u00ab\u00a0Face au r\u00e9chauffement climatique, Grenoble a besoin d\u2019un r\u00e9el plan d\u2019action, et non d\u2019un coup de communication qui tombe \u00e0 l\u2019eau.\u00a0\u00bb<\/p>\n","protected":false},"excerpt":{"rendered":"Pr\u00e9vue ce dimanche 30 ao\u00fbt, l\u2019exp\u00e9rimentation de baignade dans l\u2019Is\u00e8re est report\u00e9e au 12 septembre. L\u2019opposition d\u00e9nonce un\u00a0\u00ab\u00a0coup&hellip;\n","protected":false},"author":2,"featured_media":1155271,"comment_status":"","ping_status":"","sticky":false,"template":"","format":"standard","meta":{"footnotes":"","_share_on_mastodon":"0"},"categories":[9566],"tags":[1111,11,2813,2430,1109,251,1112,2811,1777,674,118,1011,27,21780,2731,14004,1922,1110,1114,108,12,316,25,2812,517,800],"class_list":["post-1155270","post","type-post","status-publish","format-standard","has-post-thumbnail","category-grenoble","tag-actu","tag-actualites","tag-article","tag-auvergne-rhone-alpes","tag-breves","tag-culture","tag-depeches","tag-economique","tag-eu","tag-europe","tag-faits-divers","tag-fr","tag-france","tag-gf38","tag-grenoble","tag-grenoblemag","tag-info","tag-informations","tag-infos","tag-isere","tag-news","tag-politique","tag-republique-francaise","tag-sociale","tag-sport","tag-transports"],"share_on_mastodon":{"url":"https:\/\/pubeurope.com\/@fr\/117178533920319594","error":""},"_links":{"self":[{"href":"https:\/\/www.europesays.com\/fr\/wp-json\/wp\/v2\/posts\/1155270","targetHints":{"allow":["GET"]}}],"collection":[{"href":"https:\/\/www.europesays.com\/fr\/wp-json\/wp\/v2\/posts"}],"about":[{"href":"https:\/\/www.europesays.com\/fr\/wp-json\/wp\/v2\/types\/post"}],"author":[{"embeddable":true,"href":"https:\/\/www.europesays.com\/fr\/wp-json\/wp\/v2\/users\/2"}],"replies":[{"embeddable":true,"href":"https:\/\/www.europesays.com\/fr\/wp-json\/wp\/v2\/comments?post=1155270"}],"version-history":[{"count":0,"href":"https:\/\/www.europesays.com\/fr\/wp-json\/wp\/v2\/posts\/1155270\/revisions"}],"wp:featuredmedia":[{"embeddable":true,"href":"https:\/\/www.europesays.com\/fr\/wp-json\/wp\/v2\/media\/1155271"}],"wp:attachment":[{"href":"https:\/\/www.europesays.com\/fr\/wp-json\/wp\/v2\/media?parent=1155270"}],"wp:term":[{"taxonomy":"category","embeddable":true,"href":"https:\/\/www.europesays.com\/fr\/wp-json\/wp\/v2\/categories?post=1155270"},{"taxonomy":"post_tag","embeddable":true,"href":"https:\/\/www.europesays.com\/fr\/wp-json\/wp\/v2\/tags?post=1155270"}],"curies":[{"name":"wp","href":"https:\/\/api.w.org\/{rel}","templated":true}]}}