{"id":115531,"date":"2025-05-20T23:47:10","date_gmt":"2025-05-20T23:47:10","guid":{"rendered":"https:\/\/www.europesays.com\/fr\/115531\/"},"modified":"2025-05-20T23:47:10","modified_gmt":"2025-05-20T23:47:10","slug":"kim-kardashian-star-planetaire-mais-vraie-victime-plaident-ses-avocats-actualites","status":"publish","type":"post","link":"https:\/\/www.europesays.com\/fr\/115531\/","title":{"rendered":"Kim Kardashian, star plan\u00e9taire mais vraie victime, plaident ses avocats : Actualit\u00e9s"},"content":{"rendered":"<p class=\"lead \">Star plan\u00e9taire certes, mais qui n&rsquo;a rien \u00ab\u00a0cherch\u00e9\u00a0\u00bb du tout, ni m\u00e9rit\u00e9 ce qu&rsquo;il lui est arriv\u00e9 malgr\u00e9 l&rsquo;exposition \u00e0 outrance. Avant les r\u00e9quisitions au proc\u00e8s de son braquage, les avocats de Kim Kardashian ont demand\u00e9 mardi \u00e0 la cour de voir l'\u00a0\u00bbic\u00f4ne\u00a0\u00bb comme une victime ordinaire.<\/p>\n<p class=\"lead \">C&rsquo;est une petite musique que ses conseils entendent depuis le d\u00e9but de l&rsquo;affaire, disent-ils. Depuis cette nuit du 2 au 3 octobre 2016 o\u00f9 la reine des influenceuses aux 356 millions de followers s&rsquo;est fait d\u00e9pouiller en pleine Fashion week parisienne de 9 millions d&rsquo;euros de bijoux dont une \u00e9norme bague qu&rsquo;elle exhibait \u00e0 tout va sur les r\u00e9seaux sociaux.<\/p>\n<p class=\"lead \">Une petite musique qui disait: \u00ab\u00a0elle l&rsquo;a bien cherch\u00e9, elle l&rsquo;a provoqu\u00e9\u00a0\u00bb. Comme on dit aux victimes d&rsquo;agressions sexuelles dont on scrute la tenue, note Me L\u00e9onor Hennerick, l&rsquo;une des avocats de Kim Kardashian. \u00ab\u00a0Naus\u00e9abond\u00a0\u00bb, compl\u00e8te le second, Me Jonathan Mattout.<\/p>\n<p class=\"lead \">La souffrance de la superstar am\u00e9ricaine a \u00e9t\u00e9 \u00ab\u00a0moqu\u00e9e\u00a0\u00bb pendant des ann\u00e9es apr\u00e8s le braquage, \u00ab\u00a0il a fallu attendre ce proc\u00e8s pour que sa parole soit entendue, qu&rsquo;elle soit enfin per\u00e7ue comme une victime\u00a0\u00bb, poursuit Me Hennerick. <\/p>\n<p class=\"lead \">Longuement, les deux avocats d\u00e9crivent \u00e0 nouveau la \u00ab\u00a0terreur\u00a0\u00bb de leur cliente cette nuit o\u00f9 elle n&rsquo;\u00e9tait pas \u00ab\u00a0Kim Kardashian\u00a0\u00bb mais \u00ab\u00a0une femme\u00a0\u00bb face \u00e0 deux hommes entr\u00e9s dans sa chambre en pleine nuit, cagoul\u00e9s et arm\u00e9s. \u00ab\u00a0Elle est seule dans sa chambre d&rsquo;h\u00f4tel, on l&rsquo;agresse dans une langue qu&rsquo;elle ne comprend pas. Ils la poussent, la tra\u00eenent. Elle se demande s&rsquo;ils vont la violer, s&rsquo;ils vont la tuer&#8230; on est loin des followers et des shows\u00a0\u00bb, l\u00e2che Me Hennerick.<\/p>\n<p class=\"lead \">&#8211; \u00ab\u00a0Trop visible\u00a0\u00bb &#8211;<\/p>\n<p class=\"lead \">Et de l&rsquo;autre c\u00f4t\u00e9, sur le banc des accus\u00e9s ? Des hommes \u00e0 qui la presse a donn\u00e9 le surnom \u00ab\u00a0sympathique\u00a0\u00bb et \u00ab\u00a0romanesque\u00a0\u00bb de \u00ab\u00a0papys braqueurs\u00a0\u00bb &#8211; la moyenne d&rsquo;\u00e2ge tourne autour de 70 ans aujourd&rsquo;hui &#8211; s&rsquo;insurge-t-elle, alors qu&rsquo;ils n&rsquo;ont rien d'\u00a0\u00bbamateurs\u00a0\u00bb et n&rsquo;ont offert \u00e0 la cour qu&rsquo;au mieux des \u00ab\u00a0aveux du bout des l\u00e8vres\u00a0\u00bb. <\/p>\n<p class=\"lead \">\u00ab\u00a0Serial menteurs\u00a0\u00bb plut\u00f4t que \u00ab\u00a0papys braqueurs\u00a0\u00bb, avait ironis\u00e9 un autre avocat de partie civile.<\/p>\n<p class=\"lead \">Kim Kardashian est venue t\u00e9moigner de sa \u00ab\u00a0terreur\u00a0\u00bb en personne, au palais de justice la semaine derni\u00e8re, devant la foule des grands jours. Comme un pied de nez sans doute, elle ruisselait de diamants, portant notamment une bague \u00e9trangement similaire au fameux \u00ab\u00a0ring\u00a0\u00bb que les malfrats lui avaient soutir\u00e9, et un collier \u00e0 trois millions de dollars autour du cou. <\/p>\n<p class=\"lead \">Aux accus\u00e9s, malgr\u00e9 les \u00ab\u00a0s\u00e9quelles\u00a0\u00bb toujours pr\u00e9sentes, l&rsquo;impossibilit\u00e9 aujourd&rsquo;hui encore de dormir sans gardes du corps chez elle, elle a accord\u00e9 un \u00ab\u00a0pardon franc et courageux\u00a0\u00bb, rappelle Me Jonathan Mattout. <\/p>\n<p class=\"lead \">Kim Kardashian est \u00ab\u00a0une femme d&rsquo;affaires, forte, accomplie, une star\u00a0\u00bb. Elle est \u00ab\u00a0suivie, \u00e9pi\u00e9e, scrut\u00e9e, c&rsquo;est une b\u00eate curieuse, \u00ab\u00a0presque une ic\u00f4ne, un mythe\u00a0\u00bb. Mais \u00ab\u00a0vous\u00a0\u00bb, dit-il aux magistrats et jur\u00e9s de la cour, \u00ab\u00a0vous l&rsquo;avez vue en chair et en os, vous avez vu cette v\u00e9ritable personne, cette femme que tout le monde veut voir, toucher, qu&rsquo;on a envie d&rsquo;appeler +Kim+, celle qu&rsquo;il est facile de salir, de vilipender en feignant d&rsquo;oublier qu&rsquo;il s&rsquo;agit d&rsquo;un \u00eatre humain, d&rsquo;autant plus facilement qu&rsquo;elle est trop visible\u00a0\u00bb.<\/p>\n<p class=\"lead \">\u00ab\u00a0Il est plus difficile d&rsquo;\u00eatre victime quand on est anonyme et qu&rsquo;on est pauvre\u00a0\u00bb, avait nuanc\u00e9 avant eux Me Henri de Beauregard, l&rsquo;avocat du r\u00e9ceptionniste de l&rsquo;h\u00f4tel forc\u00e9 \u00e0 conduire les malfrats jusqu&rsquo;\u00e0 la chambre de Kim Kardashian. \u00ab\u00a0On n&rsquo;a pas toujours la possibilit\u00e9 d&rsquo;avoir 4-5-6 gardes du corps autour de soi pour dormir mieux\u00a0\u00bb.<\/p>\n<p class=\"lead \">\u00ab\u00a0On dit de la justice qu&rsquo;elle est l\u00e0 pour r\u00e9\u00e9quilibrer\u00a0\u00bb, avait-il conclu. Ce qu&rsquo;il s&rsquo;est pass\u00e9 n&rsquo;\u00e9tait pas \u00ab\u00a0grave parce qu&rsquo;elle \u00e9tait connue\u00a0\u00bb comme on a pu l&rsquo;entendre ici. \u00ab\u00a0En r\u00e9alit\u00e9 c&rsquo;\u00e9tait grave parce que c&rsquo;\u00e9tait grave\u00a0\u00bb.<\/p>\n<p class=\"lead \">Les r\u00e9quisitions auront lieu mercredi matin, verdict vendredi.<\/p>\n<p class=\"small font-weight-bold text-gray3 \"> publi\u00e9 le 20 mai \u00e0 22h25, AFP<\/p>\n<p>                             Partager<\/p>\n","protected":false},"excerpt":{"rendered":"Star plan\u00e9taire certes, mais qui n&rsquo;a rien \u00ab\u00a0cherch\u00e9\u00a0\u00bb du tout, ni m\u00e9rit\u00e9 ce qu&rsquo;il lui est arriv\u00e9 malgr\u00e9&hellip;\n","protected":false},"author":2,"featured_media":115532,"comment_status":"","ping_status":"","sticky":false,"template":"","format":"standard","meta":{"footnotes":""},"categories":[1359],"tags":[1120,1971,2105,58,1769,59,1011,27,2425,973,4780,308,1175],"class_list":{"0":"post-115531","1":"post","2":"type-post","3":"status-publish","4":"format-standard","5":"has-post-thumbnail","7":"category-people","8":"tag-agression","9":"tag-clbrits","10":"tag-distribution","11":"tag-divertissement","12":"tag-enqute","13":"tag-entertainment","14":"tag-fr","15":"tag-france","16":"tag-luxe","17":"tag-people","18":"tag-procs","19":"tag-usa","20":"tag-vol"},"share_on_mastodon":{"url":"https:\/\/pubeurope.com\/@fr\/114542834030884737","error":""},"_links":{"self":[{"href":"https:\/\/www.europesays.com\/fr\/wp-json\/wp\/v2\/posts\/115531","targetHints":{"allow":["GET"]}}],"collection":[{"href":"https:\/\/www.europesays.com\/fr\/wp-json\/wp\/v2\/posts"}],"about":[{"href":"https:\/\/www.europesays.com\/fr\/wp-json\/wp\/v2\/types\/post"}],"author":[{"embeddable":true,"href":"https:\/\/www.europesays.com\/fr\/wp-json\/wp\/v2\/users\/2"}],"replies":[{"embeddable":true,"href":"https:\/\/www.europesays.com\/fr\/wp-json\/wp\/v2\/comments?post=115531"}],"version-history":[{"count":0,"href":"https:\/\/www.europesays.com\/fr\/wp-json\/wp\/v2\/posts\/115531\/revisions"}],"wp:featuredmedia":[{"embeddable":true,"href":"https:\/\/www.europesays.com\/fr\/wp-json\/wp\/v2\/media\/115532"}],"wp:attachment":[{"href":"https:\/\/www.europesays.com\/fr\/wp-json\/wp\/v2\/media?parent=115531"}],"wp:term":[{"taxonomy":"category","embeddable":true,"href":"https:\/\/www.europesays.com\/fr\/wp-json\/wp\/v2\/categories?post=115531"},{"taxonomy":"post_tag","embeddable":true,"href":"https:\/\/www.europesays.com\/fr\/wp-json\/wp\/v2\/tags?post=115531"}],"curies":[{"name":"wp","href":"https:\/\/api.w.org\/{rel}","templated":true}]}}