{"id":1155348,"date":"2026-08-29T12:18:15","date_gmt":"2026-08-29T12:18:15","guid":{"rendered":"https:\/\/www.europesays.com\/fr\/1155348\/"},"modified":"2026-08-29T12:18:15","modified_gmt":"2026-08-29T12:18:15","slug":"celine-dion-en-concert-a-paris-pourquoi-jean-jacques-goldman-a-t-il-refuse-dapparaitre-sur-scene-a-ses-cotes","status":"publish","type":"post","link":"https:\/\/www.europesays.com\/fr\/1155348\/","title":{"rendered":"C\u00e9line Dion en concert \u00e0 Paris : pourquoi Jean-Jacques Goldman a-t-il refus\u00e9 d&rsquo;appara\u00eetre sur sc\u00e8ne \u00e0 ses c\u00f4t\u00e9s ?"},"content":{"rendered":"<p>\n                                                                    l&rsquo;essentiel<br \/>\n                                                                C\u00e9line Dion est arriv\u00e9e \u00e0 Paris pour une s\u00e9rie de 16 concerts \u00e0 la Plenitude Arena de Nanterre, marquant son retour sur sc\u00e8ne apr\u00e8s des ann\u00e9es d&rsquo;absence pour raisons de sant\u00e9. Jean-Jacques Goldman, bien qu&rsquo;invit\u00e9, a d\u00e9clin\u00e9 de la rejoindre sur sc\u00e8ne.\n                            <\/p>\n<p>C\u00e9line Dion est arriv\u00e9e \u00e0 Paris quelques jours avant ses 16 concerts pr\u00e9vus \u00e0 la Plenitude Arena, \u00e0 Nanterre. Apr\u00e8s plusieurs ann\u00e9es loin des grandes sc\u00e8nes en raison de son \u00e9tat de sant\u00e9, la chanteuse canadienne s&rsquo;appr\u00eate \u00e0 retrouver son public fran\u00e7ais.\u00a0<\/p>\n<p class=\"std-elt__inline\">\n        <strong>\u00c0 lire aussi :<\/strong><br \/>\n        <a href=\"https:\/\/www.ladepeche.fr\/2026\/08\/28\/celine-dion-la-chanteuse-vient-datterrir-a-paris-avant-une-serie-de-concerts-qui-debutera-le-samedi-12-septembre-des-centaines-de-fans-lattendent-13526842.php\" rel=\"nofollow noopener\" target=\"_blank\">C\u00e9line Dion : la chanteuse a atterri \u00e0 Paris avant une s\u00e9rie de concerts qui d\u00e9butera le samedi 12 septembre, des centaines de fans l&rsquo;attendent devant son h\u00f4tel<\/a>\n    <\/p>\n<p>Le Parisien a d\u00e9voil\u00e9 les contours de ces concerts, notamment sur la question des invit\u00e9s. Le quotidien r\u00e9v\u00e8le que Jean-Jacques Goldman, \u00e0 l&rsquo;origine des plus grands succ\u00e8s de C\u00e9line Dion, avait \u00e9t\u00e9 invit\u00e9 \u00e0 partager un moment sur sc\u00e8ne avec elle. Invitation que le chanteur pr\u00e9f\u00e9r\u00e9 des Fran\u00e7ais a d\u00e9clin\u00e9e pour une bonne raison. Il \u00ab\u00a0n&rsquo;a certainement aucune envie de voler la vedette \u00e0 son amie avec une apparition surprise\u00a0\u00bb, \u00e9crivent nos confr\u00e8res. Une d\u00e9cision qui correspond aussi \u00e0 sa discr\u00e9tion habituelle puisque Jean-Jacques Goldman n\u2019est plus mont\u00e9 sur sc\u00e8ne depuis 2016.<\/p>\n<blockquote data-class=\"twitter-tweet\">\n<p lang=\"en\" dir=\"ltr\">C\u00e9line Dion showed her fans some love as she arrived at the Hotel Le Royal Monceau in Paris, France, ahead of her series of concerts in the French capital.\\ud83e\\udd0d<\/p>\n<p>\\ud83d\\udcf9: BACKGRID <a href=\"https:\/\/t.co\/4BNTHYrokS\" rel=\"nofollow\">pic.twitter.com\/4BNTHYrokS<\/a><\/p>\n<p>\u2014 Page Six (@PageSix) <a href=\"https:\/\/x.com\/PageSix\/status\/2093356735444783123?ref_src=twsrc%5Etfw\" rel=\"nofollow\">August 28, 2026<\/a><\/p><\/blockquote>\n<p>Un show de deux heures<\/p>\n<p>Apr\u00e8s plusieurs collaborations majeures, notamment sur les albums D\u2019eux et S\u2019il suffisait d\u2019aimer, C\u00e9line Dion et Jean-Jacques Goldman venaient de renouer avec Dansons, un titre \u00e9crit par Goldman et sorti en avril 2026.<\/p>\n<p class=\"std-elt__inline\">\n        <strong>\u00c0 lire aussi :<\/strong><br \/>\n        <a href=\"https:\/\/www.ladepeche.fr\/2026\/04\/17\/celine-dion-ecoutez-dansons-son-nouveau-single-avec-jean-jacques-goldman-en-attendant-ses-concerts-a-paris-13328946.php\" rel=\"nofollow noopener\" target=\"_blank\">C\u00e9line Dion\u00a0: \u00e9coutez \u00ab\u00a0Dansons\u00a0\u00bb, son nouveau single sign\u00e9 Jean-Jacques Goldman en attendant ses concerts \u00e0 Paris<\/a>\n    <\/p>\n<p>Rien n&rsquo;est dit que le titre sera interpr\u00e9t\u00e9 par la chanteuse canadienne ces prochains jours. En revanche, Le Parisien r\u00e9v\u00e8le que chaque show devrait durer deux heures et que la sc\u00e9nographie promet d&rsquo;\u00eatre g\u00e9n\u00e9reuse.<\/p>\n<p>                                                                                <script async src=\"https:\/\/platform.twitter.com\/widgets.js\" charset=\"utf-8\"><\/script><\/p>\n","protected":false},"excerpt":{"rendered":"l&rsquo;essentiel C\u00e9line Dion est arriv\u00e9e \u00e0 Paris pour une s\u00e9rie de 16 concerts \u00e0 la Plenitude Arena de&hellip;\n","protected":false},"author":2,"featured_media":1155349,"comment_status":"","ping_status":"","sticky":false,"template":"","format":"standard","meta":{"footnotes":"","_share_on_mastodon":"0"},"categories":[1355],"tags":[4156,872,58,59,1011,27,1361,873,853],"class_list":["post-1155348","post","type-post","status-publish","format-standard","has-post-thumbnail","category-musique","tag-concerts","tag-culture-et-loisirs","tag-divertissement","tag-entertainment","tag-fr","tag-france","tag-music","tag-musique","tag-spectacles"],"share_on_mastodon":{"url":"https:\/\/pubeurope.com\/@fr\/117178761483089540","error":""},"_links":{"self":[{"href":"https:\/\/www.europesays.com\/fr\/wp-json\/wp\/v2\/posts\/1155348","targetHints":{"allow":["GET"]}}],"collection":[{"href":"https:\/\/www.europesays.com\/fr\/wp-json\/wp\/v2\/posts"}],"about":[{"href":"https:\/\/www.europesays.com\/fr\/wp-json\/wp\/v2\/types\/post"}],"author":[{"embeddable":true,"href":"https:\/\/www.europesays.com\/fr\/wp-json\/wp\/v2\/users\/2"}],"replies":[{"embeddable":true,"href":"https:\/\/www.europesays.com\/fr\/wp-json\/wp\/v2\/comments?post=1155348"}],"version-history":[{"count":0,"href":"https:\/\/www.europesays.com\/fr\/wp-json\/wp\/v2\/posts\/1155348\/revisions"}],"wp:featuredmedia":[{"embeddable":true,"href":"https:\/\/www.europesays.com\/fr\/wp-json\/wp\/v2\/media\/1155349"}],"wp:attachment":[{"href":"https:\/\/www.europesays.com\/fr\/wp-json\/wp\/v2\/media?parent=1155348"}],"wp:term":[{"taxonomy":"category","embeddable":true,"href":"https:\/\/www.europesays.com\/fr\/wp-json\/wp\/v2\/categories?post=1155348"},{"taxonomy":"post_tag","embeddable":true,"href":"https:\/\/www.europesays.com\/fr\/wp-json\/wp\/v2\/tags?post=1155348"}],"curies":[{"name":"wp","href":"https:\/\/api.w.org\/{rel}","templated":true}]}}