{"id":1155392,"date":"2026-08-29T12:48:14","date_gmt":"2026-08-29T12:48:14","guid":{"rendered":"https:\/\/www.europesays.com\/fr\/1155392\/"},"modified":"2026-08-29T12:48:14","modified_gmt":"2026-08-29T12:48:14","slug":"reunir-les-passionnes-de-lecture-a-rennes-une-bouquinerie-cafe-ouvre-ses-portes","status":"publish","type":"post","link":"https:\/\/www.europesays.com\/fr\/1155392\/","title":{"rendered":"\u00ab\u00a0R\u00e9unir les passionn\u00e9s de lecture\u00a0\u00bb : \u00e0 Rennes, une bouquinerie-caf\u00e9 ouvre ses portes"},"content":{"rendered":"<p>                    Par<br \/>\n        <strong><br \/>\n            <a href=\"https:\/\/actu.fr\/auteur\/clemence-pays02-actu-fr\" title=\"Consulter tous les articles de Cl\u00e9mence Pays\" rel=\"nofollow noopener\" target=\"_blank\">Cl\u00e9mence Pays<\/a><br \/>\n                    <\/strong><\/p>\n<p>        Publi\u00e9 le<\/p>\n<p>            29 ao\u00fbt 2026 \u00e0 14h40        <\/p>\n<p>Un bar en fa\u00efence rose, des fauteuils design rose p\u00e2le et beiges et surtout des <strong>\u00e9tag\u00e8res en bois remplies de livres.<\/strong> Dans sa boutique,<strong> St\u00e9phanie Jouin<\/strong> peaufine les derniers \u00e9l\u00e9ments de sa d\u00e9coration et d\u00e9balle encore quelques cartons. Avec son associ\u00e9<strong> Julien D\u00e9niel,<\/strong> il ne leur reste plus que quelques jours avant d\u2019accueillir le public dans leur <strong>bouquinerie-caf\u00e9.<\/strong><\/p>\n<p class=\" wall-content\"><strong>Le Quartier litt\u00e9raire,<\/strong> de son petit nom, ouvrira ses portes <strong>lundi 31\u00a0ao\u00fbt 2026,<\/strong> quai Lamennais, \u00e0 <a href=\"https:\/\/actu.fr\/rennes\/\" rel=\"nofollow noopener\" target=\"_blank\">Rennes<\/a>.<\/p>\n<p>Des livres d\u2019occasion et des boissons chaudes<\/p>\n<p class=\" wall-content\">Avec sa d\u00e9coration moderne, St\u00e9phanie Jouin a souhait\u00e9 <strong>\u00ab\u2009d\u00e9poussi\u00e9rer\u2009\u00bb l\u2019image<\/strong> que l\u2019on peut se faire d\u2019un commerce sp\u00e9cialis\u00e9 dans la vente de<strong> livres d\u2019occasion.<\/strong> En effet, <a href=\"https:\/\/actu.fr\/bretagne\/rennes_35238\/a-rennes-cette-nouvelle-adresse-vend-des-livres-des-2-euros-et-ce-n-est-pas-une-librairie_64138066.html\" rel=\"nofollow noopener\" target=\"_blank\">au Quartier litt\u00e9raire, exit les bouquins neufs, place \u00e0 la seconde main<\/a>.<\/p>\n<p class=\" wall-content\">Dans les biblioth\u00e8ques, les clients vont ainsi pouvoir d\u00e9couvrir des formats Poche et Broch\u00e9, de<strong> \u00ab\u2009tous les genres\u2009\u00bb litt\u00e9raires,<\/strong> avec des r\u00e9f\u00e9rences issues des \u00ab\u2009dix \u00e0 quinze derni\u00e8res ann\u00e9es\u2009\u00bb, \u00e0 <strong>petits prix.<\/strong><\/p>\n<p class=\" wall-content\">En prime, un espace a \u00e9t\u00e9 con\u00e7u pour pr\u00e9parer des<strong> boissons de sp\u00e9cialit\u00e9s<\/strong> inspir\u00e9es des coffee shop. \u00ab\u2009On aura des cappuccinos, des caf\u00e9s latte, du matcha, du th\u00e9 bio\u2026\u2009\u00bb, \u00e9num\u00e8re la passionn\u00e9e de litt\u00e9rature.<\/p>\n<p>\u00ab\u2009R\u00e9unir les passionn\u00e9s de lecture\u2009\u00bb<\/p>\n<p class=\" wall-content\">Rennaises et Rennais pourront donc se rendre au Quartier litt\u00e9raire, pour acheter un livre ou boire un caf\u00e9 (ou les deux). Mais aussi pour participer \u00e0 des <strong>animations<\/strong> et \u00e9changer autour de la lecture, dans un esprit \u00ab\u2009book club\u2009\u00bb.<\/p>\n<p class=\" wall-content\">L\u2019objectif de St\u00e9phanie Jouin est de \u00ab<strong>\u2009r\u00e9unir les passionn\u00e9s de lecture,<\/strong> dans un univers confortable, moderne et color\u00e9\u2009\u00bb.<\/p>\n<p><strong>Infos pratiques\u2009:<\/strong><br \/>Le Quartier litt\u00e9raire, 19, quai Lamennais, Rennes.<br \/>Ouverture exceptionnelle lundi 31\u00a0ao\u00fbt, de 10h \u00e0 19h. Puis, ouvert du mardi au samedi, de 10h \u00e0 19h et le dimanche, de 10h \u00e0 18h.<\/p>\n<p class=\" wall-content\">Personnalisez votre actualit\u00e9 en ajoutant vos villes et m\u00e9dias en favori avec <a href=\"https:\/\/moncompte.actu.fr\" title=\"D\u00e9couvez Mon Actu\" rel=\"nofollow noopener\" data-trk=\"{&quot;cta&quot;:{&quot;action&quot;:&quot;https:\\\/\\\/moncompte.actu.fr&quot;,&quot;category&quot;:&quot;mon compte&quot;,&quot;from&quot;:&quot;article footer&quot;,&quot;name&quot;:&quot;Mon actu&quot;,&quot;type&quot;:&quot;cta&quot;}}\" target=\"_blank\">Mon Actu<\/a>.<\/p>\n","protected":false},"excerpt":{"rendered":"Par Cl\u00e9mence Pays Publi\u00e9 le 29 ao\u00fbt 2026 \u00e0 14h40 Un bar en fa\u00efence rose, des fauteuils design&hellip;\n","protected":false},"author":2,"featured_media":1155393,"comment_status":"","ping_status":"","sticky":false,"template":"","format":"standard","meta":{"footnotes":"","_share_on_mastodon":"0"},"categories":[2821],"tags":[1111,11,829,215,33,1777,674,1011,27,1380,12,3147,584,25],"class_list":["post-1155392","post","type-post","status-publish","format-standard","has-post-thumbnail","category-rennes","tag-actu","tag-actualites","tag-bretagne","tag-commerce","tag-economie","tag-eu","tag-europe","tag-fr","tag-france","tag-livres","tag-news","tag-nouveaux-commerces","tag-rennes","tag-republique-francaise"],"share_on_mastodon":{"url":"https:\/\/pubeurope.com\/@fr\/117178879846044553","error":""},"_links":{"self":[{"href":"https:\/\/www.europesays.com\/fr\/wp-json\/wp\/v2\/posts\/1155392","targetHints":{"allow":["GET"]}}],"collection":[{"href":"https:\/\/www.europesays.com\/fr\/wp-json\/wp\/v2\/posts"}],"about":[{"href":"https:\/\/www.europesays.com\/fr\/wp-json\/wp\/v2\/types\/post"}],"author":[{"embeddable":true,"href":"https:\/\/www.europesays.com\/fr\/wp-json\/wp\/v2\/users\/2"}],"replies":[{"embeddable":true,"href":"https:\/\/www.europesays.com\/fr\/wp-json\/wp\/v2\/comments?post=1155392"}],"version-history":[{"count":0,"href":"https:\/\/www.europesays.com\/fr\/wp-json\/wp\/v2\/posts\/1155392\/revisions"}],"wp:featuredmedia":[{"embeddable":true,"href":"https:\/\/www.europesays.com\/fr\/wp-json\/wp\/v2\/media\/1155393"}],"wp:attachment":[{"href":"https:\/\/www.europesays.com\/fr\/wp-json\/wp\/v2\/media?parent=1155392"}],"wp:term":[{"taxonomy":"category","embeddable":true,"href":"https:\/\/www.europesays.com\/fr\/wp-json\/wp\/v2\/categories?post=1155392"},{"taxonomy":"post_tag","embeddable":true,"href":"https:\/\/www.europesays.com\/fr\/wp-json\/wp\/v2\/tags?post=1155392"}],"curies":[{"name":"wp","href":"https:\/\/api.w.org\/{rel}","templated":true}]}}