{"id":115544,"date":"2025-05-20T23:55:08","date_gmt":"2025-05-20T23:55:08","guid":{"rendered":"https:\/\/www.europesays.com\/fr\/115544\/"},"modified":"2025-05-20T23:55:08","modified_gmt":"2025-05-20T23:55:08","slug":"joe-dassin-44-ans-apres-sa-mort-son-fils-jonathan-leve-le-voile-sur-les-causes-de-son-deces","status":"publish","type":"post","link":"https:\/\/www.europesays.com\/fr\/115544\/","title":{"rendered":"Joe Dassin : 44 ans apr\u00e8s sa mort, son fils Jonathan l\u00e8ve le voile sur les causes de son d\u00e9c\u00e8s"},"content":{"rendered":"<p>C\u2019est son coeur qui a l\u00e2ch\u00e9 et pas la pr\u00e9sum\u00e9e consommation de stup\u00e9fiants. Le 20 ao\u00fbt 1980, la France perd l\u2019une de ses figures et l\u2019un des plus grands chanteurs fran\u00e7ais en la personne de <a href=\"https:\/\/www.public.fr\/10-000-euros-par-mois-joe-dassin-lenorme-revenu-mensuel-de-ses-enfants-revele\" rel=\"nofollow noopener\" target=\"_blank\">Joe Dassin<\/a>. L\u2019interpr\u00e8te de <strong>\u00ab\u00a0L\u2019\u00c9t\u00e9 Indien\u00a0\u00bb<\/strong> perdant la vie des suites d&rsquo;un\u00a0infarctus du myocarde\u00a0\u00e0 Papeete (Tahiti).<\/p>\n<p>Mais certaines rumeurs laissent penser depuis plusieurs ann\u00e9es, qu\u2019une pr\u00e9sum\u00e9e consommation de stup\u00e9fiants aurait entrain\u00e9 sa disparition. Invit\u00e9 du Buzz TV du Figaro ce mardi 20 mai 2025, <a href=\"https:\/\/www.public.fr\/diaporamas\/joe-dassin-mort-dune-overdose-ces-horreurs-entendues-par-son-fils-et-lancees-par-des-chanteurs-proches-son-pere\" rel=\"nofollow noopener\" target=\"_blank\">son fils, Jonathan<\/a>, a souhait\u00e9 clarifier la situation \u00e0 ce sujet.<\/p>\n<p>Jonathan Dassin clarifie la situation sur le d\u00e9c\u00e8s de son p\u00e8re<\/p>\n<p>\u00ab\u00a0Vous savez, votre m\u00e8re vous a racont\u00e9 comment votre p\u00e8re g\u00e9rait cette c\u00e9l\u00e9brit\u00e9, qui n&rsquo;est pas \u00e9vidente. On sait qu&rsquo;il y a des tentations, que \u00e7a peut vite d\u00e9raper\u00a0\u00bb, a rappel\u00e9 dans un premier temps Nicolas Vollaire.<\/p>\n<p>\u00c0 quoi le fils de <a href=\"https:\/\/vsd.fr\/35358-joe-dassin-responsable-de-la-decheance-dune-star-des-annees-70\/\" rel=\"nofollow noopener\" target=\"_blank\">Joe Dassin <\/a>a r\u00e9pondu, et a reconnu : \u00ab\u00a0Certainement, j&rsquo;imagine que ce n&rsquo;\u00e9tait pas un pr\u00eatre. Apr\u00e8s, comme j&rsquo;ai l&rsquo;habitude de dire, je n&rsquo;\u00e9tais pas l\u00e0 pour regarder ce qui se passait. Il y a des choses qui se sont dit. D&rsquo;apr\u00e8s moi, comme beaucoup d&rsquo;artistes, il a profit\u00e9 de la vie\u00a0\u00bb.<\/p>\n<p>Sa fa\u00e7on de \u00ab\u00a0profiter de la vie\u00a0\u00bb a entrain\u00e9 de nombreuses rumeurs. N\u00e9anmoins, Jonathan Dassin l\u2019assure, <strong>\u00ab\u00a0ce qui l&rsquo;a tu\u00e9\u00a0\u00bb, et il a tenu \u00ab\u00a0vraiment \u00e0 insister l\u00e0-dessus parce qu&rsquo;\u00e9videmment, il y a des rumeurs\u00a0\u00bb, \u00ab\u00a0c\u2019est bien son c\u0153ur\u00a0\u00bb.<\/strong>\u00a0<\/p>\n<p>\u00ab\u00a0<strong>Il est n\u00e9 avec un c\u0153ur fragile<\/strong>. Il a eu plusieurs alertes. Il a eu plusieurs alertes et il est mort alors qu&rsquo;il pensait que la vie lui ouvrait les bras\u00a0\u00bb, a-t-il confirm\u00e9. Malgr\u00e9 ces nouvelles r\u00e9v\u00e9lations, Nicolas Vollaire a insist\u00e9 et a rench\u00e9ri : \u00ab\u00a0Et il n&rsquo;y avait rien \u00e0 voir avec quelque soit de consommation de stup\u00e9fiants, d&rsquo;alcool ou quoi que ce soit ?\u00a0\u00bb. \u00ab\u00a0Rien \u00e0 voir avec quelconque consommation de stup\u00e9fiant\u00a0\u00bb, a alors confirm\u00e9 l\u2019artiste \u00e2g\u00e9 de 46 ans.\u00a0<\/p>\n<p>Sa ressemblance vocale et physique avec Joe Dassin<\/p>\n<p>En plus d\u2019\u00e9voquer les causes du d\u00e9c\u00e8s de Joe Dassin, son fils a \u00e9galement accept\u00e9 d\u2019\u00e9voquer sa ressemblance physique avec son p\u00e8re. Mais pas que. En effet, beaucoup estiment que le p\u00e8re et le fils se ressemblent \u00e9galement par leur timbre de voix.<\/p>\n<p>\u00ab\u00a0Avec le temps, de plus en plus, surtout maintenant\u00a0\u00bb, reconna\u00eet Jonathan Dassin. Avant de poursuivre : \u00ab\u00a0Quand j\u2019\u00e9tais jeune, je voulais chanter diff\u00e9remment, dans une autre tessiture, pour justement ne pas trop lui ressembler. Et je chante beaucoup mieux depuis que j\u2019ai assum\u00e9 cette ressemblance vocale\u00a0! Dans cette famille, on a cette voix. Mon grand-p\u00e8re l\u2019avait, mon p\u00e8re l\u2019avait, et j\u2019en ai h\u00e9rit\u00e9 aussi\u00a0\u00bb. Reste \u00e0 savoir si les enfants auront la m\u00eame voix que Joe Dassin et le fils de celui-ci.\u00a0<\/p>\n<p>      Mentionn\u00e9s dans cet article<\/p>\n<p>\u00c0 lire aussi<\/p>\n","protected":false},"excerpt":{"rendered":"C\u2019est son coeur qui a l\u00e2ch\u00e9 et pas la pr\u00e9sum\u00e9e consommation de stup\u00e9fiants. Le 20 ao\u00fbt 1980, la&hellip;\n","protected":false},"author":2,"featured_media":115545,"comment_status":"","ping_status":"","sticky":false,"template":"","format":"standard","meta":{"footnotes":""},"categories":[8],"tags":[58,59,1011,27,23574],"class_list":{"0":"post-115544","1":"post","2":"type-post","3":"status-publish","4":"format-standard","5":"has-post-thumbnail","7":"category-divertissement","8":"tag-divertissement","9":"tag-entertainment","10":"tag-fr","11":"tag-france","12":"tag-joe-dassin"},"share_on_mastodon":{"url":"https:\/\/pubeurope.com\/@fr\/114542865484827964","error":""},"_links":{"self":[{"href":"https:\/\/www.europesays.com\/fr\/wp-json\/wp\/v2\/posts\/115544","targetHints":{"allow":["GET"]}}],"collection":[{"href":"https:\/\/www.europesays.com\/fr\/wp-json\/wp\/v2\/posts"}],"about":[{"href":"https:\/\/www.europesays.com\/fr\/wp-json\/wp\/v2\/types\/post"}],"author":[{"embeddable":true,"href":"https:\/\/www.europesays.com\/fr\/wp-json\/wp\/v2\/users\/2"}],"replies":[{"embeddable":true,"href":"https:\/\/www.europesays.com\/fr\/wp-json\/wp\/v2\/comments?post=115544"}],"version-history":[{"count":0,"href":"https:\/\/www.europesays.com\/fr\/wp-json\/wp\/v2\/posts\/115544\/revisions"}],"wp:featuredmedia":[{"embeddable":true,"href":"https:\/\/www.europesays.com\/fr\/wp-json\/wp\/v2\/media\/115545"}],"wp:attachment":[{"href":"https:\/\/www.europesays.com\/fr\/wp-json\/wp\/v2\/media?parent=115544"}],"wp:term":[{"taxonomy":"category","embeddable":true,"href":"https:\/\/www.europesays.com\/fr\/wp-json\/wp\/v2\/categories?post=115544"},{"taxonomy":"post_tag","embeddable":true,"href":"https:\/\/www.europesays.com\/fr\/wp-json\/wp\/v2\/tags?post=115544"}],"curies":[{"name":"wp","href":"https:\/\/api.w.org\/{rel}","templated":true}]}}