{"id":1155444,"date":"2026-08-29T13:27:32","date_gmt":"2026-08-29T13:27:32","guid":{"rendered":"https:\/\/www.europesays.com\/fr\/1155444\/"},"modified":"2026-08-29T13:27:32","modified_gmt":"2026-08-29T13:27:32","slug":"en-2000-la-france-a-vendu-un-porte-avions-de-265-metres-au-bresil-avec-une-surprise-23-ans-plus-tard-ils-nont-eu-dautre-choix-que-de-le-couler-2","status":"publish","type":"post","link":"https:\/\/www.europesays.com\/fr\/1155444\/","title":{"rendered":"En 2000, la France a vendu un porte-avions de 265 m\u00e8tres au Br\u00e9sil avec une \u00ab surprise \u00bb. 23 ans plus tard, ils n&rsquo;ont eu d&rsquo;autre choix que de le couler"},"content":{"rendered":"<p>\u00c0 350 km des c\u00f4tes br\u00e9siliennes repose le porte-avions Foch,<br \/>\navec ses tonnes d&rsquo;amiante. Fiert\u00e9 de la Marine fran\u00e7aise pendant 37<br \/>\nans, ce b\u00e2timent de 265 m\u00e8tres g\u00eet par 5 000 m\u00e8tres de fond depuis<br \/>\nle 3 f\u00e9vrier 2023. La France l&rsquo;avait vendu au Br\u00e9sil dans les<br \/>\nann\u00e9es 2000 pour 12 millions de dollars. La d\u00e9contamination n&rsquo;avait<br \/>\npourtant jamais \u00e9t\u00e9 achev\u00e9e. Faute de solution, la Marine<br \/>\nbr\u00e9silienne l&rsquo;a fait couler.<\/p>\n<p>Du porte-avions Foch au S\u00e3o Paulo, une vente \u00e0 12 millions de<br \/>\ndollars<\/p>\n<p>Mis en service en 1963, le Foch a navigu\u00e9 37 ans pour la Marine<br \/>\nfran\u00e7aise. Il pouvait embarquer 2 000 hommes et une quarantaine<br \/>\nd&rsquo;a\u00e9ronefs. Des essais nucl\u00e9aires fran\u00e7ais dans le Pacifique aux<br \/>\nop\u00e9rations au Liban et dans les Balkans, le b\u00e2timent a particip\u00e9<br \/>\naux grandes missions de la flotte. Le <a href=\"https:\/\/www.science-et-vie.com\/societe\/la-france-redeploie-son-unique-porte-avions-nucleaire-vers-le-moyen-orient-229117.html\" rel=\"nofollow noopener\" target=\"_blank\"><br \/>\nCharles de Gaulle<\/a> l&rsquo;a alors remplac\u00e9 \u00e0 la fin des ann\u00e9es<br \/>\n1990.<\/p>\n<p>En 2000, le Br\u00e9sil a achet\u00e9 le navire pour 12 millions de<br \/>\ndollars et l&rsquo;a rebaptis\u00e9 S\u00e3o Paulo. La Marine br\u00e9silienne en<br \/>\nattendait des ann\u00e9es de service. La France avait n\u00e9anmoins<br \/>\nentrepris de retirer les mati\u00e8res dangereuses avant la vente sans<br \/>\nachever le chantier. Peintures aux m\u00e9taux lourds, PCB et autres<br \/>\ncompos\u00e9s toxiques sont rest\u00e9s dans la structure du navire.<\/p>\n<p>Sous pavillon br\u00e9silien, le porte-avions Foch n&rsquo;a presque jamais<br \/>\nnavigu\u00e9. Plusieurs incendies l&rsquo;ont endommag\u00e9, dont un grave en<br \/>\n2005. Les pi\u00e8ces de rechange manquaient aussi. Le b\u00e2timent ne<br \/>\ntenait pas plus de trois mois en mer sans retourner au chantier. Le<br \/>\nBr\u00e9sil a de plus envisag\u00e9 une modernisation avant de l&rsquo;abandonner<br \/>\npour des raisons de co\u00fbt. Le pays l&rsquo;a retir\u00e9 du service en 2017 et<br \/>\nd\u00e9sarm\u00e9 en 2018.<\/p>\n<p><img decoding=\"async\" src=\"https:\/\/www.europesays.com\/fr\/wp-content\/uploads\/2026\/08\/1786889416_71_hqdefault.jpg\" width=\"100%\" height=\"auto\"\/><\/p>\n<p>Deux travers\u00e9es de l&rsquo;Atlantique et aucun port d&rsquo;accueil<\/p>\n<p>En 2021, une entreprise turque a achet\u00e9 le S\u00e3o Paulo pour 1,9<br \/>\nmillion de dollars afin de le d\u00e9monter \u00e0 Aliaga. Le navire a quitt\u00e9<br \/>\nRio en ao\u00fbt 2022. Mais \u00e0 l&rsquo;approche du <a href=\"https:\/\/www.science-et-vie.com\/science-et-culture\/dans-la-baie-de-gibraltar-134-epaves-resurgissent-des-profondeurs-pour-raconter-2500-ans-dhistoire-237107.html\" rel=\"nofollow noopener\" target=\"_blank\"><br \/>\nd\u00e9troit de Gibraltar<\/a>, Ankara a retir\u00e9 le permis d&rsquo;importation.<br \/>\nDes ONG avaient par ailleurs contest\u00e9 l&rsquo;inventaire des substances<br \/>\ndangereuses. Le porte-avions Foch a fait demi-tour et retravers\u00e9<br \/>\nl&rsquo;Atlantique.<\/p>\n<p>\u00c0 son retour, le Br\u00e9sil a refus\u00e9 l&rsquo;entr\u00e9e au port. Pendant des<br \/>\nmois, le S\u00e3o Paulo est rest\u00e9 au large et sa coque se d\u00e9t\u00e9riorait.<br \/>\nLa Marine a alors mis en garde contre un naufrage incontr\u00f4l\u00e9 ou un<br \/>\ndanger pour la navigation. Un porte-avions vendu vingt ans plus t\u00f4t<br \/>\nd\u00e9rivait entre deux continents sans qu&rsquo;aucun pays n&rsquo;accepte de s&rsquo;en<br \/>\noccuper.<\/p>\n<p>L&rsquo;amiante du porte-avions Foch repose<br \/>\nau fond de l&rsquo;Atlantique<\/p>\n<p>Le 3 f\u00e9vrier 2023, des charges explosives ont ouvert la coque du<br \/>\nS\u00e3o Paulo \u00e0 350 km de la c\u00f4te. Selon <a href=\"https:\/\/www.navalnews.com\/naval-news\/2023\/02\/brazil-sinks-ex-sao-paulo-aircraft-carrier-in-the-atlantic\/\" target=\"_blank\" rel=\"nofollow noopener\">Naval News<\/a>, la Marine a qualifi\u00e9<br \/>\nl&rsquo;op\u00e9ration de \u00ab sabordage planifi\u00e9 et contr\u00f4l\u00e9 \u00bb. Le navire a<br \/>\ncoul\u00e9 par 5 000 m\u00e8tres de fond. Le gouvernement br\u00e9silien et<br \/>\nl&rsquo;Ibama avaient tent\u00e9 de bloquer l&rsquo;op\u00e9ration, mais un juge f\u00e9d\u00e9ral<br \/>\na rejet\u00e9 leur demande.<\/p>\n<p>Personne ne s&rsquo;est accord\u00e9 sur la quantit\u00e9 de mat\u00e9riaux toxiques<br \/>\n\u00e0 bord. Les autorit\u00e9s br\u00e9siliennes avan\u00e7aient 9,6 tonnes d&rsquo;amiante<br \/>\net des centaines de tonnes de peintures dangereuses. Les ONG<br \/>\nestimaient toutefois les chiffres bien sup\u00e9rieurs et alertaient sur<br \/>\nla pr\u00e9sence de PCB, de cadmium et de mercure. Le Basel Action<br \/>\nNetwork a aussi qualifi\u00e9 le sabordage de \u00ab d\u00e9sastre environnemental<br \/>\n\u00bb. Vingt-trois ans apr\u00e8s la vente, les mat\u00e9riaux toxiques du Foch<br \/>\ngisent toujours \u00e0 cette profondeur sans que personne ne les ait<br \/>\nretir\u00e9s.<\/p>\n","protected":false},"excerpt":{"rendered":"\u00c0 350 km des c\u00f4tes br\u00e9siliennes repose le porte-avions Foch, avec ses tonnes d&rsquo;amiante. Fiert\u00e9 de la Marine&hellip;\n","protected":false},"author":2,"featured_media":1155445,"comment_status":"","ping_status":"","sticky":false,"template":"","format":"standard","meta":{"footnotes":"","_share_on_mastodon":"0"},"categories":[1586],"tags":[11,118196,1777,674,1779,1011,27,12,25,6055,1778,364,729],"class_list":["post-1155444","post","type-post","status-publish","format-standard","has-post-thumbnail","category-europe","tag-actualites","tag-discover","tag-eu","tag-europe","tag-european-union","tag-fr","tag-france","tag-news","tag-republique-francaise","tag-republishing","tag-ue","tag-union-europeenne","tag-yout_video"],"share_on_mastodon":{"url":"https:\/\/pubeurope.com\/@fr\/117179034632248067","error":""},"_links":{"self":[{"href":"https:\/\/www.europesays.com\/fr\/wp-json\/wp\/v2\/posts\/1155444","targetHints":{"allow":["GET"]}}],"collection":[{"href":"https:\/\/www.europesays.com\/fr\/wp-json\/wp\/v2\/posts"}],"about":[{"href":"https:\/\/www.europesays.com\/fr\/wp-json\/wp\/v2\/types\/post"}],"author":[{"embeddable":true,"href":"https:\/\/www.europesays.com\/fr\/wp-json\/wp\/v2\/users\/2"}],"replies":[{"embeddable":true,"href":"https:\/\/www.europesays.com\/fr\/wp-json\/wp\/v2\/comments?post=1155444"}],"version-history":[{"count":0,"href":"https:\/\/www.europesays.com\/fr\/wp-json\/wp\/v2\/posts\/1155444\/revisions"}],"wp:featuredmedia":[{"embeddable":true,"href":"https:\/\/www.europesays.com\/fr\/wp-json\/wp\/v2\/media\/1155445"}],"wp:attachment":[{"href":"https:\/\/www.europesays.com\/fr\/wp-json\/wp\/v2\/media?parent=1155444"}],"wp:term":[{"taxonomy":"category","embeddable":true,"href":"https:\/\/www.europesays.com\/fr\/wp-json\/wp\/v2\/categories?post=1155444"},{"taxonomy":"post_tag","embeddable":true,"href":"https:\/\/www.europesays.com\/fr\/wp-json\/wp\/v2\/tags?post=1155444"}],"curies":[{"name":"wp","href":"https:\/\/api.w.org\/{rel}","templated":true}]}}