{"id":1155494,"date":"2026-08-29T14:02:19","date_gmt":"2026-08-29T14:02:19","guid":{"rendered":"https:\/\/www.europesays.com\/fr\/1155494\/"},"modified":"2026-08-29T14:02:19","modified_gmt":"2026-08-29T14:02:19","slug":"meteo-quel-temps-fera-t-il-a-toulon-et-ses-environs-le-samedi-29-aout-2026","status":"publish","type":"post","link":"https:\/\/www.europesays.com\/fr\/1155494\/","title":{"rendered":"M\u00e9t\u00e9o. Quel temps fera-t-il \u00e0 Toulon et ses environs le samedi 29 ao\u00fbt 2026 ?"},"content":{"rendered":"<p data-ofstats-scroll=\"read_depth_20\">La matin\u00e9e d\u00e9butera sous un ciel parfaitement d\u00e9gag\u00e9, qui restera clair sans \u00e9volution notable. La temp\u00e9rature, stable autour de 22 \u00b0C \u00e0 l\u2019aube, progressera de fa\u00e7on r\u00e9guli\u00e8re pour atteindre environ 27 \u00b0C en fin de matin\u00e9e. Le vent de Nord-Ouest se renforcera l\u00e9g\u00e8rement en d\u00e9but de matin\u00e9e jusqu\u2019\u00e0 15 km\/h, avec des rafales pouvant atteindre 35 km\/h, avant de revenir vers 10 km\/h tout en restant soutenu en rafales. L\u2019humidit\u00e9 diminuera peu \u00e0 peu.<\/p>\n<p data-ofstats-scroll=\"read_depth_30\">L\u2019apr\u00e8s-midi prolongera ces conditions calmes, avec un ciel clair persistant et sans modification importante de la n\u00e9bulosit\u00e9. Les temp\u00e9ratures monteront progressivement jusqu\u2019\u00e0 31 \u00b0C, avant de se stabiliser puis de redescendre l\u00e9g\u00e8rement vers 30 \u00b0C en fin de p\u00e9riode. Le vent, d\u2019abord orient\u00e9 Ouest-Nord-Ouest \u00e0 10 puis 15 km\/h, se renforcera ensuite \u00e0 20 km\/h en tournant \u00e0 l\u2019Ouest puis \u00e0 l\u2019Ouest-Sud-Ouest, avec des rafales passant de 30 \u00e0 45 km\/h. L\u2019humidit\u00e9 augmentera peu \u00e0 peu au fil des heures.<\/p>\n<p data-ofstats-scroll=\"read_depth_50\">En soir\u00e9e, dans la continuit\u00e9 de l\u2019apr\u00e8s-midi, la temp\u00e9rature restera \u00e9lev\u00e9e en d\u00e9but de p\u00e9riode, autour de 29 \u00b0C, avant de d\u00e9cro\u00eetre graduellement pour se stabiliser vers 24 \u00b0C en fin de soir\u00e9e. Le ciel demeurera largement d\u00e9gag\u00e9, puis un voile de nuages \u00e9lev\u00e9s se mettra temporairement en place avant un retour \u00e0 un ciel clair plus tard dans la nuit. Le vent d\u2019Ouest, puis d\u2019Ouest-Nord-Ouest, soufflera entre 10 et 20 km\/h avec des rafales atteignant encore 40 km\/h en d\u00e9but de soir\u00e9e. L\u2019humidit\u00e9 poursuivra sa hausse graduelle.<\/p>\n<p data-ofstats-scroll=\"read_depth_70\">Au cours de la nuit de dimanche \u00e0 lundi, alors que la chaleur retombera, la temp\u00e9rature restera stable autour de 23 \u00b0C, ne reculant que l\u00e9g\u00e8rement vers 22 \u00b0C avant l\u2019aube. Le vent, d\u2019abord mod\u00e9r\u00e9 de secteur Ouest-Nord-Ouest \u00e0 15 km\/h avec des rafales pouvant atteindre 30 km\/h, faiblira peu \u00e0 peu pour devenir quasi nul, tout en oscillant du Nord-Ouest vers le Nord puis l\u2019Ouest-Sud-Ouest. Le ciel demeurera d\u00e9gag\u00e9 et l\u2019humidit\u00e9 restera mod\u00e9r\u00e9e, sans variation marquante.<\/p>\n<p data-ofstats-scroll=\"read_depth_90\">Pour demain, dans le prolongement de cette nuit calme, la temp\u00e9rature progressera de mani\u00e8re r\u00e9guli\u00e8re, passant d\u2019un niveau doux en d\u00e9but de matin\u00e9e \u00e0 pr\u00e8s de 31 \u00b0C en milieu de journ\u00e9e, puis se stabilisant en fin d\u2019apr\u00e8s-midi. Le vent \u00e9voluera d\u2019un flux de Nord-Nord-Ouest \u00e0 Nord-Ouest, puis Ouest-Sud-Ouest avant de s\u2019orienter \u00e0 l\u2019Ouest, avec des vitesses comprises entre 5 et 15 km\/h et des rafales atteignant peu \u00e0 peu 40 km\/h. Le ciel restera majoritairement d\u00e9gag\u00e9 avant de devenir peu nuageux en fin de journ\u00e9e, tandis que l\u2019humidit\u00e9 baissera le matin puis remontera l\u00e9g\u00e8rement par la suite.<\/p>\n<p data-ofstats-scroll=\"read_depth_90\"><a href=\"https:\/\/www.ouest-france.fr\/meteo\/provence-alpes-cote-dazur\/toulon-83000\/\" rel=\"nofollow noopener\" target=\"_blank\">Suivez la m\u00e9t\u00e9o de votre commune en temps r\u00e9el<\/a><\/p>\n<p data-ofstats-scroll=\"read_depth_100\">Ouest-France vous donne \u00e9galement la possibilit\u00e9 de conna\u00eetre la m\u00e9t\u00e9o de votre commune, heure par heure, sur notre page m\u00e9t\u00e9o d\u00e9di\u00e9e<\/p>\n","protected":false},"excerpt":{"rendered":"La matin\u00e9e d\u00e9butera sous un ciel parfaitement d\u00e9gag\u00e9, qui restera clair sans \u00e9volution notable. La temp\u00e9rature, stable autour&hellip;\n","protected":false},"author":2,"featured_media":1112297,"comment_status":"","ping_status":"","sticky":false,"template":"","format":"standard","meta":{"footnotes":"","_share_on_mastodon":"0"},"categories":[9619],"tags":[1111,11,1777,674,1011,27,44394,77217,18323,12,882,25,80953,30989,80954,2310],"class_list":["post-1155494","post","type-post","status-publish","format-standard","has-post-thumbnail","category-toulon","tag-actu","tag-actualites","tag-eu","tag-europe","tag-fr","tag-france","tag-la-garde","tag-la-seyne-sur-mer","tag-la-valette-du-var","tag-news","tag-provence-alpes-cote-dazur","tag-republique-francaise","tag-saint-mandrier-sur-mer","tag-six-fours-les-plages","tag-sollies-toucas","tag-toulon"],"share_on_mastodon":{"url":"https:\/\/pubeurope.com\/@fr\/117179170610121977","error":""},"_links":{"self":[{"href":"https:\/\/www.europesays.com\/fr\/wp-json\/wp\/v2\/posts\/1155494","targetHints":{"allow":["GET"]}}],"collection":[{"href":"https:\/\/www.europesays.com\/fr\/wp-json\/wp\/v2\/posts"}],"about":[{"href":"https:\/\/www.europesays.com\/fr\/wp-json\/wp\/v2\/types\/post"}],"author":[{"embeddable":true,"href":"https:\/\/www.europesays.com\/fr\/wp-json\/wp\/v2\/users\/2"}],"replies":[{"embeddable":true,"href":"https:\/\/www.europesays.com\/fr\/wp-json\/wp\/v2\/comments?post=1155494"}],"version-history":[{"count":0,"href":"https:\/\/www.europesays.com\/fr\/wp-json\/wp\/v2\/posts\/1155494\/revisions"}],"wp:featuredmedia":[{"embeddable":true,"href":"https:\/\/www.europesays.com\/fr\/wp-json\/wp\/v2\/media\/1112297"}],"wp:attachment":[{"href":"https:\/\/www.europesays.com\/fr\/wp-json\/wp\/v2\/media?parent=1155494"}],"wp:term":[{"taxonomy":"category","embeddable":true,"href":"https:\/\/www.europesays.com\/fr\/wp-json\/wp\/v2\/categories?post=1155494"},{"taxonomy":"post_tag","embeddable":true,"href":"https:\/\/www.europesays.com\/fr\/wp-json\/wp\/v2\/tags?post=1155494"}],"curies":[{"name":"wp","href":"https:\/\/api.w.org\/{rel}","templated":true}]}}