{"id":1155501,"date":"2026-08-29T14:09:23","date_gmt":"2026-08-29T14:09:23","guid":{"rendered":"https:\/\/www.europesays.com\/fr\/1155501\/"},"modified":"2026-08-29T14:09:23","modified_gmt":"2026-08-29T14:09:23","slug":"ils-se-sont-connus-adolescents-a-rouen-lamitie-meconnue-de-franck-dubosc-avec-cette-celebre-actrice-francaise-cest-mon-frere","status":"publish","type":"post","link":"https:\/\/www.europesays.com\/fr\/1155501\/","title":{"rendered":"Ils se sont connus adolescents \u00e0 Rouen, l\u2019amiti\u00e9 m\u00e9connue de Franck Dubosc avec cette c\u00e9l\u00e8bre actrice fran\u00e7aise : \u201cC\u2019est mon fr\u00e8re\u201d"},"content":{"rendered":"<p>                                    <img decoding=\"async\" src=\"https:\/\/www.europesays.com\/fr\/wp-content\/uploads\/2026\/08\/f67c21b6f7eb46e45d3076b0d105cfa394d8627633e6ca54fe8bfbc494a0c8a1.jpg\" alt=\"Karin Viard\u00a0: Cin\u00e9ma, Vie Priv\u00e9e, Th\u00e9\u00e2tre... Ce qu'il faut conna\u00eetre\" class=\"a11y-hidden\" fetchpriority=\"high\"\/><\/p>\n<p class=\"fig-standfirst\">\n    Alors que la 19e \u00e9dition du Festival du film francophone d\u2019Angoul\u00eame se cl\u00f4ture ce samedi 29 ao\u00fbt, son pr\u00e9sident du jury, Franck Dubosc, s\u2019illustre par son parcours. L\u2019occasion de revenir sur sa solide amiti\u00e9 de jeunesse avec une actrice fran\u00e7aise tr\u00e8s connue.<\/p>\n<p class=\"fig-paragraph\"><a href=\"http:\/\/www.gala.fr\/mode\/les_stars_et_la_mode\/en-jean-barrel-et-ballerines-rouges-geraldine-nakache-reveille-le-festival-du-film-d-angouleme-avec-les-tendances-de-la-rentree-20260828\" data-fig-type=\"Article\" data-gtm-custom-categorie=\"navigation\" data-gtm-custom-action=\"crossclick\" data-gtm-custom-label=\"Contextuel\" data-gtm-event=\"customEventSPE\" data-fig-domain=\"GALA\" rel=\"nofollow noopener\" target=\"_blank\">La 19e \u00e9dition du Festival du film francophone d\u2019Angoul\u00eame<\/a>\u00a0tire sa r\u00e9v\u00e9rence ce samedi 29 ao\u00fbt avec la remise de son palmar\u00e8s. \u00c0 la t\u00eate du jury de cette \u00e9dition, l\u2019acteur et r\u00e9alisateur Franck Dubosc a \u00e9paul\u00e9 ses pairs, parmi lesquels Jean-Paul Salom\u00e9, Marie-Christine Barrault et D\u00e9borah Lukumuena, pour d\u00e9partager les dix longs-m\u00e9trages en comp\u00e9tition. Une cons\u00e9cration qui remet en lumi\u00e8re<a href=\"https:\/\/www.gala.fr\/l_actu\/news_de_stars\/franck_dubosc_content_mais_pas_fier_de_son_parcours_339525\" data-fig-type=\"Article\" data-gtm-custom-categorie=\"navigation\" data-gtm-custom-action=\"crossclick\" data-gtm-custom-label=\"Contextuel\" data-gtm-event=\"customEventSPE\" data-fig-domain=\"GALA\" rel=\"nofollow noopener\" target=\"_blank\">\u00a0le parcours de l\u2019artiste de 62 ans<\/a>. Avant de conqu\u00e9rir le box-office, le com\u00e9dien a fait ses premi\u00e8res armes au Conservatoire de Rouen.\u00a0<a href=\"https:\/\/www.gala.fr\/l_actu\/news_de_stars\/interview-karin-viard-et-franck-dubosc-leur-vision-de-lamour-et-du-couple_529877\" data-fig-type=\"Article\" data-gtm-custom-categorie=\"navigation\" data-gtm-custom-action=\"crossclick\" data-gtm-custom-label=\"Contextuel\" data-gtm-event=\"customEventSPE\" data-fig-domain=\"GALA\" rel=\"nofollow noopener\" target=\"_blank\">C\u2019est sur ces bancs qu\u2019il a tiss\u00e9 un lien ind\u00e9fectible avec une autre grande figure du septi\u00e8me art<\/a>\u00a0: la com\u00e9dienne Karin Viard, aujourd\u2019hui \u00e2g\u00e9e de 60 ans.<\/p>\n<p class=\"fig-paragraph\">Leur rencontre remonte \u00e0 l\u2019adolescence. Au sein de l\u2019\u00e9tablissement normand, les deux apprentis com\u00e9diens partageaient leurs r\u00eaves de sc\u00e8ne au point de former leur propre groupe de sketches, Le Petit Th\u00e9\u00e2tre de Bernard. Une p\u00e9riode fondatrice qui a scell\u00e9 une fraternit\u00e9 artistique intacte apr\u00e8s plus de 40 ans de carri\u00e8re. Preuve de cette affection profonde qui d\u00e9fie le temps, l\u2019actrice aux trois C\u00e9sar r\u00e9sume leur relation d\u2019une formule limpide dans les colonnes de Ouest-France, ce samedi 29 ao\u00fbt\u00a0: \u00abC\u2019est mon fr\u00e8re\u00bb.<\/p>\n<p>    Karin Viard et Franck Dubosc au photocall du film \u00ab\u00a0Nouveau d\u00e9part\u00a0\u00bb lors de la 16\u00e8me \u00e9dition du festival du film francophone (FFA) d\u2019Angoul\u00eame, le 26 ao\u00fbt 2023.<br \/>\n                COADIC GUIREC \/ BESTIMAGE<\/p>\n<p>                                                <a href=\"#slideshow-header\" class=\"fig-slideshow__opener\" title=\"Acc\u00e9der au diaporama PHOTOS - Karin Viard\u00a0: qui sont les hommes qui ont marqu\u00e9 sa vie\u00a0? - (22 photos)\" aria-label=\"Acc\u00e9der au diaporama PHOTOS - Karin Viard\u00a0: qui sont les hommes qui ont marqu\u00e9 sa vie\u00a0? - (22 photos)\"><\/p>\n<p class=\"fig-slideshow__title\">\n                    PHOTOS &#8211; Karin Viard\u00a0: qui sont les hommes qui ont marqu\u00e9 sa vie\u00a0?\n                <\/p>\n<p>    <\/a><br \/>\n                                                <a class=\"fig-a11y-skip\" href=\"#fig-a11y-skip-main-inarticle\" is=\"fig-a11y-skip\" data-trigger-mode=\"visible-once\"><br \/>\n    Passer la publicit\u00e9<br \/>\n<\/a>            <\/p>\n<p>                                                Franck Dubosc et Karin Viard dans Nouveau d\u00e9part\u00a0: cette sc\u00e8ne d\u2019amour qui a provoqu\u00e9 la g\u00eane chez les deux acteurs<\/p>\n<p class=\"fig-paragraph\">Malgr\u00e9 cette proximit\u00e9,\u00a0<a href=\"https:\/\/www.gala.fr\/l_actu\/news_de_stars\/video-frank-dubosc-amie-avec-karin-viard-cette-scene-damour-quil-apprehende-ca-va-etre-tres-genant_500894\" data-fig-type=\"Article\" data-gtm-custom-categorie=\"navigation\" data-gtm-custom-action=\"crossclick\" data-gtm-custom-label=\"Contextuel\" data-gtm-event=\"customEventSPE\" data-fig-domain=\"GALA\" rel=\"nofollow noopener\" target=\"_blank\">jouer la passion amoureuse \u00e0 l\u2019\u00e9cran s\u2019est av\u00e9r\u00e9 \u00eatre un exercice d\u00e9stabilisant pour les deux amis<\/a>. Alors qu\u2019ils partageaient l\u2019affiche de la com\u00e9die romantique Nouveau d\u00e9part r\u00e9alis\u00e9e par Philippe Lefebvre et sortie en salles \u00e0 l\u2019automne 2023, Franck Dubosc s\u2019\u00e9tait confi\u00e9 sur le plateau de Vivement dimanche\u00a0: \u00abC\u2019est la premi\u00e8re fois qu\u2019on va tourner un film en \u00e9tant amoureux l\u2019un de l\u2019autre\u00bb. Le com\u00e9dien n\u2019avait d\u2019ailleurs pas cach\u00e9 sa r\u00e9serve face aux directives de mise en sc\u00e8ne, expliquant\u00a0: \u00abOn se conna\u00eet tellement que je ne sais pas comment on va faire nos sc\u00e8nes d\u2019amour. Non mais \u00e7a va \u00eatre tr\u00e8s g\u00eanant, on va s\u2019embrasser (\u2026) Moi je ne sais pas comment je vais faire&#8230; embrasser une copine\u00a0!\u00a0\u00bb.<\/p>\n<p class=\"fig-paragraph\">Article \u00e9crit en collaboration avec 6Medias.<\/p>\n","protected":false},"excerpt":{"rendered":"Alors que la 19e \u00e9dition du Festival du film francophone d\u2019Angoul\u00eame se cl\u00f4ture ce samedi 29 ao\u00fbt, son&hellip;\n","protected":false},"author":2,"featured_media":1155502,"comment_status":"","ping_status":"","sticky":false,"template":"","format":"standard","meta":{"footnotes":"","_share_on_mastodon":"0"},"categories":[9587],"tags":[12253,1111,11,1084,7006,1777,674,1082,1011,27,7187,29208,12,5161,25,9590],"class_list":["post-1155501","post","type-post","status-publish","format-standard","has-post-thumbnail","category-rouen","tag-acteurs","tag-actu","tag-actualites","tag-adolescent","tag-amitie","tag-eu","tag-europe","tag-festival-dangouleme","tag-fr","tag-france","tag-franck-dubosc","tag-karin-viard","tag-news","tag-normandie","tag-republique-francaise","tag-rouen"],"share_on_mastodon":{"url":"https:\/\/pubeurope.com\/@fr\/117179199798267621","error":""},"_links":{"self":[{"href":"https:\/\/www.europesays.com\/fr\/wp-json\/wp\/v2\/posts\/1155501","targetHints":{"allow":["GET"]}}],"collection":[{"href":"https:\/\/www.europesays.com\/fr\/wp-json\/wp\/v2\/posts"}],"about":[{"href":"https:\/\/www.europesays.com\/fr\/wp-json\/wp\/v2\/types\/post"}],"author":[{"embeddable":true,"href":"https:\/\/www.europesays.com\/fr\/wp-json\/wp\/v2\/users\/2"}],"replies":[{"embeddable":true,"href":"https:\/\/www.europesays.com\/fr\/wp-json\/wp\/v2\/comments?post=1155501"}],"version-history":[{"count":0,"href":"https:\/\/www.europesays.com\/fr\/wp-json\/wp\/v2\/posts\/1155501\/revisions"}],"wp:featuredmedia":[{"embeddable":true,"href":"https:\/\/www.europesays.com\/fr\/wp-json\/wp\/v2\/media\/1155502"}],"wp:attachment":[{"href":"https:\/\/www.europesays.com\/fr\/wp-json\/wp\/v2\/media?parent=1155501"}],"wp:term":[{"taxonomy":"category","embeddable":true,"href":"https:\/\/www.europesays.com\/fr\/wp-json\/wp\/v2\/categories?post=1155501"},{"taxonomy":"post_tag","embeddable":true,"href":"https:\/\/www.europesays.com\/fr\/wp-json\/wp\/v2\/tags?post=1155501"}],"curies":[{"name":"wp","href":"https:\/\/api.w.org\/{rel}","templated":true}]}}