{"id":1155505,"date":"2026-08-29T14:11:23","date_gmt":"2026-08-29T14:11:23","guid":{"rendered":"https:\/\/www.europesays.com\/fr\/1155505\/"},"modified":"2026-08-29T14:11:23","modified_gmt":"2026-08-29T14:11:23","slug":"grenoble-la-premiere-baignade-dans-lisere-reportee-au-12-septembre","status":"publish","type":"post","link":"https:\/\/www.europesays.com\/fr\/1155505\/","title":{"rendered":"Grenoble : la premi\u00e8re baignade dans l\u2019Is\u00e8re report\u00e9e au 12 septembre"},"content":{"rendered":"<p itemprop=\"description\"><strong>La baignade encadr\u00e9e pr\u00e9vue ce dimanche 30 ao\u00fbt dans l\u2019Is\u00e8re \u00e0 Grenoble n\u2019aura finalement pas lieu. Des analyses microbiologiques ont r\u00e9v\u00e9l\u00e9 un d\u00e9passement du seuil recommand\u00e9 par l\u2019ARS. La Ville reporte l\u2019\u00e9v\u00e9nement au 12 septembre.<\/strong><\/p>\n<p>Il faudra encore patienter avant de pouvoir se baigner officiellement dans l\u2019Is\u00e8re \u00e0 Grenoble.<\/p>\n<p>La premi\u00e8re baignade encadr\u00e9e et surveill\u00e9e, pr\u00e9vue ce dimanche entre le quai Jongkind et le pont de Chartreuse, a \u00e9t\u00e9 report\u00e9e au 12 septembre.<\/p>\n<p>En cause : les derni\u00e8res analyses microbiologiques r\u00e9alis\u00e9es par un laboratoire ind\u00e9pendant. Elles ont mis en \u00e9vidence un d\u00e9passement du seuil recommand\u00e9 par l\u2019Agence r\u00e9gionale de sant\u00e9.<\/p>\n<p>La municipalit\u00e9 avait pr\u00e9vu cette date de repli et continuera d\u2019ici l\u00e0 \u00e0 surveiller r\u00e9guli\u00e8rement la qualit\u00e9 de l\u2019eau.<\/p>\n<p>Des animations maintenues dimanche<\/p>\n<p>La Ville pr\u00e9cise que plusieurs analyses effectu\u00e9es au cours de l\u2019\u00e9t\u00e9 avaient jusque-l\u00e0 donn\u00e9 des r\u00e9sultats conformes. La qualit\u00e9 chimique de l\u2019Is\u00e8re est par ailleurs jug\u00e9e globalement stable.<\/p>\n<p>Si la baignade est annul\u00e9e ce dimanche, les animations pr\u00e9vues sur les berges sont maintenues.<\/p>\n<p>Le Collectif des gens qui ont chaud et le Parlement de la rivi\u00e8re Is\u00e8re seront pr\u00e9sents pr\u00e8s du ponton de l\u2019aviron grenoblois, \u00e0 l\u2019\u00cele Verte, pour informer le public sur la rivi\u00e8re et les conditions n\u00e9cessaires \u00e0 une baignade responsable.<\/p>\n","protected":false},"excerpt":{"rendered":"La baignade encadr\u00e9e pr\u00e9vue ce dimanche 30 ao\u00fbt dans l\u2019Is\u00e8re \u00e0 Grenoble n\u2019aura finalement pas lieu. Des analyses&hellip;\n","protected":false},"author":2,"featured_media":1155506,"comment_status":"","ping_status":"","sticky":false,"template":"","format":"standard","meta":{"footnotes":"","_share_on_mastodon":"0"},"categories":[9566],"tags":[1111,11,2813,2430,1109,251,1112,2811,1777,674,118,1011,27,21780,2731,14004,1922,1110,1114,108,12,316,25,2812,517,800],"class_list":["post-1155505","post","type-post","status-publish","format-standard","has-post-thumbnail","category-grenoble","tag-actu","tag-actualites","tag-article","tag-auvergne-rhone-alpes","tag-breves","tag-culture","tag-depeches","tag-economique","tag-eu","tag-europe","tag-faits-divers","tag-fr","tag-france","tag-gf38","tag-grenoble","tag-grenoblemag","tag-info","tag-informations","tag-infos","tag-isere","tag-news","tag-politique","tag-republique-francaise","tag-sociale","tag-sport","tag-transports"],"share_on_mastodon":{"url":"https:\/\/pubeurope.com\/@fr\/117179205988421507","error":""},"_links":{"self":[{"href":"https:\/\/www.europesays.com\/fr\/wp-json\/wp\/v2\/posts\/1155505","targetHints":{"allow":["GET"]}}],"collection":[{"href":"https:\/\/www.europesays.com\/fr\/wp-json\/wp\/v2\/posts"}],"about":[{"href":"https:\/\/www.europesays.com\/fr\/wp-json\/wp\/v2\/types\/post"}],"author":[{"embeddable":true,"href":"https:\/\/www.europesays.com\/fr\/wp-json\/wp\/v2\/users\/2"}],"replies":[{"embeddable":true,"href":"https:\/\/www.europesays.com\/fr\/wp-json\/wp\/v2\/comments?post=1155505"}],"version-history":[{"count":0,"href":"https:\/\/www.europesays.com\/fr\/wp-json\/wp\/v2\/posts\/1155505\/revisions"}],"wp:featuredmedia":[{"embeddable":true,"href":"https:\/\/www.europesays.com\/fr\/wp-json\/wp\/v2\/media\/1155506"}],"wp:attachment":[{"href":"https:\/\/www.europesays.com\/fr\/wp-json\/wp\/v2\/media?parent=1155505"}],"wp:term":[{"taxonomy":"category","embeddable":true,"href":"https:\/\/www.europesays.com\/fr\/wp-json\/wp\/v2\/categories?post=1155505"},{"taxonomy":"post_tag","embeddable":true,"href":"https:\/\/www.europesays.com\/fr\/wp-json\/wp\/v2\/tags?post=1155505"}],"curies":[{"name":"wp","href":"https:\/\/api.w.org\/{rel}","templated":true}]}}