{"id":11556,"date":"2025-04-09T01:45:15","date_gmt":"2025-04-09T01:45:15","guid":{"rendered":"https:\/\/www.europesays.com\/fr\/11556\/"},"modified":"2025-04-09T01:45:15","modified_gmt":"2025-04-09T01:45:15","slug":"spectaculaire-incendie-dun-centre-de-tri-a-paris-feu-circonscrit-peripherique-rouvert-fumees-le-point-sur-la-situation","status":"publish","type":"post","link":"https:\/\/www.europesays.com\/fr\/11556\/","title":{"rendered":"Spectaculaire incendie d\u2019un centre de tri \u00e0 Paris\u00a0: feu circonscrit, p\u00e9riph\u00e9rique rouvert, fum\u00e9es\u2026 le point sur la situation"},"content":{"rendered":"<p class=\"paragraph text_align_left\">Le <a href=\"https:\/\/www.leparisien.fr\/faits-divers\/paris-un-important-incendie-en-cours-dans-lexviie-arrondissement-07-04-2025-MN2EP2X2JVAELC7ZE5GTKURM5Y.php\" target=\"_blank\" rel=\"nofollow noopener\">spectaculaire incendie qui a ravag\u00e9 lundi soir un centre de d\u00e9chets dans le XVIIe arrondissement de Paris<\/a>, \u00e0 proximit\u00e9 du Palais de justice, sans faire de victimes, a \u00e9t\u00e9 circonscrit peu avant minuit.<\/p>\n<p>Quelle est la situation sur place ?<\/p>\n<p class=\"paragraph text_align_left\">Il faudra encore plusieurs heures avant que le feu soit compl\u00e8tement \u00e9teint, ont pr\u00e9cis\u00e9 les pompiers qui sont toujours 80 \u00e0 \u00eatre mobilis\u00e9s sur les lieux. Selon notre journaliste sur place, des fum\u00e9es se d\u00e9gagent encore ce mardi, alors que les pompiers sont toujours \u00e0 pied d\u2019\u0153uvre pour tenter de \u00ab noyer les foyers \u00bb.<\/p>\n<p class=\"paragraph text_align_left\">\u00ab On n\u2019est pas encore sur une extinction compl\u00e8te mais on tend vers \u00e7a, on esp\u00e8re pouvoir y arriver en d\u00e9but d\u2019apr\u00e8s-midi \u00bb, faisaient savoir les sapeurs-pompiers peu apr\u00e8s midi. Le c\u0153ur de la d\u00e9chetterie a \u00e9t\u00e9 \u00e9ventr\u00e9 par le feu, ce dernier a laiss\u00e9 derri\u00e8re lui comme une sorte de carcasse.<\/p>\n<p class=\"paragraph text_align_left\">\u00c0 midi ce mardi, on comptait encore neuf lances grande capacit\u00e9 sur place. \u00ab Comme c\u2019est une usine de traitement de d\u00e9chets, il y a \u00e9norm\u00e9ment de mati\u00e8re qui br\u00fble donc ce n\u2019est pas si simple d\u2019atteindre les foyers \u00bb, expliquent les secours qui pr\u00e9cisent n\u2019avoir pas encore diminu\u00e9 les besoins en eau par rapport \u00e0 hier soir.<\/p>\n<p>Que s\u2019est-il pass\u00e9 ?<\/p>\n<p class=\"paragraph text_align_left\"><a href=\"https:\/\/www.leparisien.fr\/paris-75\/limpressionnant-incendie-dune-usine-de-traitement-des-dechets-dans-paris-en-images-07-04-2025-J74HCNVQTRBKRFVQTXJMQN73MY.php\" target=\"_blank\" rel=\"nofollow noopener\">L\u2019incendie, film\u00e9 par de nombreux passants<\/a>, a provoqu\u00e9 un impressionnant nuage de fum\u00e9e dans le ciel d\u00e9gag\u00e9 de la capitale. Le feu, qui s\u2019est d\u00e9clar\u00e9 vers 20 heures, a ravag\u00e9 des locaux du Syctom, le service public de traitement et de valorisation des d\u00e9chets m\u00e9nagers de 82 communes en \u00cele-de-France. Selon les premiers t\u00e9moignages des employ\u00e9s du site, le feu aurait pris dans les d\u00e9chets avant de se propager rapidement, r\u00e9v\u00e8le une source polici\u00e8re.<\/p>\n<p class=\"paragraph text_align_left\">De nombreuses vid\u00e9os, prises par des automobilistes depuis le p\u00e9riph\u00e9rique ou des passants, montraient les locaux d\u00e9truits par les flammes. Le b\u00e2timent de 13 000 m2 qui s\u2019\u00e9l\u00e8ve sur quatre niveaux \u00ab est en train de br\u00fbler dans son enti\u00e8ret\u00e9 \u00bb, avait d\u00e9plor\u00e9 lundi soir le pr\u00e9sident du Syctom Corentin Duprey. Le Syctom g\u00e8re cinq centres de tri de ce type dans la m\u00e9tropole du Grand Paris et \u00ab les d\u00e9parts de feu sont tr\u00e8s fr\u00e9quents \u00bb, selon lui.<\/p>\n<p>Quel bilan ?<\/p>\n<p class=\"paragraph text_align_left\">\u00ab Une grande partie du b\u00e2timent s\u2019est effondr\u00e9e sur lui-m\u00eame \u00bb, ont expliqu\u00e9 les pompiers. \u00ab 31 personnes \u00e9taient sur site au moment o\u00f9 \u00e7a s\u2019est d\u00e9clar\u00e9 \u00bb, a soulign\u00e9 le pr\u00e9sident du Syctom Corentin Duprey. \u00ab Il n\u2019y a aucun bilan humain \u00bb, a par la suite confirm\u00e9 le pr\u00e9fet de police de Paris, Laurent Nu\u00f1ez.<\/p>\n<p class=\"paragraph text_align_left\">Un employ\u00e9 qui aurait tent\u00e9 d\u2019\u00e9teindre l\u2019incendie aurait tout de m\u00eame \u00e9t\u00e9 intoxiqu\u00e9 par les fum\u00e9es et transport\u00e9 en urgence relative \u00e0 l\u2019h\u00f4pital Bichat.<\/p>\n<p class=\"paragraph text_align_left\">Au total, 60 engins de sapeurs-pompiers et environ 200 militaires de la brigade des sapeurs-pompiers ont \u00e9t\u00e9 engag\u00e9s pour venir \u00e0 bout de l\u2019incendie et aucun bless\u00e9 n\u2019est \u00e0 d\u00e9plorer parmi les effectifs de secours.<\/p>\n<p class=\"paragraph text_align_left\">En ce qui concerne les quantit\u00e9s d\u2019eau utilis\u00e9es, impossible de donner un chiffre pour l\u2019heure. Mais depuis hier soir, l\u2019enjeu est de s\u2019assurer que l\u2019ensemble des neuf lances utilis\u00e9es arrivent \u00e0 capter les quantit\u00e9s d\u2019eau n\u00e9cessaires. Un expert du sujet a \u00e9t\u00e9 mobilis\u00e9 pour mettre en place un maillage hydraulique efficace. \u00ab On a arros\u00e9 avec des lances qui demandent \u00e9norm\u00e9ment d\u2019eau, il fallait prendre garde \u00e0 ce qu\u2019il n\u2019y ait pas d\u2019ass\u00e9chement des lances. \u00bb<\/p>\n<p><img decoding=\"async\" class=\"image \" loading=\"lazy\" src=\"https:\/\/www.europesays.com\/fr\/wp-content\/uploads\/2025\/04\/GVM22I7RIFHCVLVSTFYNEKALLY.jpg\" alt=\"\" align=\"\" data-rubrique-principale=\"\" data-article-type=\"\" fetchpriority=\"auto\"\/><\/p>\n<p class=\"paragraph text_align_left\">La brigade de sapeurs-pompiers de Paris a invit\u00e9 lundi soir les habitants du secteur, entre l\u2019avenue de Clichy, le boulevard p\u00e9riph\u00e9rique, la rue de Saussure et la rue Cardinet, \u00e0 rester chez eux, \u00e0 maintenir les fen\u00eatres ferm\u00e9es et \u00e0 appeler le 18 en cas de difficult\u00e9s respiratoires. \u00ab Pour l\u2019instant, on ne d\u00e9tecte aucune toxicit\u00e9. De ce point de vue, les nouvelles sont assez rassurantes mais on a quand m\u00eame d\u00e9fini un p\u00e9rim\u00e8tre par pr\u00e9caution \u00bb, a expliqu\u00e9 le pr\u00e9fet de police avant de lever ces consignes dans la matin\u00e9e.<\/p>\n<p class=\"paragraph text_align_left\">\u00ab Il y a un sujet sur les fum\u00e9es avec des incommodations ce matin encore \u00bb, a tout de m\u00eame d\u00e9clar\u00e9 sur BFMTV le maire du XVIIe arrondissement Geoffroy Boulard. \u00c0 ce propos, des habitants du quartier assurent que l\u2019air est encore enfum\u00e9 ce mardi et prend \u00e0 la gorge.<\/p>\n<p>La sortie porte de Clichy toujours ferm\u00e9e<\/p>\n<p class=\"paragraph text_align_left\">Un important p\u00e9rim\u00e8tre de s\u00e9curit\u00e9, entra\u00eenant la fermeture du p\u00e9riph\u00e9rique int\u00e9rieur lundi soir entre porte de Champerret et porte d\u2019Asni\u00e8res et celle du p\u00e9riph\u00e9rique ext\u00e9rieur de porte de la Chapelle \u00e0 porte de Champerret, a \u00e9t\u00e9 mis en place par les services de police. Le p\u00e9riph\u00e9rique a rouvert ce mardi matin, seule la sortie porte de Clichy demeure ferm\u00e9e.<\/p>\n<p class=\"paragraph text_align_left\">Le maire de l\u2019arrondissement, Geoffroy Boulard (LR), a indiqu\u00e9 sur BFMTV que la circulation avait \u00e9t\u00e9 coup\u00e9e dans les deux sens sur le p\u00e9riph\u00e9rique \u00ab pour permettre l\u2019acheminement des pompiers \u00bb. \u00ab L\u2019incendie a entra\u00een\u00e9 un effondrement au sein du b\u00e2timent et puis il y a un certain nombre de bouteilles de gaz, \u00e0 l\u2019int\u00e9rieur du site, dont certaines ont explos\u00e9 \u00bb, a encore d\u00e9taill\u00e9 Laurent Nu\u00f1ez.<\/p>\n<p class=\"paragraph text_align_left\">Les flammes se sont \u00e9galement propag\u00e9es \u00e0 un b\u00e2timent d\u00e9saffect\u00e9 de la mairie de Paris. \u00ab Ces deux b\u00e2tisses sont s\u00e9par\u00e9es de l\u2019arri\u00e8re du Tribunal Judiciaire de Paris par une petite ruelle d\u2019environ quatre m\u00e8tres de large \u00bb, indique une source proche du dossier. Un risque d\u2019effondrement d\u2019une partie du b\u00e2timent sinistr\u00e9 sur l\u2019immeuble de bureaux mitoyen a \u00e9t\u00e9 \u00e9cart\u00e9 par les autorit\u00e9s.<\/p>\n<p class=\"paragraph text_align_left\">Si, comme pr\u00e9vu, les sapeurs-pompiers parviennent \u00e0 une extinction compl\u00e8te en d\u00e9but d\u2019apr\u00e8s-midi, il y aura quoi qu\u2019il arrive un maintien d\u2019effectifs sur place \u00ab pendant plusieurs jours \u00bb pour s\u2019assurer qu\u2019il n\u2019y ait pas de reprise de l\u2019incendie.<\/p>\n","protected":false},"excerpt":{"rendered":"Le spectaculaire incendie qui a ravag\u00e9 lundi soir un centre de d\u00e9chets dans le XVIIe arrondissement de Paris,&hellip;\n","protected":false},"author":2,"featured_media":11557,"comment_status":"","ping_status":"","sticky":false,"template":"","format":"standard","meta":{"footnotes":""},"categories":[1888],"tags":[11,1777,674,1011,27,1944,12,626,25,2955],"class_list":{"0":"post-11556","1":"post","2":"type-post","3":"status-publish","4":"format-standard","5":"has-post-thumbnail","7":"category-paris","8":"tag-actualites","9":"tag-eu","10":"tag-europe","11":"tag-fr","12":"tag-france","13":"tag-ma-ville","14":"tag-news","15":"tag-paris","16":"tag-republique-francaise","17":"tag-videos"},"share_on_mastodon":{"url":"https:\/\/pubeurope.com\/@fr\/114305481039112767","error":""},"_links":{"self":[{"href":"https:\/\/www.europesays.com\/fr\/wp-json\/wp\/v2\/posts\/11556","targetHints":{"allow":["GET"]}}],"collection":[{"href":"https:\/\/www.europesays.com\/fr\/wp-json\/wp\/v2\/posts"}],"about":[{"href":"https:\/\/www.europesays.com\/fr\/wp-json\/wp\/v2\/types\/post"}],"author":[{"embeddable":true,"href":"https:\/\/www.europesays.com\/fr\/wp-json\/wp\/v2\/users\/2"}],"replies":[{"embeddable":true,"href":"https:\/\/www.europesays.com\/fr\/wp-json\/wp\/v2\/comments?post=11556"}],"version-history":[{"count":0,"href":"https:\/\/www.europesays.com\/fr\/wp-json\/wp\/v2\/posts\/11556\/revisions"}],"wp:featuredmedia":[{"embeddable":true,"href":"https:\/\/www.europesays.com\/fr\/wp-json\/wp\/v2\/media\/11557"}],"wp:attachment":[{"href":"https:\/\/www.europesays.com\/fr\/wp-json\/wp\/v2\/media?parent=11556"}],"wp:term":[{"taxonomy":"category","embeddable":true,"href":"https:\/\/www.europesays.com\/fr\/wp-json\/wp\/v2\/categories?post=11556"},{"taxonomy":"post_tag","embeddable":true,"href":"https:\/\/www.europesays.com\/fr\/wp-json\/wp\/v2\/tags?post=11556"}],"curies":[{"name":"wp","href":"https:\/\/api.w.org\/{rel}","templated":true}]}}