{"id":1155602,"date":"2026-08-29T15:15:18","date_gmt":"2026-08-29T15:15:18","guid":{"rendered":"https:\/\/www.europesays.com\/fr\/1155602\/"},"modified":"2026-08-29T15:15:18","modified_gmt":"2026-08-29T15:15:18","slug":"ligue-des-champions-2026-27-le-calendrier-complet-de-la-nouvelle-saison","status":"publish","type":"post","link":"https:\/\/www.europesays.com\/fr\/1155602\/","title":{"rendered":"Ligue des champions 2026-27\u00a0: Le calendrier complet de la nouvelle saison"},"content":{"rendered":"<p>Apr\u00e8s les tirages au sort de toutes les phases de ligue des coupes d\u2019Europe de la saison 2026-2027 jeudi et vendredi, les calendriers ont \u00e9t\u00e9 divulgu\u00e9s samedi. Les trois clubs fran\u00e7ais, le <a href=\"https:\/\/www.20minutes.fr\/sport\/psg\/\" class=\"c-link c-link--is-underlined\" rel=\"nofollow noopener\" target=\"_blank\">PSG<\/a>, Lens et Lille, connaissent leur programme en phase de ligue de la Ligue des Champions. \u00c0 noter que les Parisiens affronteront Manchester City et le FC Barcelone \u00e0 six jours d&rsquo;intervalle (le 20 et le 26 octobre). Lens ira \u00e0 Liverpool le 27 janvier tandis que Lille se d\u00e9placera sur la pelouse d&rsquo;Arsenal le 13 octobre et recevra le Bayern le 25 novembre.<\/p>\n<p class=\"mb-xxl@xs color-ultramarine font-weight-semi-bold@xs font-source-serif-pro text-xxl@xs\">L\u2019acc\u00e8s \u00e0 ce contenu X (Twitter) a \u00e9t\u00e9 bloqu\u00e9 afin de respecter vos choix de consentement<\/p>\n<p class=\"mb-m@xs text-l@xs\">En cliquant sur \u00ab\u00a0Accepter les cookies\u00a0\u00bb, vous consentez au d\u00e9p\u00f4t de cookies par X (Twitter) et pourrez ainsi acc\u00e9der \u00e0 ce contenu interactif.<\/p>\n<p class=\"mb-m@xs text-l@xs\">Vous pouvez, \u00e0 tout moment, modifier vos choix cookies ou retirer votre consentement en bas de nos pages.<\/p>\n<p class=\"mb-xl@xs text-s@xs\">En savoir plus sur notre <a href=\"https:\/\/www.20minutes.fr\/gestion-cookies\" class=\"color-ultramarine\" rel=\"nofollow noopener\" target=\"_blank\">politique de cookies<\/a> et sur la <a href=\"https:\/\/privacy.x.com\/en\" class=\"color-ultramarine\" rel=\"nofollow noopener\" target=\"_blank\">politique de confidentialit\u00e9 de ce partenaire<\/a>.<\/p>\n<p>G\u00e9rer mes pr\u00e9f\u00e9rencesJ\u2019accepte les cookies<\/p>\n<p>Le calendrier du PSG en phase de ligue de la Ligue des champions<\/p>\n<ul>\n<li>PSG-Slovan Bratislava\u00a0: mercredi 9\u00a0septembre (21 heures)<\/li>\n<li>Manchester City-PSG\u00a0: mercredi 14\u00a0octobre (21 heures)<\/li>\n<li>PSG-Bar\u00e7a\u00a0: mardi 20\u00a0octobre (21 heures)<\/li>\n<li>Villarreal-PSG\u00a0: mardi 3\u00a0novembre (21 heures)<\/li>\n<li>PSG-AS Roma\u00a0: mercredi 25\u00a0novembre (21 heures)<\/li>\n<li>Aston Villa-PSG\u00a0: mardi 8\u00a0d\u00e9cembre (21 heures)<\/li>\n<li>C\u00f4me-PSG\u00a0: mercredi 20\u00a0janvier (21 heures)<\/li>\n<li>PSG-Galatasaray\u00a0: mercredi 27\u00a0janvier (21 heures)<\/li>\n<\/ul>\n<p>Le calendrier de Lille en phase de ligue de la Ligue des champions<\/p>\n<ul>\n<li>Lille-Betis\u00a0: mardi 8\u00a0septembre (21 heures)<\/li>\n<li>Arsenal-Lille\u00a0: mardi 13\u00a0octobre (21 heures)<\/li>\n<li>Lille-Galatasaray\u00a0: mercredi 21\u00a0octobre (18h45)<\/li>\n<li>Bodo Glimt-Lille\u00a0: mardi 3\u00a0novembre (21 heures)<\/li>\n<li>Lille-Bayern Munich\u00a0: mercredi 25\u00a0novembre (21 heures)<\/li>\n<li>Stuttgart-Lille\u00a0: mercredi 9\u00a0d\u00e9cembre (21 heures)<\/li>\n<li>Lille-Slovan Bratislava\u00a0: mardi 19\u00a0janvier (21 heures)<\/li>\n<li>AS Roma-Lille\u00a0: mercredi 27\u00a0janvier (21 heures)<\/li>\n<\/ul>\n<p>Le calendrier de Lens en phase de ligue de la Ligue des champions<\/p>\n<ul>\n<li>Slavia Prague-Lens\u00a0: jeudi 10\u00a0septembre (21 heures)<\/li>\n<li>Lens-Sporting\u00a0: mardi 13\u00a0octobre (18h45)<\/li>\n<li>Club Bruges-Lens\u00a0: mercredi 21\u00a0octobre (21 heures)<\/li>\n<li>Lens-C\u00f4me\u00a0: mercredi 4\u00a0novembre (21 heures)<\/li>\n<li>Leipzig-Lens mardi 24\u00a0novembre (21 heures)<\/li>\n<li>Lens-Bodo Glimt\u00a0: mercredi 9\u00a0d\u00e9cembre (21 heures)<\/li>\n<li>Lens-Manchester City\u00a0: mercredi 20\u00a0janvier (21 heures)<\/li>\n<li>Liverpool-<a href=\"https:\/\/www.20minutes.fr\/dossier\/lens\" class=\"c-link c-link--is-underlined\" rel=\"nofollow noopener\" target=\"_blank\">Lens<\/a>\u00a0: mercredi 27\u00a0janvier (21 heures)<\/li>\n<\/ul>\n<p>Les dates des principales affiches de la phase de ligue de la Ligue des Champions <\/p>\n<ul>\n<li>8 septembre : Real Madrid (ESP) &#8211; Inter Milan (ITA)<\/li>\n<li>14 octobre : Manchester City (ANG) &#8211; Paris-SG<\/li>\n<li>20 octobre : Paris-SG &#8211; FC Barcelone (ESP)<\/li>\n<li>21 octobre : Bayern Munich (ALL) &#8211; Arsenal (ANG)<\/li>\n<li>8 d\u00e9cembre : FC Barcelone (ESP) &#8211; Manchester City (ANG)<\/li>\n<li>9 d\u00e9cembre : Arsenal (ANG) &#8211; Real Madrid (ESP)<\/li>\n<li>19 janvier : Inter Milan (ITA) &#8211; Liverpool (ANG)<\/li>\n<\/ul>\n<p>La phase \u00e0 \u00e9limination directe commencera en f\u00e9vrier avec les barrages (16-17 et 23-24 f\u00e9vrier). Les 8es de finale sont pr\u00e9vus les 9-10 et 16-17 mars, les quarts de finale les 6-7 et 13-14 avril, les demi-finales les 27-28 avril et 4-5 mai. La finale se jouera le 5\u00a0juin 2027 au Metropolitano \u00e0 <a href=\"https:\/\/www.20minutes.fr\/dossier\/madrid\" class=\"c-link c-link--is-underlined\" rel=\"nofollow noopener\" target=\"_blank\">Madrid<\/a>.<\/p>\n","protected":false},"excerpt":{"rendered":"Apr\u00e8s les tirages au sort de toutes les phases de ligue des coupes d\u2019Europe de la saison 2026-2027&hellip;\n","protected":false},"author":2,"featured_media":1155603,"comment_status":"","ping_status":"","sticky":false,"template":"","format":"standard","meta":{"footnotes":"","_share_on_mastodon":"0"},"categories":[2],"tags":[11,63,1011,27,811,662,4253,447,1307,2854,12,1308,1309,626,2332,23862,2264,517],"class_list":["post-1155602","post","type-post","status-publish","format-standard","has-post-thumbnail","category-actualites","tag-actualites","tag-football","tag-fr","tag-france","tag-hauts-de-france","tag-ile-de-france","tag-lens","tag-ligue-des-champions","tag-lille","tag-losc-lille","tag-news","tag-nord","tag-nord-pas-de-calais","tag-paris","tag-paris-saint-germain-psg","tag-pas-de-calais","tag-rc-lens","tag-sport"],"share_on_mastodon":{"url":"https:\/\/pubeurope.com\/@fr\/117179457803063425","error":""},"_links":{"self":[{"href":"https:\/\/www.europesays.com\/fr\/wp-json\/wp\/v2\/posts\/1155602","targetHints":{"allow":["GET"]}}],"collection":[{"href":"https:\/\/www.europesays.com\/fr\/wp-json\/wp\/v2\/posts"}],"about":[{"href":"https:\/\/www.europesays.com\/fr\/wp-json\/wp\/v2\/types\/post"}],"author":[{"embeddable":true,"href":"https:\/\/www.europesays.com\/fr\/wp-json\/wp\/v2\/users\/2"}],"replies":[{"embeddable":true,"href":"https:\/\/www.europesays.com\/fr\/wp-json\/wp\/v2\/comments?post=1155602"}],"version-history":[{"count":0,"href":"https:\/\/www.europesays.com\/fr\/wp-json\/wp\/v2\/posts\/1155602\/revisions"}],"wp:featuredmedia":[{"embeddable":true,"href":"https:\/\/www.europesays.com\/fr\/wp-json\/wp\/v2\/media\/1155603"}],"wp:attachment":[{"href":"https:\/\/www.europesays.com\/fr\/wp-json\/wp\/v2\/media?parent=1155602"}],"wp:term":[{"taxonomy":"category","embeddable":true,"href":"https:\/\/www.europesays.com\/fr\/wp-json\/wp\/v2\/categories?post=1155602"},{"taxonomy":"post_tag","embeddable":true,"href":"https:\/\/www.europesays.com\/fr\/wp-json\/wp\/v2\/tags?post=1155602"}],"curies":[{"name":"wp","href":"https:\/\/api.w.org\/{rel}","templated":true}]}}