{"id":1155620,"date":"2026-08-29T15:27:18","date_gmt":"2026-08-29T15:27:18","guid":{"rendered":"https:\/\/www.europesays.com\/fr\/1155620\/"},"modified":"2026-08-29T15:27:18","modified_gmt":"2026-08-29T15:27:18","slug":"ligue-3-rouen-et-la-roche-sur-yon-rejoignent-thionville-en-tete","status":"publish","type":"post","link":"https:\/\/www.europesays.com\/fr\/1155620\/","title":{"rendered":"Ligue 3. Rouen et La Roche-sur-Yon rejoignent Thionville en t\u00eate"},"content":{"rendered":"<p><img loading=\"lazy\" decoding=\"async\" width=\"696\" height=\"428\" class=\"lazyload entry-thumb\" src=\"https:\/\/www.europesays.com\/fr\/wp-content\/uploads\/2026\/08\/L3-J4-Villefranche-Rouen-2-696x428.jpg\" alt=\"L3 J4 Villefranche - Rouen\" title=\"L3 J4 Villefranche - Rouen\"\/>L3 J4 Villefranche &#8211; Rouen (Photo Laurent Barou)<\/p>\n<p class=\"has-medium-font-size wp-block-paragraph\"><strong>Apr\u00e8s <a href=\"https:\/\/footamateur.ouest-france.fr\/cest-un-braquage-laurent-peyrelade-elogieux-envers-caen-apres-la-victoire-de-bastia\/\" data-type=\"post\" data-id=\"143078\" target=\"_blank\" rel=\"noreferrer noopener nofollow\">la victoire de Bastia \u00e0 Caen<\/a>, la suite de la 4\u00e8me journ\u00e9e de Ligue 3 se disputait ce samedi apr\u00e8s-midi. Rouen et La Roche-sur-Yon ont profit\u00e9 du premier petit faux pas de Thionville pour rejoindre les Lorrains en t\u00eate du classement. Amiens, QRM, Cannes et Aubagne ont sign\u00e9 leur premier succ\u00e8s en Ligue 3.<\/strong><\/p>\n<p class=\"wp-block-paragraph\">R\u00e9gis Brouard <a href=\"https:\/\/footamateur.ouest-france.fr\/regis-brouard-fc-rouen-le-foot-est-fait-pour-jouer-le-soir\/\" data-type=\"post\" data-id=\"143107\" rel=\"nofollow noopener\" target=\"_blank\">avait point\u00e9 l\u2019horaire des matchs dans sa conf\u00e9rence de presse<\/a> avant le d\u00e9placement \u00e0 Villefranche. Avec seulement quatre petits buts inscrits en premi\u00e8re p\u00e9riode, les faits lui ont donn\u00e9 raison. La digestion a \u00e9t\u00e9 difficile pour les attaques ce samedi apr\u00e8s-midi. Ce fut heureusement nettement mieux au retour des vestiaires.<\/p>\n<p class=\"wp-block-paragraph\">Le leader Thionville n\u2019est pas parvenu \u00e0 signer un quatri\u00e8me succ\u00e8s de rang. L\u2019\u00e9quipe de Julien Fran\u00e7ois avait pourtant pris les devants gr\u00e2ce \u00e0 Bouhmidi mais Paris 13 Atletico, d\u00e9sormais seul quatri\u00e8me du championnat, est revenu au score. Les Lorrains conservent toutefois la t\u00eate du classement mais voient revenir \u00e0 leur hauteur le duo VFC La Roche \u2013 FC Rouen, vainqueur ce samedi. Le Vend\u00e9en Samb a inscrit son 6\u00e8me but de la saison.<\/p>\n<p class=\"wp-block-paragraph\">Quatre \u00e9quipes ont par ailleurs sign\u00e9 leur premier succ\u00e8s de la saison lors de cette quatri\u00e8me journ\u00e9e : Aubagne, QRM, Cannes et Amiens. Les formations de Masmoudi et Pochat ont m\u00eame marqu\u00e9 leurs premiers buts en championnat pour l\u2019occasion.<\/p>\n<p>R\u00e9sultats et buteurs de la 4\u00e8me journ\u00e9e de Ligue 3<\/p>\n<p class=\"wp-block-paragraph\"><strong>Amiens SC \u2013 <a href=\"https:\/\/fcversailles.com\/\" data-type=\"link\" data-id=\"https:\/\/fcversailles.com\/\" target=\"_blank\" rel=\"noreferrer noopener nofollow\">FC Versailles 78<\/a> : <\/strong>3-0 (0-0)<br \/>Buts : Diakit\u00e9 (58\u2032), Colin (62\u2032), Sopromadze (90\u2019+3) pour Amiens.<\/p>\n<p><strong>AS Cannes \u2013 Le Puy-en-Velay FC :<\/strong> 2-0 (1-0)<br \/>Buts : Morante (8\u2032), Goncalves (57\u2032) pour Cannes.<\/p>\n<p><strong>US Orl\u00e9ans Loiret Football \u2013 Vend\u00e9e FC La Roche-sur-Yon :<\/strong> 0-1 (0-0)<br \/>But : Samb (49\u2032) pour La Roche-sur-Yon<\/p>\n<p><strong>Quevilly Rouen M\u00e9tropole \u2013 FC Fleury 91 :<\/strong> 2-1 (0-0)<br \/>Buts : Seck (24\u2032), Come Ruiz (90\u2019+3) pour QRM ; Farade (50\u2032) pour Fleury.<br \/>Exclusion : <\/p>\n<p><strong>FC Villefranche Beaujolais \u2013 FC Rouen 1899 :<\/strong> 0-2 (0-0)<br \/>Buts : Tchokount\u00e9 (51\u2032), S. Traor\u00e9 (82\u2032) pour Rouen.<\/p>\n<p><strong>Valenciennes FC \u2013 US Concarneau :<\/strong> 0-0 (0-0)<\/p>\n<p><strong>US Thionville Lusitanos \u2013 Paris 13 Atletico :<\/strong> 1-1 (0-0)<br \/>Buts : Bouhmidi (60\u2032 sp) pour Thionville ; Donat (70\u2032 sp) pour Paris.<\/p>\n<p><strong>SC Aubagne Air-Bel \u2013 Football Bourg-en-Bresse P\u00e9ronnas 01 :<\/strong> 2-0 (2-0)<br \/>Buts : Sahraoui (6\u2032), Nehari (12\u2032) pour Aubagne. <\/p>\n<p><a href=\"https:\/\/footamateur.ouest-france.fr\/author\/fred\/\" class=\"url\" title=\"Fr\u00e9d\u00e9ric Sougey\" rel=\"nofollow noopener\" target=\"_blank\"> <img decoding=\"async\" src=\"https:\/\/www.europesays.com\/fr\/wp-content\/uploads\/2025\/04\/gnlpcfya_400x400.jpg\" class=\"lazyload photo\" width=\"250\" alt=\"Fr\u00e9d\u00e9ric Sougey\"\/><\/a><\/p>\n<p>Elev\u00e9 au c\u0153ur des Alpes, Fred quitte (temporairement) son Grenoble ador\u00e9 pour pr\u00eater sa plume et son regard au monde amateur et plus particuli\u00e8rement au Championnat National dont il est un assidu observateur. Fan de tartiflette, de Karim Mokeddem et de Mulholland Drive. Les bonnes choses de la vie, en somme.<\/p>\n<p><a href=\"https:\/\/footamateur.ouest-france.fr\/author\/fred\/\" class=\"url\" title=\"Fr\u00e9d\u00e9ric Sougey\" rel=\"nofollow noopener\" target=\"_blank\"><img decoding=\"async\" src=\"https:\/\/www.europesays.com\/fr\/wp-content\/uploads\/2025\/04\/gnlpcfya_400x400.jpg\" class=\"lazyload photo\" width=\"250\" alt=\"Fr\u00e9d\u00e9ric Sougey\"\/><\/a>Les derniers articles par Fr\u00e9d\u00e9ric Sougey (<a href=\"https:\/\/footamateur.ouest-france.fr\/author\/fred\/\" rel=\"nofollow noopener\" target=\"_blank\">tout voir<\/a>)<\/p>\n","protected":false},"excerpt":{"rendered":"L3 J4 Villefranche &#8211; Rouen (Photo Laurent Barou) Apr\u00e8s la victoire de Bastia \u00e0 Caen, la suite de&hellip;\n","protected":false},"author":2,"featured_media":1155621,"comment_status":"","ping_status":"","sticky":false,"template":"","format":"standard","meta":{"footnotes":"","_share_on_mastodon":"0"},"categories":[9587],"tags":[1111,11,1777,674,1011,27,12,5161,25,9590],"class_list":["post-1155620","post","type-post","status-publish","format-standard","has-post-thumbnail","category-rouen","tag-actu","tag-actualites","tag-eu","tag-europe","tag-fr","tag-france","tag-news","tag-normandie","tag-republique-francaise","tag-rouen"],"share_on_mastodon":{"url":"https:\/\/pubeurope.com\/@fr\/117179504958354544","error":""},"_links":{"self":[{"href":"https:\/\/www.europesays.com\/fr\/wp-json\/wp\/v2\/posts\/1155620","targetHints":{"allow":["GET"]}}],"collection":[{"href":"https:\/\/www.europesays.com\/fr\/wp-json\/wp\/v2\/posts"}],"about":[{"href":"https:\/\/www.europesays.com\/fr\/wp-json\/wp\/v2\/types\/post"}],"author":[{"embeddable":true,"href":"https:\/\/www.europesays.com\/fr\/wp-json\/wp\/v2\/users\/2"}],"replies":[{"embeddable":true,"href":"https:\/\/www.europesays.com\/fr\/wp-json\/wp\/v2\/comments?post=1155620"}],"version-history":[{"count":0,"href":"https:\/\/www.europesays.com\/fr\/wp-json\/wp\/v2\/posts\/1155620\/revisions"}],"wp:featuredmedia":[{"embeddable":true,"href":"https:\/\/www.europesays.com\/fr\/wp-json\/wp\/v2\/media\/1155621"}],"wp:attachment":[{"href":"https:\/\/www.europesays.com\/fr\/wp-json\/wp\/v2\/media?parent=1155620"}],"wp:term":[{"taxonomy":"category","embeddable":true,"href":"https:\/\/www.europesays.com\/fr\/wp-json\/wp\/v2\/categories?post=1155620"},{"taxonomy":"post_tag","embeddable":true,"href":"https:\/\/www.europesays.com\/fr\/wp-json\/wp\/v2\/tags?post=1155620"}],"curies":[{"name":"wp","href":"https:\/\/api.w.org\/{rel}","templated":true}]}}