{"id":1155624,"date":"2026-08-29T15:32:18","date_gmt":"2026-08-29T15:32:18","guid":{"rendered":"https:\/\/www.europesays.com\/fr\/1155624\/"},"modified":"2026-08-29T15:32:18","modified_gmt":"2026-08-29T15:32:18","slug":"rennes-quand-les-leaders-de-lopposition-a-nathalie-appere-enfilent-lecharpe-de-maire-pendant-un-quart-dheure","status":"publish","type":"post","link":"https:\/\/www.europesays.com\/fr\/1155624\/","title":{"rendered":"Rennes : quand les leaders de l&rsquo;opposition \u00e0 Nathalie App\u00e9r\u00e9 enfilent l&rsquo;\u00e9charpe de maire&#8230; \u00ab\u00a0pendant un quart d&rsquo;heure\u00a0\u00bb"},"content":{"rendered":"<p>                    Par<br \/>\n        <strong><br \/>\n            <a href=\"https:\/\/actu.fr\/auteur\/brian-legoff\" title=\"Consulter tous les articles de Brian Le Goff\" rel=\"nofollow noopener\" target=\"_blank\">Brian Le Goff<\/a><br \/>\n                    <\/strong><\/p>\n<p>        Publi\u00e9 le<\/p>\n<p>            29 ao\u00fbt 2026 \u00e0 16h34        <\/p>\n<p><strong>Joli clin d\u2019\u0153il r\u00e9publicain<\/strong> en plein <a href=\"https:\/\/actu.fr\/tag\/ete-a-rennes\" rel=\"nofollow noopener\" target=\"_blank\">\u00e9t\u00e9 \u00e0 Rennes<\/a>. Quelques mois apr\u00e8s avoir livr\u00e9 bataille pour le fauteuil de maire, <strong>Charles Compagnon (droite et centre) et Marie Mesmeur (LFI),<\/strong> tous deux chefs de file de l\u2019opposition de chaque c\u00f4t\u00e9 de l\u2019\u00e9chiquier politique, ont rev\u00eatu <strong>l\u2019\u00e9charpe de maire. <\/strong>Ils ont endoss\u00e9 le r\u00f4le d\u2019officier d\u2019\u00e9tat civil fin juillet\u00a02026 pour c\u00e9l\u00e9brer chacun un mariage \u00e0 un jour d\u2019intervalle.<\/p>\n<p>\u00ab\u2009Nathalie App\u00e9r\u00e9 fait preuve d\u2019\u00e9gard \u00e0 notre endroit\u2009\u00bb<\/p>\n<p class=\" wall-content\"><strong>\u00ab\u2009Vous ne pouvez pas marier si vous n\u2019\u00eates pas maire\u2009\u00bb<\/strong>, vulgarise aupr\u00e8s d\u2019<a href=\"https:\/\/actu.fr\/rennes\/\" rel=\"nofollow noopener\" target=\"_blank\">actu Rennes<\/a> Charles Compagnon. Un <strong>arr\u00eat\u00e9 municipal<\/strong> est donc pris par la maire, <a href=\"https:\/\/actu.fr\/tag\/nathalie-appere\" rel=\"nofollow noopener\" target=\"_blank\">Nathalie App\u00e9r\u00e9<\/a>, pour d\u00e9l\u00e9guer les fonctions d\u2019officier d\u2019\u00e9tat civil \u00e0 d\u2019autres \u00e9lus lorsque la majorit\u00e9 n\u2019est pas disponible, ou \u00e0 la demande sp\u00e9cifique des Rennais.<\/p>\n<p class=\" wall-content\">Une situation qui pr\u00eate aujourd\u2019hui \u00e0 s\u2019amuser. <strong>\u00ab\u2009Pendant un quart d\u2019heure, vous \u00eates maire.<\/strong> Plusieurs fois, j\u2019ai essay\u00e9 de m\u2019\u00e9chapper avec l\u2019\u00e9charpe tricolore, mais les huissiers m\u2019ont toujours rattrap\u00e9\u2009\u00bb, plaisante encore l\u2019\u00e9lu d\u2019opposition.<\/p>\n<p class=\" wall-content\">\u00ab\u2009Moi, je n\u2019ai <strong>pas besoin de m\u2019\u00e9chapper<\/strong> avec l\u2019\u00e9charpe, j\u2019ai <strong>d\u00e9j\u00e0 celle de d\u00e9put\u00e9e<\/strong> avec le rouge au c\u0153ur\u2009\u00bb, souligne de son c\u00f4t\u00e9 Marie Mesmeur.<\/p>\n<p class=\" wall-content\">Au-del\u00e0 des sourires, les deux \u00e9lus saluent la<strong> courtoisie r\u00e9publicaine<\/strong> en vigueur \u00e0 l\u2019H\u00f4tel de Ville. <strong>\u00ab\u2009Nathalie App\u00e9r\u00e9 fait preuve d\u2019\u00e9gard \u00e0 notre endroit\u2009\u00bb<\/strong>, confie Marie Mesmeur. \u00ab\u2009Soit on est dans la politique politicienne, soit on fait les choses avec <strong>bonne intelligence<\/strong>, comme ce qu\u2019il se passe \u00e0 Rennes. Ce n\u2019est pas coutumier, ni une obligation. De plus, la maire ne nous oblige pas \u00e0 faire la permanence toute la journ\u00e9e. Nous c\u00e9l\u00e9brons juste le mariage de Rennais qui ont fait la demande de nous avoir.\u2009\u00bb<\/p>\n<p>Pas d\u2019amertume apr\u00e8s la campagne<\/p>\n<p class=\" wall-content\">Et le fait de porter l\u2019\u00e9charpe de maire alors que l\u2019on a perdu les derni\u00e8res \u00e9lections\u2009? Charles Compagnon balaie le sujet\u2009: \u00ab\u2009Je pense que c\u2019est une question de caract\u00e8re, mais ce n\u2019est <strong>pas quelque chose que je ressens comme de l\u2019amertume<\/strong>. La campagne est pass\u00e9e. Soit on reste amer, soit on retourne au combat.\u2009\u00bb<\/p>\n<p class=\" wall-content\">Tous deux mettent plut\u00f4t en avant l\u2019usage r\u00e9publicain de cette d\u00e9l\u00e9gation et le bonheur des c\u00e9r\u00e9monies. \u00ab\u2009En fait, ce sont soit des gens qui nous connaissent, soit des personnes qui font la <strong>demande par conviction politique.<\/strong> Et on est vachement plus sollicit\u00e9 qu\u2019en 2020\u2009\u00bb, observe Charles Compagnon.<\/p>\n<blockquote class=\"ac-article-quote wall-content\">\n<p>\u00ab \u00c7a monte en puissance durant le mandat. Au d\u00e9part, personne ne demandait \u00e0 \u00eatre mari\u00e9 par un \u00e9lu en particulier. Aujourd&rsquo;hui, on a un mariage tous les mois, que ce soit moi ou mes coll\u00e8gues d&rsquo;opposition. C&rsquo;est sympa, c&rsquo;est m\u00eame un honneur. Cela passe beaucoup par le bouche-\u00e0-oreille. \u00bb<\/p>\n<p>    <strong>Charles Compagnon<\/strong>\n            <\/p><\/blockquote>\n<p class=\" wall-content\">Pour Marie Mesmeur, l\u2019exercice fait parfaitement \u00e9cho \u00e0 ses convictions\u2009: \u00ab\u2009Initialement, <strong>on fait de la politique pour le bonheur et l\u2019\u00e9mancipation des gens.<\/strong> Partager des moments de joie est un engagement personnel en termes de valeurs. C\u2019est tr\u00e8s beau d\u2019\u00eatre choisie pour accompagner les couples dans ce moment symbolique d\u2019une vie. Je me rendrai \u00e0 chaque fois disponible.\u2009\u00bb<\/p>\n<p>Comment \u00e7a marche pour les futurs mari\u00e9s\u2009?<\/p>\n<p class=\" wall-content\"><strong>Pour \u00eatre mari\u00e9 par un \u00e9lu d\u2019opposition<\/strong> (qu\u2019il s\u2019agisse de Charles Compagnon, Marie Mesmeur ou d\u2019autres \u00e9lus), les d\u00e9marches se font souvent en amont. \u00ab\u2009C\u2019est g\u00e9n\u00e9ralement par les<strong> r\u00e9seaux sociaux<\/strong> que les gens nous contactent directement\u2009\u00bb, pr\u00e9cise la d\u00e9put\u00e9e LFI. \u00ab\u2009Ensuite, on fait le lien avec le service des mariages.\u2009\u00bb<\/p>\n<p class=\" wall-content\">Le couple doit obligatoirement formuler sa demande aupr\u00e8s des agents lors du rendez-vous officiel au <strong>service des mariages de la Ville<\/strong>. Une fois la demande valid\u00e9e, une m\u00e9canique bien huil\u00e9e se met en place \u00e0 la mairie.<\/p>\n<p class=\" wall-content\">Apr\u00e8s une <strong>rapide formation pour les \u00e9lus,<\/strong> les \u00e9quipes administratives g\u00e8rent la c\u00e9r\u00e9monie d\u2019une main de ma\u00eetre\u2009: un agent d\u2019\u00e9tat civil lit les articles du Code civil, fait signer les actes, tandis que les huissiers font entrer les familles.<\/p>\n<p class=\" wall-content\">\u00ab\u2009C\u2019est un moment en \u00e9quipe, tr\u00e8s chaleureux. Des fois, il y a des danses et de grandes c\u00e9l\u00e9brations\u2009\u00bb, sourit Marie Mesmeur, qui<strong> salue le travail du personnel municipal<\/strong>\u2009: \u00ab\u2009Les agents sont tr\u00e8s facilitants et accompagnent super bien les \u00e9lus.\u2009\u00bb<\/p>\n<p class=\" wall-content\">Contact\u00e9e par actu Rennes, la Ville confirme le<strong> caract\u00e8re r\u00e9publicain<\/strong> de la d\u00e9marche\u2009: \u00ab\u2009Habituellement, les mariages sont c\u00e9l\u00e9br\u00e9s par les adjoints de la majorit\u00e9. Il arrive \u00e9galement que des conseillers municipaux assurent cette fonction, un arr\u00eat\u00e9 est pris pour le leur permettre. Il peut toutefois arriver que des administr\u00e9s souhaitent que leur mariage soit c\u00e9l\u00e9br\u00e9 par un \u00e9lu de l\u2019opposition. Dans ce cas, l\u2019\u00e9lu concern\u00e9 en fait la demande et,<strong> sous r\u00e9serve de l\u2019accord de Mme la Maire<\/strong>, un arr\u00eat\u00e9 est pris afin de l\u2019autoriser \u00e0 c\u00e9l\u00e9brer le mariage. Il s\u2019agit d\u2019une <strong>proc\u00e9dure relativement courante\u2009\u00bb<\/strong>, conclut la municipalit\u00e9.<\/p>\n<p class=\" wall-content\">Personnalisez votre actualit\u00e9 en ajoutant vos villes et m\u00e9dias en favori avec <a href=\"https:\/\/moncompte.actu.fr\" title=\"D\u00e9couvez Mon Actu\" rel=\"nofollow noopener\" data-trk=\"{&quot;cta&quot;:{&quot;action&quot;:&quot;https:\\\/\\\/moncompte.actu.fr&quot;,&quot;category&quot;:&quot;mon compte&quot;,&quot;from&quot;:&quot;article footer&quot;,&quot;name&quot;:&quot;Mon actu&quot;,&quot;type&quot;:&quot;cta&quot;}}\" target=\"_blank\">Mon Actu<\/a>.<\/p>\n","protected":false},"excerpt":{"rendered":"Par Brian Le Goff Publi\u00e9 le 29 ao\u00fbt 2026 \u00e0 16h34 Joli clin d\u2019\u0153il r\u00e9publicain en plein \u00e9t\u00e9&hellip;\n","protected":false},"author":2,"featured_media":1155625,"comment_status":"","ping_status":"","sticky":false,"template":"","format":"standard","meta":{"footnotes":"","_share_on_mastodon":"0"},"categories":[2821],"tags":[1111,11,829,1777,674,1011,27,1930,10736,12,584,25,104],"class_list":["post-1155624","post","type-post","status-publish","format-standard","has-post-thumbnail","category-rennes","tag-actu","tag-actualites","tag-bretagne","tag-eu","tag-europe","tag-fr","tag-france","tag-mariage","tag-nathalie-appere","tag-news","tag-rennes","tag-republique-francaise","tag-societe"],"share_on_mastodon":{"url":"https:\/\/pubeurope.com\/@fr\/117179524312034106","error":""},"_links":{"self":[{"href":"https:\/\/www.europesays.com\/fr\/wp-json\/wp\/v2\/posts\/1155624","targetHints":{"allow":["GET"]}}],"collection":[{"href":"https:\/\/www.europesays.com\/fr\/wp-json\/wp\/v2\/posts"}],"about":[{"href":"https:\/\/www.europesays.com\/fr\/wp-json\/wp\/v2\/types\/post"}],"author":[{"embeddable":true,"href":"https:\/\/www.europesays.com\/fr\/wp-json\/wp\/v2\/users\/2"}],"replies":[{"embeddable":true,"href":"https:\/\/www.europesays.com\/fr\/wp-json\/wp\/v2\/comments?post=1155624"}],"version-history":[{"count":0,"href":"https:\/\/www.europesays.com\/fr\/wp-json\/wp\/v2\/posts\/1155624\/revisions"}],"wp:featuredmedia":[{"embeddable":true,"href":"https:\/\/www.europesays.com\/fr\/wp-json\/wp\/v2\/media\/1155625"}],"wp:attachment":[{"href":"https:\/\/www.europesays.com\/fr\/wp-json\/wp\/v2\/media?parent=1155624"}],"wp:term":[{"taxonomy":"category","embeddable":true,"href":"https:\/\/www.europesays.com\/fr\/wp-json\/wp\/v2\/categories?post=1155624"},{"taxonomy":"post_tag","embeddable":true,"href":"https:\/\/www.europesays.com\/fr\/wp-json\/wp\/v2\/tags?post=1155624"}],"curies":[{"name":"wp","href":"https:\/\/api.w.org\/{rel}","templated":true}]}}