{"id":1155667,"date":"2026-08-29T15:59:26","date_gmt":"2026-08-29T15:59:26","guid":{"rendered":"https:\/\/www.europesays.com\/fr\/1155667\/"},"modified":"2026-08-29T15:59:26","modified_gmt":"2026-08-29T15:59:26","slug":"au-moins-37-morts-apres-une-frappe-russe-sur-un-depot-de-munitions-pres-de-kiev-ce-que-lon-sait","status":"publish","type":"post","link":"https:\/\/www.europesays.com\/fr\/1155667\/","title":{"rendered":"Au moins 37\u00a0morts apr\u00e8s une frappe russe sur un d\u00e9p\u00f4t de munitions pr\u00e8s de Kiev\u00a0: ce que l\u2019on sait"},"content":{"rendered":"<p>                   <img fetchpriority=\"high\" decoding=\"async\" class=\"mx-auto\" src=\"data:image\/svg+xml,%3Csvg%20xmlns%3D%27http%3A%2F%2Fwww.w3.org%2F2000%2Fsvg%27%20fill%3D%22%23e4e4e4%22%20viewBox%3D%270%200%20510%20340%27%20width%3D%22510%22%20height%3D%22340%22%3E%3Cpath%20d%3D%27M0%200h510v340H0z%27%2F%3E%3C%2Fsvg%3E\"  loading=\"eager\" width=\"510\" height=\"340\" data-oncrawl-image-size=\"510x340\" alt=\"De la fum\u00e9e s\u2019\u00e9l\u00e8ve dans le ciel de Kiev apr\u00e8s une frappe russe sur un entrep\u00f4t de la banlieue de la capitale ukrainienne, le 29\u00a0ao\u00fbt 2026.\"\/>      <\/p>\n<p class=\"latino-100m text-grey-600\">  De la fum\u00e9e s\u2019\u00e9l\u00e8ve dans le ciel de Kiev apr\u00e8s une frappe russe sur un entrep\u00f4t de la banlieue de la capitale ukrainienne, le 29\u00a0ao\u00fbt 2026.\u00a0SERHII OKUNEV \/ AFP  <\/p>\n<p class=\"node__paragraphe antonia-750r text-grey-800 pb-24 pb-md-32\"> Au moins 37 personnes sont mortes apr\u00e8s qu\u2019un drone russe a frapp\u00e9 un d\u00e9p\u00f4t de munitions pr\u00e8s de Kiev dans la nuit de vendredi \u00e0 ce samedi 29\u00a0ao\u00fbt, provoquant un vaste incendie et des explosions et suscitant d\u2019\u00e9ni\u00e8mes critiques en Ukraine quant \u00e0 la pr\u00e9sence d\u2019un tel entrep\u00f4t en zone r\u00e9sidentielle habit\u00e9e. <\/p>\n<p class=\"node__paragraphe antonia-750r text-grey-800 pb-24 pb-md-32\"> Les vid\u00e9os diffus\u00e9es en ligne et dans les m\u00e9dias montrent une \u00e9norme explosion suivie de d\u00e9tonations secondaires projetant des flammes dans toutes les directions. Le pr\u00e9sident ukrainien Volodymyr Zelensky a r\u00e9v\u00e9l\u00e9 que le site frapp\u00e9 \u00e9tait un \u00ab\u00a0d\u00e9p\u00f4t des forces de d\u00e9fense\u00a0\u00bb o\u00f9 \u00ab\u00a0\u00e9taient stock\u00e9es des munitions qui n\u2019auraient absolument pas d\u00fb s\u2019y trouver\u00a0\u00bb. Il a \u00e9voqu\u00e9 des \u00ab\u00a0d\u00e9tonations \u00e0 grande \u00e9chelle d\u2019obus, de mines, d\u2019autres munitions et de drones\u00a0\u00bb. <\/p>\n<p class=\"node__paragraphe antonia-750r text-grey-800 pb-24 pb-md-32\"> \u00ab\u00a0Ceux qui ont laiss\u00e9 cela se produire doivent r\u00e9pondre de leurs d\u00e9cisions (\u2026) La r\u00e9glementation est claire\u00a0: les munitions ne peuvent pas \u00eatre stock\u00e9es \u00e0 proximit\u00e9 d\u2019habitations ou d\u2019autres zones r\u00e9sidentielles\u00a0\u00bb, a averti Volydymyr Zelensky dans un message pr\u00e9c\u00e9dent. <\/p>\n<p>                             \u00ab\u00a0N\u00e9gligence criminelle\u00a0\u00bb                              <\/p>\n<p class=\"node__paragraphe antonia-750r text-grey-800 pb-24 pb-md-32\"> Des journalistes de l\u2019AFP ont vu une \u00e9norme colonne de fum\u00e9e noire s\u2019\u00e9lever au-dessus des banlieues ouest de la capitale, tandis que les autorit\u00e9s indiquaient que l\u2019entrep\u00f4t \u00e9tait toujours en feu. \u00ab\u00a0Malheureusement, le nombre de victimes dans le district de Boutcha s\u2019\u00e9l\u00e8ve d\u00e9sormais \u00e0 37\u00a0\u00bb, a d\u00e9plor\u00e9 samedi le chef de l\u2019administration militaire r\u00e9gionale, Timour Tkatchenko. Parmi les morts figure Taras Didych, maire du village de Dmitrivka, a-t-il ajout\u00e9. <\/p>\n<p class=\"node__paragraphe antonia-750r text-grey-800 pb-24 pb-md-32\"> Selon les enqu\u00eateurs, le drone russe a frapp\u00e9 cet entrep\u00f4t dans la ville de Myla, pr\u00e8s de Kiev, vers 20h10 (17h10 GMT) vendredi soir, provoquant un \u00ab\u00a0incendie de grande ampleur\u00a0\u00bb et des \u00ab\u00a0d\u00e9tonations\u00a0\u00bb. D\u2019autres attaques russes ce samedi ont aussi fait un mort dans la r\u00e9gion d\u2019Odessa (sud), un autre \u00e0 Boryspil, en banlieue de Kiev, et un troisi\u00e8me \u00e0 Kiev, selon les autorit\u00e9s locales. Au total, la Russie a tir\u00e9 sur l\u2019Ukraine au cours de la nuit au moins deux missiles et 267 drones d\u2019attaque, dont 233 ont \u00e9t\u00e9 intercept\u00e9s, selon les chiffres de l\u2019arm\u00e9e de l\u2019air ukrainienne. <\/p>\n<p class=\"node__paragraphe antonia-750r text-grey-800 pb-24 pb-md-32\"> La frappe sur Myla rappelle celle du 6\u00a0juillet \u00e0 Vychnev\u00e9, \u00e9galement pr\u00e8s de Kiev, lorsque la Russie avait attaqu\u00e9 un entrep\u00f4t de munitions appartenant \u00e0 Ukroboronprom, le plus grand constructeur d\u2019armement d\u2019Ukraine, qui avait \u00e9t\u00e9 plac\u00e9 au milieu d\u2019une banlieue r\u00e9sidentielle. Huit personnes avaient \u00e9t\u00e9 tu\u00e9es et de nombreuses maisons alentour d\u00e9truites. \u00ab\u00a0Malheureusement, on peut d\u2019ores et d\u00e9j\u00e0 constater que la terrible trag\u00e9die de Vychnev\u00e9 n\u2019a pas servi de le\u00e7on\u00a0\u00bb, a regrett\u00e9 samedi sur Telegram le Premier ministre Sergui\u00ef Koretsky. <\/p>\n<p class=\"node__paragraphe antonia-750r text-grey-800 pb-24 pb-md-32\"> Le Parquet ukrainien a pr\u00e9cis\u00e9 que son enqu\u00eate porterait sur \u00ab\u00a0la l\u00e9galit\u00e9 du (\u2026) stockage d\u2019objets et de mat\u00e9riaux explosifs sur le site de l\u2019entreprise\u00a0\u00bb, ainsi que sur le fait de savoir si la soci\u00e9t\u00e9, dont le nom n\u2019a pas \u00e9t\u00e9 divulgu\u00e9, disposait des \u00ab\u00a0autorisations et agr\u00e9ments n\u00e9cessaires\u00a0\u00bb. Plus de quatre ans apr\u00e8s le d\u00e9but de l\u2019invasion russe, \u00ab\u00a0commettre les m\u00eames erreurs rel\u00e8ve d\u2019une n\u00e9gligence criminelle. Et tous les coupables, sans exception, doivent \u00eatre s\u00e9v\u00e8rement punis afin que de telles situations ne se reproduisent plus jamais\u00a0\u00bb, a affirm\u00e9 le Premier ministre. <\/p>\n<p>                             Escalade des frappes                              <\/p>\n<p class=\"node__paragraphe antonia-750r text-grey-800 pb-24 pb-md-32\"> En Russie, des frappes ukrainiennes ont fait trois morts dans la r\u00e9gion frontali\u00e8re de Belgorod et provoqu\u00e9 un incendie dans un entrep\u00f4t appartenant au g\u00e9ant du e-commerce Ozon, ont indiqu\u00e9 les autorit\u00e9s. Une attaque ukrainienne sur la ville de S\u00e9bastopol, en Crim\u00e9e annex\u00e9e, a fait un mort, selon le gouverneur de S\u00e9bastopol, nomm\u00e9 par la Russie. <\/p>\n<p class=\"node__paragraphe antonia-750r text-grey-800 pb-24 pb-md-32\"> La Russie et l\u2019Ukraine font monter en puissance depuis des mois <a href=\"https:\/\/www.nouvelobs.com\/monde\/20260822.OBS117579\/en-ukraine-plus-de-20-morts-et-des-dizaines-de-blesses-dans-des-frappes-russes-a-kiev-et-dans-le-centre-du-pays.html\" rel=\"nofollow noopener\" target=\"_blank\">leurs frappes \u00e0 longue port\u00e9e<\/a>, visant de plus en plus souvent des sites civils tels que des entrep\u00f4ts logistiques, des centres commerciaux, des infrastructures \u00e9nerg\u00e9tiques et portuaires et des navires. <\/p>\n<p class=\"node__paragraphe antonia-750r text-grey-800 pb-24 pb-md-32\"> Le pr\u00e9sident ukrainien Volodymyr Zelensky a assur\u00e9 vendredi vouloir porter les capacit\u00e9s d\u2019attaque de l\u2019Ukraine \u00e0 1\u00a0000 drones \u00e0 longue port\u00e9e par jour, contre environ 300 actuellement. Il a cependant r\u00e9v\u00e9l\u00e9 la semaine derni\u00e8re que la d\u00e9fense ukrainienne est actuellement confront\u00e9e \u00e0 un d\u00e9ficit budg\u00e9taire de 27\u00a0milliards de dollars. <\/p>\n","protected":false},"excerpt":{"rendered":"De la fum\u00e9e s\u2019\u00e9l\u00e8ve dans le ciel de Kiev apr\u00e8s une frappe russe sur un entrep\u00f4t de la&hellip;\n","protected":false},"author":2,"featured_media":1155668,"comment_status":"","ping_status":"","sticky":false,"template":"","format":"standard","meta":{"footnotes":"","_share_on_mastodon":"0"},"categories":[1591],"tags":[5734,19387,11,16455,1887,11731,131,11229,74,5184,27614,12,8013,1885,1886,132],"class_list":["post-1155667","post","type-post","status-publish","format-standard","has-post-thumbnail","category-russie","tag-5734","tag-19387","tag-actualites","tag-depot","tag-federation-de-russie","tag-frappe","tag-guerre-en-ukraine","tag-kiev","tag-monde","tag-morts","tag-munitions","tag-news","tag-russe","tag-russia","tag-russian-federation","tag-russie"],"share_on_mastodon":{"url":"https:\/\/pubeurope.com\/@fr\/117179630562045152","error":""},"_links":{"self":[{"href":"https:\/\/www.europesays.com\/fr\/wp-json\/wp\/v2\/posts\/1155667","targetHints":{"allow":["GET"]}}],"collection":[{"href":"https:\/\/www.europesays.com\/fr\/wp-json\/wp\/v2\/posts"}],"about":[{"href":"https:\/\/www.europesays.com\/fr\/wp-json\/wp\/v2\/types\/post"}],"author":[{"embeddable":true,"href":"https:\/\/www.europesays.com\/fr\/wp-json\/wp\/v2\/users\/2"}],"replies":[{"embeddable":true,"href":"https:\/\/www.europesays.com\/fr\/wp-json\/wp\/v2\/comments?post=1155667"}],"version-history":[{"count":0,"href":"https:\/\/www.europesays.com\/fr\/wp-json\/wp\/v2\/posts\/1155667\/revisions"}],"wp:featuredmedia":[{"embeddable":true,"href":"https:\/\/www.europesays.com\/fr\/wp-json\/wp\/v2\/media\/1155668"}],"wp:attachment":[{"href":"https:\/\/www.europesays.com\/fr\/wp-json\/wp\/v2\/media?parent=1155667"}],"wp:term":[{"taxonomy":"category","embeddable":true,"href":"https:\/\/www.europesays.com\/fr\/wp-json\/wp\/v2\/categories?post=1155667"},{"taxonomy":"post_tag","embeddable":true,"href":"https:\/\/www.europesays.com\/fr\/wp-json\/wp\/v2\/tags?post=1155667"}],"curies":[{"name":"wp","href":"https:\/\/api.w.org\/{rel}","templated":true}]}}