{"id":115567,"date":"2025-05-21T00:07:14","date_gmt":"2025-05-21T00:07:14","guid":{"rendered":"https:\/\/www.europesays.com\/fr\/115567\/"},"modified":"2025-05-21T00:07:14","modified_gmt":"2025-05-21T00:07:14","slug":"acte-criminel-a-lesma-quatre-avions-incendies-dix-autres-vandalises","status":"publish","type":"post","link":"https:\/\/www.europesays.com\/fr\/115567\/","title":{"rendered":"acte criminel \u00e0 l&rsquo;Esma, quatre avions incendi\u00e9s, dix autres vandalis\u00e9s"},"content":{"rendered":"<p>            Par<br \/>\n        <strong><br \/>\n            <a href=\"https:\/\/actu.fr\/auteur\/jm-aubert\" title=\"Consulter tous les articles de Jean-Marc Aubert\" rel=\"nofollow noopener\" target=\"_blank\">Jean-Marc Aubert<\/a><br \/>\n        <\/strong><\/p>\n<p>        Publi\u00e9 le<\/p>\n<p>            20 mai 2025 \u00e0 18h39<br \/>\n        ; mis \u00e0 jour le 20 mai 2025 \u00e0 19h56    <\/p>\n<p>\/ INFO M\u00c9TROPOLITAIN \/<\/p>\n<p class=\" wall-content\">C\u2019est <strong>un acte criminel<\/strong> : les quatre avions bimoteurs ont \u00e9t\u00e9 incendi\u00e9s et dix autres vandalis\u00e9s par un ou des inconnus, dans la nuit de ce lundi 19 \u00e0 ce mardi 20 mai 2025, devant des hangars de l\u2019<strong>Esma-Airways Aviation Academy,\u00a0<\/strong>\u00e0 <strong>P\u00e9rols,<\/strong>\u00a0en limite de Mauguio, au sud de Montpellier.<\/p>\n<p class=\" wall-content\">La piste volontaire est privil\u00e9gi\u00e9e, apr\u00e8s l\u2019incendie qui a enti\u00e8rement d\u00e9truit trois avions bimoteurs, endommag\u00e9e un quatri\u00e8me et des actes de vandalisme sur dix autres appareils de la flotte d\u2019Aiways Aviation Academy\u00a0sur le site de Fr\u00e9jorgues, \u00e0 proximit\u00e9 de l\u2019a\u00e9roport de Montpellier M\u00e9diterran\u00e9e -AMM- et de l\u2019a\u00e9ro-club de Montpellier. Les gendarmes ont retrouv\u00e9 de nombreux<strong> cocktails Molotov<\/strong> de fabrication artisanale dans les carlingues.<\/p>\n<p>    <a href=\"https:\/\/www.google.com\/maps\/embed?pb=!1m18!1m12!1m3!1d7601.3531375745715!2d3.9465679816804258!3d43.577942766222336!2m3!1f0!2f0!3f0!3m2!1i1024!2i768!4f13.1!3m3!1m2!1s0x12b6a4d9e1ce7e7f%3A0x316177ea731d184!2sAirways%20Aviation%20Academy%20-%20ESMA!5e0!3m2!1sfr!2sfr!4v1747758664985!5m2!1sfr!2sfr\" title=\"Ouvrie le lien\" rel=\"nofollow noopener\" target=\"_blank\">Cliquez ici pour visualiser le contenu<\/a><\/p>\n<p class=\" wall-content\">Il \u00e9tait 4h30, quand les sapeurs-pompiers du Sdis 34 et de l\u2019a\u00e9roport ont \u00e9t\u00e9 alert\u00e9s par des t\u00e9moins apercevant de grandes flammes sur cette zone de 55 500m2. \u00c0 leur arriv\u00e9e, des avions br\u00fblaient, trois ont \u00e9t\u00e9 calcin\u00e9s, un quatri\u00e8me endommag\u00e9 par les flammes.\u00a0<\/p>\n<p>    <img   decoding=\"async\" loading=\"lazy\" src=\"https:\/\/www.europesays.com\/fr\/wp-content\/uploads\/2025\/05\/481252452-1038111655028630-8664420309479807335-n-960x640.jpg\" alt=\"Une partie de la flotte des bimoteurs de l'Esma avant les incendies \" width=\"960\" height=\"640\"\/><br \/>\n    Une partie de la flotte des bimoteurs de l\u2019Esma avant les incendies (\u00a9Esma)Gros moyens d\u00e9ploy\u00e9s<\/p>\n<p class=\" wall-content\">De gros moyens sont d\u00e9ploy\u00e9s depuis ce mardi matin : les gendarmes sp\u00e9cialis\u00e9s des Transports a\u00e9riens de Montpellier, notamment ceux de la section de recherches charg\u00e9s de l\u2019enqu\u00eate par le parquet de Montpellier ont d\u00e9couvert que dix autres avions avaient \u00e9t\u00e9 volontairement d\u00e9grad\u00e9s. Il ne faisait aucun doute, d\u00e8s lors, sur un acte criminel d\u2019un ou de plusieurs individus.<\/p>\n<p>Vid\u00e9os : en ce moment sur Actu<\/p>\n<p class=\" wall-content\">Les investigations s\u2019attachent \u00e0 isoler et pr\u00e9server tous les indices gr\u00e2ce aux <strong>techniciens scientifiques de la gendarmerie de l\u2019H\u00e9rault<\/strong> et \u00e0 d\u00e9terminer comment le ou les auteurs ont pu p\u00e9n\u00e9trer sur ce site et comment ils ont mis le feu \u00e0 des appareils, des joyaux de l\u2019aviation en lan\u00e7ant des cocktails Molotov. Aucune pr\u00e9cision n\u2019est donn\u00e9e sur la nature des d\u00e9gradations volontaires.\u00a0<\/p>\n<p>    <a href=\"https:\/\/www.facebook.com\/plugins\/post.php?href=https%3A%2F%2Fwww.facebook.com%2Fairwaysaviationesma%2Fposts%2Fpfbid0zevYpegHi53rTyySquTPW6zybszQav5XrAmUtuW4MLopAokgMTaCXv4Ghv1aopssl&amp;show_text=true&amp;width=350\" title=\"Ouvrie le lien\" rel=\"nofollow noopener\" target=\"_blank\">Cliquez ici pour visualiser le contenu<\/a><\/p>\n<p class=\" wall-content\">Ce site est-il dot\u00e9 d\u2019un syst\u00e8me d\u2019alarme et\/ou d\u2019un dispositif de cam\u00e9ras de vid\u00e9osurveillance ? Le ou les auteurs ont-ils escalad\u00e9 un grillage ? Ont-ils fractur\u00e9 une porte ou une fen\u00eatre ? Et cette question qui taraude les responsables de l\u2019Esma et \u00e0 laquelle les gendarmes vont devoir r\u00e9pondre : quel est le mobile de cette intrusion nocturne ? Le pr\u00e9judice qui sera tr\u00e8s \u00e9lev\u00e9 est en cours d\u2019inventaire.<\/p>\n<p class=\" wall-content\">Suivez toute l\u2019actualit\u00e9 de vos villes et m\u00e9dias favoris en vous inscrivant \u00e0 <a href=\"https:\/\/moncompte.actu.fr\" title=\"D\u00e9couvez Mon Actu\" rel=\"nofollow noopener\" data-trk=\"{&quot;cta&quot;:{&quot;action&quot;:&quot;https:\\\/\\\/moncompte.actu.fr&quot;,&quot;category&quot;:&quot;mon compte&quot;,&quot;from&quot;:&quot;article footer&quot;,&quot;name&quot;:&quot;Mon actu&quot;,&quot;type&quot;:&quot;cta&quot;}}\" target=\"_blank\">Mon Actu<\/a>.<\/p>\n","protected":false},"excerpt":{"rendered":"Par Jean-Marc Aubert Publi\u00e9 le 20 mai 2025 \u00e0 18h39 ; mis \u00e0 jour le 20 mai 2025&hellip;\n","protected":false},"author":2,"featured_media":115568,"comment_status":"","ping_status":"","sticky":false,"template":"","format":"standard","meta":{"footnotes":""},"categories":[9599],"tags":[1111,11,1777,674,118,1011,27,3381,1310,303,2208,12,2680,25],"class_list":{"0":"post-115567","1":"post","2":"type-post","3":"status-publish","4":"format-standard","5":"has-post-thumbnail","7":"category-montpellier","8":"tag-actu","9":"tag-actualites","10":"tag-eu","11":"tag-europe","12":"tag-faits-divers","13":"tag-fr","14":"tag-france","15":"tag-gendarmerie","16":"tag-incendie","17":"tag-justice","18":"tag-montpellier","19":"tag-news","20":"tag-occitanie","21":"tag-republique-francaise"},"share_on_mastodon":{"url":"https:\/\/pubeurope.com\/@fr\/114542912840592978","error":""},"_links":{"self":[{"href":"https:\/\/www.europesays.com\/fr\/wp-json\/wp\/v2\/posts\/115567","targetHints":{"allow":["GET"]}}],"collection":[{"href":"https:\/\/www.europesays.com\/fr\/wp-json\/wp\/v2\/posts"}],"about":[{"href":"https:\/\/www.europesays.com\/fr\/wp-json\/wp\/v2\/types\/post"}],"author":[{"embeddable":true,"href":"https:\/\/www.europesays.com\/fr\/wp-json\/wp\/v2\/users\/2"}],"replies":[{"embeddable":true,"href":"https:\/\/www.europesays.com\/fr\/wp-json\/wp\/v2\/comments?post=115567"}],"version-history":[{"count":0,"href":"https:\/\/www.europesays.com\/fr\/wp-json\/wp\/v2\/posts\/115567\/revisions"}],"wp:featuredmedia":[{"embeddable":true,"href":"https:\/\/www.europesays.com\/fr\/wp-json\/wp\/v2\/media\/115568"}],"wp:attachment":[{"href":"https:\/\/www.europesays.com\/fr\/wp-json\/wp\/v2\/media?parent=115567"}],"wp:term":[{"taxonomy":"category","embeddable":true,"href":"https:\/\/www.europesays.com\/fr\/wp-json\/wp\/v2\/categories?post=115567"},{"taxonomy":"post_tag","embeddable":true,"href":"https:\/\/www.europesays.com\/fr\/wp-json\/wp\/v2\/tags?post=115567"}],"curies":[{"name":"wp","href":"https:\/\/api.w.org\/{rel}","templated":true}]}}