{"id":1155688,"date":"2026-08-29T16:13:20","date_gmt":"2026-08-29T16:13:20","guid":{"rendered":"https:\/\/www.europesays.com\/fr\/1155688\/"},"modified":"2026-08-29T16:13:20","modified_gmt":"2026-08-29T16:13:20","slug":"tennis-en-pleine-confiance-apres-son-titre-a-cincinnati-arthur-fils-peut-il-remporter-lus-open","status":"publish","type":"post","link":"https:\/\/www.europesays.com\/fr\/1155688\/","title":{"rendered":"Tennis : en pleine confiance apr\u00e8s son titre \u00e0 Cincinnati, Arthur Fils peut-il remporter l\u2019US Open\u00a0?"},"content":{"rendered":"<p>\n    <strong>D\u00c9CRYPTAGE<\/strong> &#8211; Fra\u00eechement sacr\u00e9 lors du Masters 1000 de Cincinnati, le Fran\u00e7ais fait partie des outsiders les plus cr\u00e9dibles du Grand Chelem new-yorkais qui d\u00e9bute dimanche.<\/p>\n<p class=\"fig-paragraph\">Un beau pr\u00e9sage.\u00a0<a href=\"http:\/\/www.lefigaro.fr\/sports\/tennis\/us-open-arthur-fils-vainqueur-cette-statistique-encourageante-pour-le-francais-apres-son-titre-a-cincinnati-20260824\" data-fig-type=\"NewsFlash\" data-gtm-custom-categorie=\"navigation\" data-gtm-custom-action=\"crossclick\" data-gtm-custom-label=\"Contextuel\" data-gtm-event=\"customEventSPE\" data-fig-domain=\"LEFIGARO\" rel=\"nofollow noopener\" target=\"_blank\">Depuis trois ans, le vainqueur du Masters 1000 de Cincinnati s\u2019est ensuite impos\u00e9 \u00e0 l\u2019US Open<\/a>. Les heureux \u00e9lus se nomment Novak Djokovic,\u00a0<a href=\"http:\/\/www.lefigaro.fr\/sports\/tennis\/tennis-coup-de-tonnerre-le-numero-1-mondial-jannik-sinner-declare-forfait-pour-l-us-open-20260821\" data-fig-type=\"NewsFlash\" data-gtm-custom-categorie=\"navigation\" data-gtm-custom-action=\"crossclick\" data-gtm-custom-label=\"Contextuel\" data-gtm-event=\"customEventSPE\" data-fig-domain=\"LEFIGARO\" rel=\"nofollow noopener\" target=\"_blank\">Jannik Sinner<\/a>\u00a0et\u00a0<a href=\"http:\/\/www.lefigaro.fr\/sports\/tennis\/tennis-carlos-alcaraz-annonce-son-retour-a-la-competition-pour-l-us-open-20260820\" data-fig-type=\"NewsFlash\" data-gtm-custom-categorie=\"navigation\" data-gtm-custom-action=\"crossclick\" data-gtm-custom-label=\"Contextuel\" data-gtm-event=\"customEventSPE\" data-fig-domain=\"LEFIGARO\" rel=\"nofollow noopener\" target=\"_blank\">Carlos Alcaraz<\/a>. Trois r\u00e9f\u00e9rences absolues du tennis mondial.\u00a0<a href=\"http:\/\/www.lefigaro.fr\/sports\/tennis\/us-open\/us-open-tirage-corse-pour-carlos-alcaraz-et-aryna-sabalenka-arthur-fils-face-a-tsitsipas-au-premier-tour-20260827\" data-fig-type=\"NewsFlash\" data-gtm-custom-categorie=\"navigation\" data-gtm-custom-action=\"crossclick\" data-gtm-custom-label=\"Contextuel\" data-gtm-event=\"customEventSPE\" data-fig-domain=\"LEFIGARO\" rel=\"nofollow noopener\" target=\"_blank\">Arthur Fils<\/a>\u00a0n\u2019appartient \u00e9videmment pas encore \u00e0 cette cat\u00e9gorie. Mais\u00a0<a href=\"http:\/\/www.lefigaro.fr\/sports\/tennis\/tennis-a-une-semaine-de-l-us-open-arthur-fils-remporte-le-masters-1000-de-cincinnati-20260824\" data-fig-type=\"NewsFlash\" data-gtm-custom-categorie=\"navigation\" data-gtm-custom-action=\"crossclick\" data-gtm-custom-label=\"Contextuel\" data-gtm-event=\"customEventSPE\" data-fig-domain=\"LEFIGARO\" rel=\"nofollow noopener\" target=\"_blank\">son sacre dans l\u2019Ohio<\/a>, dimanche dernier, lui donne le droit de nourrir de grandes ambitions. Le jeune homme de 22\u00a0ans est devenu le cinqui\u00e8me Fran\u00e7ais \u00e0 gagner un Masters 1000 en simple depuis la cr\u00e9ation de cette cat\u00e9gorie de tournois, en 1990, les neuf plus prestigieux du circuit apr\u00e8s les quatre Grands Chelems. \u00ab\u00a0Arthur est en train de prendre une nouvelle dimension. Il commence \u00e0 faire partie, en termes de niveau de jeu, d\u2019un top cinq sur dur, nous affirme l\u2019ancienne 61e\u00a0mondiale Camille Pin, consultante pour Eurosport durant la quinzaine new-yorkaise. Il peut viser le dernier carr\u00e9 \u00e0 Flushing Meadows sans probl\u00e8me, voire plus. Je pense que \u00e7a fait un moment qu\u2019on voit qu\u2019il a ce potentiel-l\u00e0\u2026<\/p>\n<p class=\"fig-premium-paywall__infos\">\n        Cet article est r\u00e9serv\u00e9 aux abonn\u00e9s.        Il vous reste 85% \u00e0 d\u00e9couvrir.\n    <\/p>\n<p>                <img  data- alt=\"Le Figaro\" class=\"fig-img--complete fig-img\"\/><\/p>\n<p class=\"fig-premium-paywall__title\">Vous avez envie de lire la suite ?<\/p>\n<p class=\"fig-premium-paywall__subtitle\">D\u00e9bloquez tous les articles imm\u00e9diatement.<\/p>\n<p class=\"fig-premium-paywall__connect\">\n                D\u00e9j\u00e0 abonn\u00e9\u00a0?                <a class=\"fig-premium-paywall__connect-link\" href=\"https:\/\/connect.lefigaro.fr\/login?client=horizon_web&amp;type=main&amp;redirect_uri=https%3A%2F%2Fwww.lefigaro.fr%2Fsports%2Ftennis%2Fus-open%2Ftennis-en-pleine-confiance-apres-son-titre-a-cincinnati-arthur-fils-peut-il-remporter-l-us-open-20260829\" data-js-gtm=\"{&quot;event&quot;:&quot;customEventGA4&quot;,&quot;eventName&quot;:&quot;click_action&quot;,&quot;feature&quot;:&quot;paywall&quot;,&quot;location&quot;:&quot;paywall&quot;,&quot;button_action&quot;:&quot;connect&quot;,&quot;click_text&quot;:&quot;Connectez-vous&quot;}\" rel=\"nofollow noopener\" target=\"_blank\"><br \/>\n                    Connectez-vous<br \/>\n                <\/a>\n            <\/p>\n","protected":false},"excerpt":{"rendered":"D\u00c9CRYPTAGE &#8211; Fra\u00eechement sacr\u00e9 lors du Masters 1000 de Cincinnati, le Fran\u00e7ais fait partie des outsiders les plus&hellip;\n","protected":false},"author":2,"featured_media":1155689,"comment_status":"","ping_status":"","sticky":false,"template":"","format":"standard","meta":{"footnotes":"","_share_on_mastodon":"0"},"categories":[1415],"tags":[3768,19856,7779,1011,27,20859,60,1467],"class_list":["post-1155688","post","type-post","status-publish","format-standard","has-post-thumbnail","category-tennis","tag-arthur-fils","tag-ben-shelton","tag-carlos-alcaraz","tag-fr","tag-france","tag-jannik-sinner","tag-sports","tag-tennis"],"share_on_mastodon":{"url":"https:\/\/pubeurope.com\/@fr\/117179685615634337","error":""},"_links":{"self":[{"href":"https:\/\/www.europesays.com\/fr\/wp-json\/wp\/v2\/posts\/1155688","targetHints":{"allow":["GET"]}}],"collection":[{"href":"https:\/\/www.europesays.com\/fr\/wp-json\/wp\/v2\/posts"}],"about":[{"href":"https:\/\/www.europesays.com\/fr\/wp-json\/wp\/v2\/types\/post"}],"author":[{"embeddable":true,"href":"https:\/\/www.europesays.com\/fr\/wp-json\/wp\/v2\/users\/2"}],"replies":[{"embeddable":true,"href":"https:\/\/www.europesays.com\/fr\/wp-json\/wp\/v2\/comments?post=1155688"}],"version-history":[{"count":0,"href":"https:\/\/www.europesays.com\/fr\/wp-json\/wp\/v2\/posts\/1155688\/revisions"}],"wp:featuredmedia":[{"embeddable":true,"href":"https:\/\/www.europesays.com\/fr\/wp-json\/wp\/v2\/media\/1155689"}],"wp:attachment":[{"href":"https:\/\/www.europesays.com\/fr\/wp-json\/wp\/v2\/media?parent=1155688"}],"wp:term":[{"taxonomy":"category","embeddable":true,"href":"https:\/\/www.europesays.com\/fr\/wp-json\/wp\/v2\/categories?post=1155688"},{"taxonomy":"post_tag","embeddable":true,"href":"https:\/\/www.europesays.com\/fr\/wp-json\/wp\/v2\/tags?post=1155688"}],"curies":[{"name":"wp","href":"https:\/\/api.w.org\/{rel}","templated":true}]}}