{"id":115573,"date":"2025-05-21T00:10:23","date_gmt":"2025-05-21T00:10:23","guid":{"rendered":"https:\/\/www.europesays.com\/fr\/115573\/"},"modified":"2025-05-21T00:10:23","modified_gmt":"2025-05-21T00:10:23","slug":"necrologie-pres-de-rouen-lancien-maire-pendant-pres-de-20-ans-est-decede","status":"publish","type":"post","link":"https:\/\/www.europesays.com\/fr\/115573\/","title":{"rendered":"N\u00e9crologie. Pr\u00e8s de Rouen, l&rsquo;ancien maire pendant pr\u00e8s de 20 ans est d\u00e9c\u00e9d\u00e9"},"content":{"rendered":"<p>            Par<br \/>\n        <strong><br \/>\n            <a href=\"https:\/\/actu.fr\/auteur\/aurelien-delavaud\" title=\"Consulter tous les articles de Aur\u00e9lien Delavaud\" target=\"_blank\" rel=\"noopener\">Aur\u00e9lien Delavaud<\/a><br \/>\n        <\/strong><\/p>\n<p>        Publi\u00e9 le<\/p>\n<p>            20 mai 2025 \u00e0 11h47        <\/p>\n<p>Natif d\u2019Alizay et arriv\u00e9 \u00e0 <a href=\"https:\/\/actu.fr\/normandie\/sotteville-sous-le-val_76682\" target=\"_blank\" rel=\"noopener\">Sotteville-sous-le-Val (Seine-Maritime)<\/a> en 1975, <b>Fran\u00e7ois Requier<\/b> ne pouvait pas dire non \u00e0 M. Merray, son pr\u00e9d\u00e9cesseur, lorsqu\u2019un jour de 1977, celui-ci est venu lui demander de figurer sur sa liste afin d\u2019apporter un peu de sang neuf \u00e0 une \u00e9quipe vieillissante.<\/p>\n<p class=\" wall-content\">Un grand-p\u00e8re maire d\u2019Alizay durant 30 ans, un p\u00e8re conseiller municipal dans la m\u00eame commune, toute proche, durant 30 ans \u00e9galement\u2026 On n\u2019\u00e9chappe pas \u00e0 son destin !<\/p>\n<p>Presque trois mandats<\/p>\n<p class=\" wall-content\">Cet employ\u00e9 de la Sagem, issu d\u2019une famille nombreuse (cinq fr\u00e8res et s\u0153urs), est entr\u00e9 au sein du conseil municipal comme on entre en religion.<\/p>\n<p class=\" wall-content\">\u00ab\u00a0C\u2019est vrai que <b>maire d\u2019une petite commune<\/b>, loin de la politique et des magouilles, c\u2019est avant tout un sacerdoce !\u00a0\u00bb, commentait-il en 1995, alors qu\u2019\u00e2g\u00e9 de 49 ans, il briguait un troisi\u00e8me mandat.<\/p>\n<p class=\" wall-content\">Enfin pas tout \u00e0 fait, puisqu\u2019il \u00e9tait devenu maire en 1982, un an avant les municipales de 1983, ayant \u00e9t\u00e9 amen\u00e9 \u00e0 remplacer en cours de mandat M. Merray pour raison de sant\u00e9.<\/p>\n<p>Fier de son bilan<\/p>\n<p class=\" wall-content\">Celui qu\u2019on qualifiait parfois de plus petit maire (1,50 m sous la toise, ce qui lui avait valu d\u2019\u00eatre exempt\u00e9 de service militaire) de la plus petite commune de l\u2019agglom\u00e9ration, membre du Parti socialiste mais \u00e0 la t\u00eate d\u2019une liste d\u2019int\u00e9r\u00eat communal et de rassemblement, devait donc \u00eatre \u00e9lu en 1983 puis r\u00e9\u00e9lu en 1989 et 1995.<\/p>\n<p>Vid\u00e9os : en ce moment sur Actu<\/p>\n<p class=\" wall-content\">C\u2019est sous sa mandature que fut notamment inaugur\u00e9, en 1992, le Circuit de l\u2019Europe qui fit couler beaucoup d\u2019encore en raison des nuisances sonores et pour lequel ses prises de position lui valurent bien des inimiti\u00e9s, y compris au sein de son conseil.<\/p>\n<p class=\" wall-content\">Citons aussi la zone industrielle sur laquelle une douzaine d\u2019entreprises vinrent s\u2019installer, mais sa plus grande fiert\u00e9 \u00e9tait d\u2019avoir r\u00e9ussi \u00e0 maintenir l\u2019\u00e9cole. \u00ab\u00a0Il y a quelques ann\u00e9es, on parlait de la fermer. Aujourd\u2019hui, nous avons 72 enfants et on peut dire qu\u2019elle est sauv\u00e9e. \u00c7a roule ! Nous avons aussi mis les moyens puisque nous avons investi 1,7 millions de francs au cours de ce mandat pour r\u00e9aliser une nouvelle cantine\u00a0\u00bb, d\u00e9clarait-il en 2001, \u00e0 l\u2019heure de dresser le bilan.<\/p>\n<p class=\" wall-content\">Ironie du sort, lors des municipales de 2001, il devait \u00eatre battu par Franck Meyer, non seulement son adjoint en charge de la jeunesse, qui n\u2019\u00e9tait autre que\u2026 le directeur de l\u2019\u00e9cole Herg\u00e9 !<\/p>\n<p class=\" wall-content\">\u00c0 son \u00e9pouse, ses enfants et petits-enfants, sa famille, ses proches, Le Journal d\u2019Elbeuf pr\u00e9sence ses sinc\u00e8res condol\u00e9ances.<\/p>\n<p class=\" wall-content\">Suivez toute l\u2019actualit\u00e9 de vos villes et m\u00e9dias favoris en vous inscrivant \u00e0 <a href=\"https:\/\/moncompte.actu.fr\" title=\"D\u00e9couvez Mon Actu\" rel=\"nofollow noopener\" data-trk=\"{&quot;cta&quot;:{&quot;action&quot;:&quot;https:\\\/\\\/moncompte.actu.fr&quot;,&quot;category&quot;:&quot;mon compte&quot;,&quot;from&quot;:&quot;article footer&quot;,&quot;name&quot;:&quot;Mon actu&quot;,&quot;type&quot;:&quot;cta&quot;}}\" target=\"_blank\">Mon Actu<\/a>.<\/p>\n","protected":false},"excerpt":{"rendered":"Par Aur\u00e9lien Delavaud Publi\u00e9 le 20 mai 2025 \u00e0 11h47 Natif d\u2019Alizay et arriv\u00e9 \u00e0 Sotteville-sous-le-Val (Seine-Maritime) en&hellip;\n","protected":false},"author":2,"featured_media":115574,"comment_status":"","ping_status":"","sticky":false,"template":"","format":"standard","meta":{"footnotes":""},"categories":[9587],"tags":[1111,11,1777,674,1011,27,1391,12,5161,25,9590,104],"class_list":{"0":"post-115573","1":"post","2":"type-post","3":"status-publish","4":"format-standard","5":"has-post-thumbnail","7":"category-rouen","8":"tag-actu","9":"tag-actualites","10":"tag-eu","11":"tag-europe","12":"tag-fr","13":"tag-france","14":"tag-necrologie","15":"tag-news","16":"tag-normandie","17":"tag-republique-francaise","18":"tag-rouen","19":"tag-societe"},"share_on_mastodon":{"url":"https:\/\/pubeurope.com\/@fr\/114542924444246323","error":""},"_links":{"self":[{"href":"https:\/\/www.europesays.com\/fr\/wp-json\/wp\/v2\/posts\/115573","targetHints":{"allow":["GET"]}}],"collection":[{"href":"https:\/\/www.europesays.com\/fr\/wp-json\/wp\/v2\/posts"}],"about":[{"href":"https:\/\/www.europesays.com\/fr\/wp-json\/wp\/v2\/types\/post"}],"author":[{"embeddable":true,"href":"https:\/\/www.europesays.com\/fr\/wp-json\/wp\/v2\/users\/2"}],"replies":[{"embeddable":true,"href":"https:\/\/www.europesays.com\/fr\/wp-json\/wp\/v2\/comments?post=115573"}],"version-history":[{"count":0,"href":"https:\/\/www.europesays.com\/fr\/wp-json\/wp\/v2\/posts\/115573\/revisions"}],"wp:featuredmedia":[{"embeddable":true,"href":"https:\/\/www.europesays.com\/fr\/wp-json\/wp\/v2\/media\/115574"}],"wp:attachment":[{"href":"https:\/\/www.europesays.com\/fr\/wp-json\/wp\/v2\/media?parent=115573"}],"wp:term":[{"taxonomy":"category","embeddable":true,"href":"https:\/\/www.europesays.com\/fr\/wp-json\/wp\/v2\/categories?post=115573"},{"taxonomy":"post_tag","embeddable":true,"href":"https:\/\/www.europesays.com\/fr\/wp-json\/wp\/v2\/tags?post=115573"}],"curies":[{"name":"wp","href":"https:\/\/api.w.org\/{rel}","templated":true}]}}