{"id":1155737,"date":"2026-08-29T16:48:16","date_gmt":"2026-08-29T16:48:16","guid":{"rendered":"https:\/\/www.europesays.com\/fr\/1155737\/"},"modified":"2026-08-29T16:48:16","modified_gmt":"2026-08-29T16:48:16","slug":"une-nouvelle-vie-a-venir-pour-lancien-commerce-delectricite-de-ce-village-pres-de-rouen","status":"publish","type":"post","link":"https:\/\/www.europesays.com\/fr\/1155737\/","title":{"rendered":"Une nouvelle vie \u00e0 venir pour l&rsquo;ancien commerce d&rsquo;\u00e9lectricit\u00e9 de ce village, pr\u00e8s de Rouen"},"content":{"rendered":"<p>                    Par<br \/>\n        <strong><br \/>\n            <a href=\"https:\/\/actu.fr\/auteur\/isabellevilly\" title=\"Consulter tous les articles de Isabelle Villy\" rel=\"nofollow noopener\" target=\"_blank\">Isabelle Villy<\/a><br \/>\n                    <\/strong><\/p>\n<p>        Publi\u00e9 le<\/p>\n<p>            29 ao\u00fbt 2026 \u00e0 17h22        <\/p>\n<p>\u00c0 <a href=\"https:\/\/actu.fr\/normandie\/blainville-crevon_76100\" rel=\"nofollow noopener\" target=\"_blank\">Blainville-Crevon<\/a>, pr\u00e8s de Rouen, <strong>un commerce rest\u00e9 en l\u2019\u00e9tat depuis sa fermeture<\/strong> il y a d\u00e9j\u00e0 quelques ann\u00e9es, ram\u00e8ne le visiteur des d\u00e9cennies en arri\u00e8re. \u00c0 une \u00e9poque o\u00f9 l\u2019on allait acheter son t\u00e9l\u00e9viseur, ses appareils \u00e9lectrom\u00e9nagers ou tout autre ustensile utile \u00e0 la maison, dans le commerce local. Dans les ann\u00e9es 1950, le couple Dussaux a ainsi fait le bonheur des m\u00e9nages du village : lui \u00e9tait \u00e9lectricien et sa femme tenait le magasin. Il ne reste plus aujourd\u2019hui<strong> que la vitrine et ses inscriptions us\u00e9es par le temps<\/strong> qui rappellent le pass\u00e9 florissant de ce commerce local.<\/p>\n<p>Que va devenir l\u2019ancien magasin d\u2019\u00e9lectricit\u00e9 ?<\/p>\n<p class=\" wall-content\">Plus question, \u00e9videmment, d\u2019envisager une telle activit\u00e9 dans ce b\u00e2timent mais la commune qui a fait l\u2019acquisition de cette b\u00e2tisse, en plein c\u0153ur du bourg,<strong> nourrit quelques projets<\/strong> pour faire vivre le lieu.<\/p>\n<p class=\" wall-content\">La priorit\u00e9, une fois l\u2019acquisition faite, s\u2019est traduite pour la commune par \u00ab la r\u00e9fection de la toiture, une mise hors d\u2019eau pour prot\u00e9ger ce b\u00e2timent \u00bb, confirme le maire Philippe Picard. Durant plusieurs semaines, des \u00e9chafaudages ont ainsi \u00e9t\u00e9 \u00e9rig\u00e9s autour de la maison et les entreprises sp\u00e9cialis\u00e9es se sont affair\u00e9es pour mener \u00e0 bien ce chantier.<\/p>\n<p class=\" wall-content\">Que va donc devenir cet ancien commerce qui fait partie du paysage <strong>et m\u00eame du patrimoine de la commune<\/strong> ? Le maire indique en premier lieu qu\u2019une partie du terrain attenant au commerce va permettre de repenser l\u2019am\u00e9nagement du rez-de-chauss\u00e9e du Moulin Pican, lequel abrite au premier \u00e9tage les collections de La Sir\u00e8ne.<\/p>\n<p>Un logement au premier \u00e9tage<\/p>\n<p class=\" wall-content\">Pour la maison Dussaux, la r\u00e9flexion est en cours : la commune aimerait ainsi <strong>conserver un commerce<\/strong> ou un service dont la forme reste encore \u00e0 d\u00e9finir et envisage d\u2019am\u00e9nager \u00ab un logement au premier \u00e9tage \u00bb. Rien n\u2019est encore act\u00e9 pour le moment : le projet doit encore m\u00fbrir et bien \u00e9videmment, le volet financier et l\u2019obtention de subventions seront des facteurs essentiels \u00e0 toute r\u00e9alisation. \u00c0 suivre\u2026<\/p>\n<p>Suivez l\u2019actualit\u00e9 de Rouen <a href=\"https:\/\/www.whatsapp.com\/channel\/0029VaKfnf99hXF2ddApFB1D\" rel=\"nofollow noopener\" target=\"_blank\">sur notre cha\u00eene WhatsApp<\/a> et <a href=\"https:\/\/www.tiktok.com\/@76actu.fr?lang=fr\" rel=\"nofollow noopener\" target=\"_blank\">sur notre compte TikTok<\/a><\/p>\n<p class=\" wall-content\">Personnalisez votre actualit\u00e9 en ajoutant vos villes et m\u00e9dias en favori avec <a href=\"https:\/\/moncompte.actu.fr\" title=\"D\u00e9couvez Mon Actu\" rel=\"nofollow noopener\" data-trk=\"{&quot;cta&quot;:{&quot;action&quot;:&quot;https:\\\/\\\/moncompte.actu.fr&quot;,&quot;category&quot;:&quot;mon compte&quot;,&quot;from&quot;:&quot;article footer&quot;,&quot;name&quot;:&quot;Mon actu&quot;,&quot;type&quot;:&quot;cta&quot;}}\" target=\"_blank\">Mon Actu<\/a>.<\/p>\n<p>                    <script async src=\"\/\/www.tiktok.com\/embed.js\"><\/script><\/p>\n","protected":false},"excerpt":{"rendered":"Par Isabelle Villy Publi\u00e9 le 29 ao\u00fbt 2026 \u00e0 17h22 \u00c0 Blainville-Crevon, pr\u00e8s de Rouen, un commerce rest\u00e9&hellip;\n","protected":false},"author":2,"featured_media":1155738,"comment_status":"","ping_status":"","sticky":false,"template":"","format":"standard","meta":{"footnotes":"","_share_on_mastodon":"0"},"categories":[9587],"tags":[1111,11,215,1777,674,1011,27,12,5161,2551,25,9590,104],"class_list":["post-1155737","post","type-post","status-publish","format-standard","has-post-thumbnail","category-rouen","tag-actu","tag-actualites","tag-commerce","tag-eu","tag-europe","tag-fr","tag-france","tag-news","tag-normandie","tag-patrimoine","tag-republique-francaise","tag-rouen","tag-societe"],"share_on_mastodon":{"url":"https:\/\/pubeurope.com\/@fr\/117179823403444225","error":""},"_links":{"self":[{"href":"https:\/\/www.europesays.com\/fr\/wp-json\/wp\/v2\/posts\/1155737","targetHints":{"allow":["GET"]}}],"collection":[{"href":"https:\/\/www.europesays.com\/fr\/wp-json\/wp\/v2\/posts"}],"about":[{"href":"https:\/\/www.europesays.com\/fr\/wp-json\/wp\/v2\/types\/post"}],"author":[{"embeddable":true,"href":"https:\/\/www.europesays.com\/fr\/wp-json\/wp\/v2\/users\/2"}],"replies":[{"embeddable":true,"href":"https:\/\/www.europesays.com\/fr\/wp-json\/wp\/v2\/comments?post=1155737"}],"version-history":[{"count":0,"href":"https:\/\/www.europesays.com\/fr\/wp-json\/wp\/v2\/posts\/1155737\/revisions"}],"wp:featuredmedia":[{"embeddable":true,"href":"https:\/\/www.europesays.com\/fr\/wp-json\/wp\/v2\/media\/1155738"}],"wp:attachment":[{"href":"https:\/\/www.europesays.com\/fr\/wp-json\/wp\/v2\/media?parent=1155737"}],"wp:term":[{"taxonomy":"category","embeddable":true,"href":"https:\/\/www.europesays.com\/fr\/wp-json\/wp\/v2\/categories?post=1155737"},{"taxonomy":"post_tag","embeddable":true,"href":"https:\/\/www.europesays.com\/fr\/wp-json\/wp\/v2\/tags?post=1155737"}],"curies":[{"name":"wp","href":"https:\/\/api.w.org\/{rel}","templated":true}]}}