{"id":1155762,"date":"2026-08-29T17:06:26","date_gmt":"2026-08-29T17:06:26","guid":{"rendered":"https:\/\/www.europesays.com\/fr\/1155762\/"},"modified":"2026-08-29T17:06:26","modified_gmt":"2026-08-29T17:06:26","slug":"activiz-lappli-creee-par-deux-marseillais-pour-choisir-une-activite-a-plusieurs","status":"publish","type":"post","link":"https:\/\/www.europesays.com\/fr\/1155762\/","title":{"rendered":"Activiz, l\u2019appli cr\u00e9\u00e9e par deux Marseillais pour choisir une activit\u00e9 \u00e0 plusieurs"},"content":{"rendered":"<p>\u00c0 deux, il faut parfois plus de temps pour choisir une activit\u00e9 que pour la r\u00e9aliser. C\u2019est pr\u00e9cis\u00e9ment sur ce casse-t\u00eate que misent Pierre et Rapha\u00ebl\u00a0Fillinger, deux fr\u00e8res de 24 et 20\u00a0ans, avec Activiz. <a href=\"https:\/\/www.laprovence.com\/article\/sortie-loisirs\/2189294378522714\/la-ville-darles-lance-une-application-pour-des-visites-plus-modernes-de-lamphitheatre-romain\" target=\"_self\" rel=\"nofollow noopener\">Leur application<\/a>, lanc\u00e9e le 16\u00a0juillet dernier et accompagn\u00e9e par P\u00e9pite\u00a0Provence, permet de d\u00e9couvrir des activit\u00e9s autour de soi et de les \u00ab\u00a0liker\u00a0\u00bb \u00e0 plusieurs pour voir celles qui font consensus. Un principe qui rappelle les <a href=\"https:\/\/www.laprovence.com\/article\/societe\/84628934802924\/saint-valentin-2026-cercle-commun-applis-de-rencontre-comment-drague-t-on-aujourd-hui\" target=\"_self\" rel=\"nofollow noopener\">applications de rencontres<\/a>, mais appliqu\u00e9 aux loisirs.<\/p>\n<p>Tout juste lanc\u00e9e, Activiz n\u2019a encore rien d\u2019une entreprise install\u00e9e. \u00ab\u00a0On essaie surtout de prouver l\u2019attraction qu\u2019on est persuad\u00e9s d\u2019avoir\u00a0\u00bb, r\u00e9sume Pierre\u00a0Fillinger, cofondateur. Les premiers chiffres sont encourageants\u00a0: 62\u00a0t\u00e9l\u00e9chargements le premier jour, un pic \u00e0\u00a0512 le 16\u00a0ao\u00fbt, et environ 2\u00a0000 au 25\u00a0ao\u00fbt, r\u00e9partis entre la r\u00e9gion Provence-Alpes-C\u00f4te d&rsquo;Azur et le reste de la France.<\/p>\n<p>Un objectif de rentabilit\u00e9 d\u2019ici un an<\/p>\n<p>Le mod\u00e8le repose pour l\u2019instant sur la gratuit\u00e9 pour les utilisateurs. Les deux fr\u00e8res veulent plut\u00f4t convaincre les professionnels de rejoindre la plateforme. Activiz r\u00e9f\u00e9rence d\u00e9j\u00e0 8\u00a0000\u00a0activit\u00e9s, mais ne compte que six partenaires, tous concentr\u00e9s dans la r\u00e9gion. Ces derniers&#8230;<\/p>\n","protected":false},"excerpt":{"rendered":"\u00c0 deux, il faut parfois plus de temps pour choisir une activit\u00e9 que pour la r\u00e9aliser. C\u2019est pr\u00e9cis\u00e9ment&hellip;\n","protected":false},"author":2,"featured_media":1155763,"comment_status":"","ping_status":"","sticky":false,"template":"","format":"standard","meta":{"footnotes":"","_share_on_mastodon":"0"},"categories":[2814],"tags":[5734,118286,1111,11,82223,4070,33,1777,674,1011,27,118287,761,884,12,5912,471,882,25],"class_list":["post-1155762","post","type-post","status-publish","format-standard","has-post-thumbnail","category-marseille","tag-5734","tag-activiz","tag-actu","tag-actualites","tag-creee","tag-deux","tag-economie","tag-eu","tag-europe","tag-fr","tag-france","tag-lappli","tag-marseillais","tag-marseille","tag-news","tag-par","tag-pour","tag-provence-alpes-cote-dazur","tag-republique-francaise"],"share_on_mastodon":{"url":"https:\/\/pubeurope.com\/@fr\/117179893817246648","error":""},"_links":{"self":[{"href":"https:\/\/www.europesays.com\/fr\/wp-json\/wp\/v2\/posts\/1155762","targetHints":{"allow":["GET"]}}],"collection":[{"href":"https:\/\/www.europesays.com\/fr\/wp-json\/wp\/v2\/posts"}],"about":[{"href":"https:\/\/www.europesays.com\/fr\/wp-json\/wp\/v2\/types\/post"}],"author":[{"embeddable":true,"href":"https:\/\/www.europesays.com\/fr\/wp-json\/wp\/v2\/users\/2"}],"replies":[{"embeddable":true,"href":"https:\/\/www.europesays.com\/fr\/wp-json\/wp\/v2\/comments?post=1155762"}],"version-history":[{"count":0,"href":"https:\/\/www.europesays.com\/fr\/wp-json\/wp\/v2\/posts\/1155762\/revisions"}],"wp:featuredmedia":[{"embeddable":true,"href":"https:\/\/www.europesays.com\/fr\/wp-json\/wp\/v2\/media\/1155763"}],"wp:attachment":[{"href":"https:\/\/www.europesays.com\/fr\/wp-json\/wp\/v2\/media?parent=1155762"}],"wp:term":[{"taxonomy":"category","embeddable":true,"href":"https:\/\/www.europesays.com\/fr\/wp-json\/wp\/v2\/categories?post=1155762"},{"taxonomy":"post_tag","embeddable":true,"href":"https:\/\/www.europesays.com\/fr\/wp-json\/wp\/v2\/tags?post=1155762"}],"curies":[{"name":"wp","href":"https:\/\/api.w.org\/{rel}","templated":true}]}}