{"id":1155766,"date":"2026-08-29T17:08:12","date_gmt":"2026-08-29T17:08:12","guid":{"rendered":"https:\/\/www.europesays.com\/fr\/1155766\/"},"modified":"2026-08-29T17:08:12","modified_gmt":"2026-08-29T17:08:12","slug":"lyon-des-vendeurs-a-la-sauvette-interpelles-des-dizaines-de-paquets-de-cigarettes-saisis","status":"publish","type":"post","link":"https:\/\/www.europesays.com\/fr\/1155766\/","title":{"rendered":"Lyon : des vendeurs \u00e0 la sauvette interpell\u00e9s, des dizaines de paquets de cigarettes saisis"},"content":{"rendered":"<p itemprop=\"description\"><strong>La police ne desserre pas la pression sur le march\u00e9 sauvage des Etats-Unis dans le 8e arrondissement de Lyon. Trois individus ont \u00e9t\u00e9 interpell\u00e9s vendredi, leur marchandise a \u00e9t\u00e9 saisie.<\/strong><\/p>\n<p>Ce vendredi apr\u00e8s-midi, les forces de l&rsquo;ordre ont rep\u00e9r\u00e9 des vendeurs \u00e0 la sauvette sur le march\u00e9 sauvage des Etats-Unis dans le 8e arrondissement de Lyon. Vers 16h, des agents du GSP et de la BST sont pass\u00e9s \u00e0 l&rsquo;action, interpellant trois vendeurs et un client.<\/p>\n<p>Selon nos informations, la marchandise &#8211; 50 paquets de cigarettes &#8211; a \u00e9t\u00e9 saisie.<\/p>\n<p>Les quatre suspects ont \u00e9t\u00e9 plac\u00e9s en garde \u00e0 vue.<\/p>\n<p>Cela fait d\u00e9j\u00e0 quelques ann\u00e9es que pr\u00e9fecture et mairie du 8e arrondissement luttent conjointement contre ces vendeurs \u00e0 la sauvette qui se greffent au march\u00e9 officiel de la place du 8 mai 1945. Ponctuellement, des interpellations et des saisies comme celles r\u00e9alis\u00e9es ce vendredi sont effectu\u00e9es.<\/p>\n","protected":false},"excerpt":{"rendered":"La police ne desserre pas la pression sur le march\u00e9 sauvage des Etats-Unis dans le 8e arrondissement de&hellip;\n","protected":false},"author":2,"featured_media":1155767,"comment_status":"","ping_status":"","sticky":false,"template":"","format":"standard","meta":{"footnotes":"","_share_on_mastodon":"0"},"categories":[1889],"tags":[1111,11,2813,2190,2430,1109,251,1112,2811,1777,674,118,1011,27,1922,1110,1114,2428,2810,12,241,316,25,2812,517,800],"class_list":["post-1155766","post","type-post","status-publish","format-standard","has-post-thumbnail","category-lyon","tag-actu","tag-actualites","tag-article","tag-asvel","tag-auvergne-rhone-alpes","tag-breves","tag-culture","tag-depeches","tag-economique","tag-eu","tag-europe","tag-faits-divers","tag-fr","tag-france","tag-info","tag-informations","tag-infos","tag-lyon","tag-lyonmag","tag-news","tag-ol","tag-politique","tag-republique-francaise","tag-sociale","tag-sport","tag-transports"],"share_on_mastodon":{"url":"https:\/\/pubeurope.com\/@fr\/117179902050865236","error":""},"_links":{"self":[{"href":"https:\/\/www.europesays.com\/fr\/wp-json\/wp\/v2\/posts\/1155766","targetHints":{"allow":["GET"]}}],"collection":[{"href":"https:\/\/www.europesays.com\/fr\/wp-json\/wp\/v2\/posts"}],"about":[{"href":"https:\/\/www.europesays.com\/fr\/wp-json\/wp\/v2\/types\/post"}],"author":[{"embeddable":true,"href":"https:\/\/www.europesays.com\/fr\/wp-json\/wp\/v2\/users\/2"}],"replies":[{"embeddable":true,"href":"https:\/\/www.europesays.com\/fr\/wp-json\/wp\/v2\/comments?post=1155766"}],"version-history":[{"count":0,"href":"https:\/\/www.europesays.com\/fr\/wp-json\/wp\/v2\/posts\/1155766\/revisions"}],"wp:featuredmedia":[{"embeddable":true,"href":"https:\/\/www.europesays.com\/fr\/wp-json\/wp\/v2\/media\/1155767"}],"wp:attachment":[{"href":"https:\/\/www.europesays.com\/fr\/wp-json\/wp\/v2\/media?parent=1155766"}],"wp:term":[{"taxonomy":"category","embeddable":true,"href":"https:\/\/www.europesays.com\/fr\/wp-json\/wp\/v2\/categories?post=1155766"},{"taxonomy":"post_tag","embeddable":true,"href":"https:\/\/www.europesays.com\/fr\/wp-json\/wp\/v2\/tags?post=1155766"}],"curies":[{"name":"wp","href":"https:\/\/api.w.org\/{rel}","templated":true}]}}