{"id":115577,"date":"2025-05-21T00:15:10","date_gmt":"2025-05-21T00:15:10","guid":{"rendered":"https:\/\/www.europesays.com\/fr\/115577\/"},"modified":"2025-05-21T00:15:10","modified_gmt":"2025-05-21T00:15:10","slug":"previsions-du-mercredi-21-mai-2025-7","status":"publish","type":"post","link":"https:\/\/www.europesays.com\/fr\/115577\/","title":{"rendered":"pr\u00e9visions du mercredi 21 mai 2025"},"content":{"rendered":"<p>Il va faire environ 14\u00b0C \u00e0 Rennes, aujourd&rsquo;hui. Une brise de nord-ouest soufflera l\u00e9g\u00e8rement. La grisaille ne se dissipe toujours pas, il va y avoir encore des nuages le matin. Le mercure affichera 15\u00b0C en moyenne. L&rsquo;apr\u00e8s-midi se passera sous un ciel mitig\u00e9, rythm\u00e9 par de petites averses. Les temp\u00e9ratures s&rsquo;\u00e9chelonneront entre 13\u00b0C et 17\u00b0C. Il va pleuvoir le soir. Le passage de mercredi \u00e0 jeudi se fera sous un ciel d\u00e9pourvu de nuages.<\/p>\n<p>Un beau soleil est attendu demain \u00e0 Rennes. Il fera 14\u00b0C en moyenne. Un vent de nord rafra\u00eechira un peu l&rsquo;atmosph\u00e8re. Dans la matin\u00e9e, les temp\u00e9ratures tourneront autour des 15\u00b0C. Les valeurs vont conna\u00eetre une augmentation de quelques degr\u00e9s lors de l&rsquo;apr\u00e8s-midi. Les maximales pourront atteindre 19\u00b0C et les minimales seront de 17\u00b0C.<\/p>\n<p>Pour les jours qui suivent, le temps ne changera pas. Comptez sur 12\u00b0C en moyenne qui accompagneront des journ\u00e9es ensoleill\u00e9es.<\/p>\n<p><\/p>\n","protected":false},"excerpt":{"rendered":"Il va faire environ 14\u00b0C \u00e0 Rennes, aujourd&rsquo;hui. Une brise de nord-ouest soufflera l\u00e9g\u00e8rement. La grisaille ne se&hellip;\n","protected":false},"author":2,"featured_media":115578,"comment_status":"","ping_status":"","sticky":false,"template":"","format":"standard","meta":{"footnotes":""},"categories":[2821],"tags":[1111,11,829,1777,674,1011,27,848,12,2119,584,25],"class_list":{"0":"post-115577","1":"post","2":"type-post","3":"status-publish","4":"format-standard","5":"has-post-thumbnail","7":"category-rennes","8":"tag-actu","9":"tag-actualites","10":"tag-bretagne","11":"tag-eu","12":"tag-europe","13":"tag-fr","14":"tag-france","15":"tag-ille-et-vilaine","16":"tag-news","17":"tag-previsions-meteo","18":"tag-rennes","19":"tag-republique-francaise"},"share_on_mastodon":{"url":"https:\/\/pubeurope.com\/@fr\/114542944192157883","error":""},"_links":{"self":[{"href":"https:\/\/www.europesays.com\/fr\/wp-json\/wp\/v2\/posts\/115577","targetHints":{"allow":["GET"]}}],"collection":[{"href":"https:\/\/www.europesays.com\/fr\/wp-json\/wp\/v2\/posts"}],"about":[{"href":"https:\/\/www.europesays.com\/fr\/wp-json\/wp\/v2\/types\/post"}],"author":[{"embeddable":true,"href":"https:\/\/www.europesays.com\/fr\/wp-json\/wp\/v2\/users\/2"}],"replies":[{"embeddable":true,"href":"https:\/\/www.europesays.com\/fr\/wp-json\/wp\/v2\/comments?post=115577"}],"version-history":[{"count":0,"href":"https:\/\/www.europesays.com\/fr\/wp-json\/wp\/v2\/posts\/115577\/revisions"}],"wp:featuredmedia":[{"embeddable":true,"href":"https:\/\/www.europesays.com\/fr\/wp-json\/wp\/v2\/media\/115578"}],"wp:attachment":[{"href":"https:\/\/www.europesays.com\/fr\/wp-json\/wp\/v2\/media?parent=115577"}],"wp:term":[{"taxonomy":"category","embeddable":true,"href":"https:\/\/www.europesays.com\/fr\/wp-json\/wp\/v2\/categories?post=115577"},{"taxonomy":"post_tag","embeddable":true,"href":"https:\/\/www.europesays.com\/fr\/wp-json\/wp\/v2\/tags?post=115577"}],"curies":[{"name":"wp","href":"https:\/\/api.w.org\/{rel}","templated":true}]}}