{"id":1155774,"date":"2026-08-29T17:13:26","date_gmt":"2026-08-29T17:13:26","guid":{"rendered":"https:\/\/www.europesays.com\/fr\/1155774\/"},"modified":"2026-08-29T17:13:26","modified_gmt":"2026-08-29T17:13:26","slug":"compute-paris-2026-linuxfr-org","status":"publish","type":"post","link":"https:\/\/www.europesays.com\/fr\/1155774\/","title":{"rendered":"Compute! Paris 2026 &#8211; LinuxFr.org"},"content":{"rendered":"<p><a href=\"https:\/\/compute.events\/paris2026\/assets\/logos\/compute_main_logo.svg\" rel=\"nofollow noopener\" target=\"_blank\"><img decoding=\"async\" src=\"https:\/\/www.europesays.com\/fr\/wp-content\/uploads\/2026\/08\/Ut7zzmoG.png\" alt=\"Compute\" title=\"Source : https:\/\/pic.infini.fr\/ugSyvgMO\/Ut7zzmoG.png\"\/><\/a><\/p>\n<p>Nous sommes ravis d\u2019annoncer la premi\u00e8re \u00e9dition de la conf\u00e9rence Compute! Paris, qui se tiendra les 25 et 26 novembre 2026 \u00e0 Sorbonne Universit\u00e9.<\/p>\n<p>Organis\u00e9 par l\u2019\u00e9quipe de PyData Paris 2024 et 2025, Compute! Paris 2026 est le rassemblement de la communaut\u00e9 open-source de la science des donn\u00e9es et de l\u2019IA\/ML. Compute! \u00e9largit le spectre de PyData pour embrasser l\u2019ensemble des langages de programmation et technologies libres pour la science des donn\u00e9es et l\u2019IA\/ML.<\/p>\n<p>Si vous souhaitez rencontrer des mainteneurs de Jupyter, SciPy, Scikit-learn, R, Mamba, Apache Arrow, SymPy, conda-forge, Pixi, c\u2019est la bonne conf\u00e9rence\u00a0!<\/p>\n<p>La conf\u00e9rence inaugurera la nouvelle s\u00e9rie Compute! Le programme comprend quatre keynotes par\u00a0:<\/p>\n<p><a href=\"https:\/\/media.licdn.com\/dms\/image\/v2\/D5603AQGtqRiDG78lyQ\/profile-displayphoto-shrink_800_800\/profile-displayphoto-shrink_800_800\/0\/1696371191594?e=1789603200&amp;v=beta&amp;t=KhuPkvCBsrdrvOw_JDBm8M4Tw4LmkFcifjhlxzaYzJg\" rel=\"nofollow noopener\" target=\"_blank\"><img decoding=\"async\" src=\"https:\/\/www.europesays.com\/fr\/wp-content\/uploads\/2026\/08\/H3x8xwbo.png\" alt=\"Fernando P\u00e9rez\" title=\"Source : https:\/\/pic.infini.fr\/K9ex5t98\/H3x8xwbo.png\"\/><\/a><br \/>Fernando P\u00e9rez (Jupyter, UC Berkeley)<\/p>\n<p><a href=\"https:\/\/media.licdn.com\/dms\/image\/v2\/D4E03AQGEtmbioehvig\/profile-displayphoto-crop_800_800\/B4EZ6UBUL6JkAQ-\/0\/1780599833666?e=1789603200&amp;v=beta&amp;t=hTgVaOT7tZHyel7dd504Qv5jSzoDFNqHy8EZk6aC4uw\" rel=\"nofollow noopener\" target=\"_blank\"><img decoding=\"async\" src=\"https:\/\/www.europesays.com\/fr\/wp-content\/uploads\/2026\/08\/G3EiFHu5.png\" alt=\"Mackenzie Mathis\" title=\"Source : https:\/\/pic.infini.fr\/6LGbgmvV\/G3EiFHu5.png\"\/><\/a><br \/>Mackenzie Mathis (DeepLabCut, EPFL)<\/p>\n<p><a href=\"https:\/\/media.licdn.com\/dms\/image\/v2\/D4D03AQHLBW1W3S7UHQ\/profile-displayphoto-crop_800_800\/B4DZ2Nmz4PH8AM-\/0\/1776197261526?e=1789603200&amp;v=beta&amp;t=E0UwiAA-VTr5toabZ2ObIQ4P21k_o8uUbCGSizCQRLY\" rel=\"nofollow noopener\" target=\"_blank\"><img decoding=\"async\" src=\"https:\/\/www.europesays.com\/fr\/wp-content\/uploads\/2026\/08\/GHoo7Hfc.png\" alt=\"Wolf Vollprecht\" title=\"Source : https:\/\/pic.infini.fr\/JQHmJq4g\/GHoo7Hfc.png\"\/><\/a><br \/>Wolf Vollprecht (Pixi, Prefix.dev)<\/p>\n<p><a href=\"https:\/\/media.licdn.com\/dms\/image\/v2\/C4E03AQEFDlK7Vk1xnQ\/profile-displayphoto-shrink_800_800\/profile-displayphoto-shrink_800_800\/0\/1517457595956?e=1789603200&amp;v=beta&amp;t=PODw7z_2P79e0r-LHsrYiMfPD0ZJQ5qYY-bqGLkPdzQ\" rel=\"nofollow noopener\" target=\"_blank\"><img decoding=\"async\" src=\"https:\/\/www.europesays.com\/fr\/wp-content\/uploads\/2026\/08\/KurWPwCU.png\" alt=\"Ines Montani\" title=\"Source : https:\/\/pic.infini.fr\/DwVPHwyM\/KurWPwCU.png\"\/><\/a><br \/>Ines Montani (SpaCy, explosion.ai)<\/p>\n<p>Pour plus d\u2019informations sur la conf\u00e9rence, rendez-vous sur notre <a href=\"https:\/\/compute.events\/paris2026\/\" rel=\"nofollow noopener\" target=\"_blank\">site Web<\/a>.<\/p>\n<p>Vous pouvez aussi suivre Compute! Paris sur:<\/p>\n<p>Mastodon : <a href=\"https:\/\/mastodon.social\/@ComputeParis@mastodon.social\" rel=\"nofollow noopener\" target=\"_blank\">@ComputeParis@mastodon.social<\/a><br \/>Bluesky : <a href=\"https:\/\/bsky.app\/profile\/computeparis.bsky.social\" rel=\"nofollow noopener\" target=\"_blank\">@computeparis.bsky.social<\/a><br \/>LinkedIn : <a href=\"https:\/\/www.linkedin.com\/company\/compute-paris\/\" rel=\"nofollow noopener\" target=\"_blank\">compute-paris<\/a><\/p>\n<p>Si vous \u00eates int\u00e9ress\u00e9\u00b7e\u00b7s par cette communaut\u00e9 open-source, n\u2019h\u00e9sitez-pas \u00e0 rejoindre notre <a href=\"https:\/\/www.meetup.com\/compute-paris\/\" rel=\"nofollow noopener\" target=\"_blank\">groupe Meetup<\/a>, qui compte aujourd\u2019hui plus de 5\u202f000 membres.<\/p>\n<p>Aller plus loin<\/p>\n","protected":false},"excerpt":{"rendered":"Nous sommes ravis d\u2019annoncer la premi\u00e8re \u00e9dition de la conf\u00e9rence Compute! Paris, qui se tiendra les 25 et&hellip;\n","protected":false},"author":2,"featured_media":1155775,"comment_status":"","ping_status":"","sticky":false,"template":"","format":"standard","meta":{"footnotes":"","_share_on_mastodon":"0"},"categories":[1888],"tags":[1111,1928,11,1927,1777,674,1011,27,118290,118288,12,1926,626,1925,25,41,118289],"class_list":["post-1155774","post","type-post","status-publish","format-standard","has-post-thumbnail","category-paris","tag-actu","tag-actu-paris","tag-actualites","tag-actualites-paris","tag-eu","tag-europe","tag-fr","tag-france","tag-jupyter","tag-machine_learning","tag-news","tag-news-paris","tag-paris","tag-paris-news","tag-republique-francaise","tag-sciences","tag-scipy"],"share_on_mastodon":{"url":"https:\/\/pubeurope.com\/@fr\/117179924659207603","error":""},"_links":{"self":[{"href":"https:\/\/www.europesays.com\/fr\/wp-json\/wp\/v2\/posts\/1155774","targetHints":{"allow":["GET"]}}],"collection":[{"href":"https:\/\/www.europesays.com\/fr\/wp-json\/wp\/v2\/posts"}],"about":[{"href":"https:\/\/www.europesays.com\/fr\/wp-json\/wp\/v2\/types\/post"}],"author":[{"embeddable":true,"href":"https:\/\/www.europesays.com\/fr\/wp-json\/wp\/v2\/users\/2"}],"replies":[{"embeddable":true,"href":"https:\/\/www.europesays.com\/fr\/wp-json\/wp\/v2\/comments?post=1155774"}],"version-history":[{"count":0,"href":"https:\/\/www.europesays.com\/fr\/wp-json\/wp\/v2\/posts\/1155774\/revisions"}],"wp:featuredmedia":[{"embeddable":true,"href":"https:\/\/www.europesays.com\/fr\/wp-json\/wp\/v2\/media\/1155775"}],"wp:attachment":[{"href":"https:\/\/www.europesays.com\/fr\/wp-json\/wp\/v2\/media?parent=1155774"}],"wp:term":[{"taxonomy":"category","embeddable":true,"href":"https:\/\/www.europesays.com\/fr\/wp-json\/wp\/v2\/categories?post=1155774"},{"taxonomy":"post_tag","embeddable":true,"href":"https:\/\/www.europesays.com\/fr\/wp-json\/wp\/v2\/tags?post=1155774"}],"curies":[{"name":"wp","href":"https:\/\/api.w.org\/{rel}","templated":true}]}}