{"id":1155798,"date":"2026-08-29T17:28:23","date_gmt":"2026-08-29T17:28:23","guid":{"rendered":"https:\/\/www.europesays.com\/fr\/1155798\/"},"modified":"2026-08-29T17:28:23","modified_gmt":"2026-08-29T17:28:23","slug":"bardella-faure-lecornu-hollande-philippe-un-samedi-de-rentree-politique-en-france","status":"publish","type":"post","link":"https:\/\/www.europesays.com\/fr\/1155798\/","title":{"rendered":"Bardella, Faure, Lecornu, Hollande, Philippe : un samedi de rentr\u00e9e politique en France"},"content":{"rendered":"<p class=\"mb-4 text-lg md:leading-8 break-words\">Avant de conna\u00eetre l&rsquo;identit\u00e9 du prochain pr\u00e9sident de la R\u00e9publique, la France va devoir se doter d&rsquo;un budget pour l&rsquo;ann\u00e9e 2027.<\/p>\n<p class=\"mb-4 text-lg md:leading-8 break-words\">C&rsquo;est la mission premi\u00e8re du chef du gouvernement S\u00e9bastien Lecornu, qui s&rsquo;est exprim\u00e9 \u00e0 ce sujet dans un entretien publi\u00e9 par <a data-ylk=\"slk:Le;elm:context_link;itc:0;sec:content-canvas;\" data-yga=\"{&quot;yLinkElement&quot;:&quot;link&quot;,&quot;yLinkElementType&quot;:&quot;article_link&quot;}\" href=\"https:\/\/www.leparisien.fr\/politique\/il-faut-agir-et-vite-crise-agricole-retraites-budget-2027-impots-presidentielle-les-verites-de-lecornu-pour-la-rentree-29-08-2026-YXXZSUPB4ZDVBIOWNIHQO4VINU.php\" rel=\"noopener noreferrer nofollow\" target=\"_blank\">Le<\/a><a data-ylk=\"elm:context_link;itc:0;sec:content-canvas;\" data-yga=\"{&quot;yLinkElement&quot;:&quot;link&quot;,&quot;yLinkElementType&quot;:&quot;article_link&quot;}\" href=\"https:\/\/www.leparisien.fr\/politique\/il-faut-agir-et-vite-crise-agricole-retraites-budget-2027-impots-presidentielle-les-verites-de-lecornu-pour-la-rentree-29-08-2026-YXXZSUPB4ZDVBIOWNIHQO4VINU.php\" rel=\"noopener noreferrer nofollow\" target=\"_blank\"> <\/a><a data-ylk=\"slk:Parisien;elm:context_link;itc:0;sec:content-canvas;\" data-yga=\"{&quot;yLinkElement&quot;:&quot;link&quot;,&quot;yLinkElementType&quot;:&quot;article_link&quot;}\" href=\"https:\/\/www.leparisien.fr\/politique\/il-faut-agir-et-vite-crise-agricole-retraites-budget-2027-impots-presidentielle-les-verites-de-lecornu-pour-la-rentree-29-08-2026-YXXZSUPB4ZDVBIOWNIHQO4VINU.php\" rel=\"noopener noreferrer nofollow\" target=\"_blank\">Parisien<\/a>.<\/p>\n<p class=\"mb-4 text-lg md:leading-8 break-words\">\u00c0 moins de huit mois du premier tour de l&rsquo;\u00e9lection pr\u00e9sidentielle et en l&rsquo;absence de majorit\u00e9 \u00e0 l&rsquo;Assembl\u00e9e nationale, le Premier ministre esp\u00e8re \u00e9viter tout blocage politique en promettant un budget \u00ab\u00a0avec des mesures, pour beaucoup, r\u00e9versibles, par la nouvelle majorit\u00e9 qui sortira des urnes.\u00a0\u00bb<\/p>\n<p class=\"mb-4 text-lg md:leading-8 break-words\">S\u00e9bastien Lecornu ne pr\u00e9voit pas de hausse d&rsquo;imp\u00f4ts, mais un \u00ab\u00a0plan de sauvetage\u00a0\u00bb agricole et une r\u00e9forme des arr\u00eats maladie.<\/p>\n<p class=\"mb-4 text-lg md:leading-8 break-words\">Quand \u00e0 2027, il le r\u00e9p\u00e8te : \u00ab\u00a0Je ne sais pas dans quelle langue il faut que je le dise !\u00a0\u00bb ; \u00ab\u00a0je ne suis pas candidat \u00e0 l&rsquo;\u00e9lection pr\u00e9sidentielle. Je ne me m\u00eale pas de la campagne pr\u00e9sidentielle.\u00a0\u00bb<\/p>\n<p class=\"mb-4 text-lg md:leading-8 break-words\">Le Premier ministre \u00e9tait \u00e0 Sens ce samedi, \u00e0 l&rsquo;occasion de l&rsquo;universit\u00e9 d&rsquo;\u00e9t\u00e9 du Laboratoire de la R\u00e9publique, le mouvement de l&rsquo;ancien ministre de l&rsquo;\u00c9ducation Jean-Michel Blanquer.<\/p>\n<p>Olivier Faure appelle \u00e0 un \u00ab\u00a0socialisme \u00e9cologique\u00a0\u00bb<\/p>\n<p class=\"mb-4 text-lg md:leading-8 break-words\">De son c\u00f4t\u00e9, le Premier secr\u00e9taire du Parti socialiste (PS), Olivier Faure, pr\u00e9vient : \u00ab\u00a0Si la copie qui sort des d\u00e9bats est celle de messieurs Attal et Philippe avec le soutien de l&rsquo;extr\u00eame droite, alors je le dis nous censurerons !\u00a0\u00bb<\/p>\n<p class=\"mb-4 text-lg md:leading-8 break-words\">Dans son discours aux journ\u00e9es d&rsquo;\u00e9t\u00e9 du PS, il a aussi appel\u00e9 la gauche \u00e0 \u00ab\u00a0dresser la digue\u00a0\u00bb contre l&rsquo;alliance entre \u00ab\u00a0l&rsquo;extr\u00eame droite\u00a0\u00bb et \u00ab\u00a0l&rsquo;extr\u00eame argent\u00a0\u00bb. \u00ab\u00a0L&rsquo;heure du socialisme \u00e9cologique a sonn\u00e9\u00a0\u00bb, a-t-il \u00e9galement d\u00e9clar\u00e9, alors qu&rsquo;il laisse toujours planer le doute sur ses intentions en vue de la primaire de la gauche.<\/p>\n<p>Jordan Bardella estime que le RN peut \u00ab\u00a0gagner cette \u00e9lection\u00a0\u00bb<\/p>\n<p class=\"mb-4 text-lg md:leading-8 break-words\">En d\u00e9placement \u00e0 la Foire de Ch\u00e2lons-en-Champagne (Marne), le pr\u00e9sident du Rassemblement national (RN), Jordan Bardella, a lui assur\u00e9 que son parti avait \u00ab\u00a0beaucoup travaill\u00e9 cet \u00e9t\u00e9 sur le programme de redressement du pays\u00a0\u00bb et la \u00ab\u00a0campagne pr\u00e9sidentielle\u00a0\u00bb.<\/p>\n<p class=\"mb-4 text-lg md:leading-8 break-words\"><strong>Related<\/strong><\/p>\n<p class=\"mb-4 text-lg md:leading-8 break-words\">Un temps pressenti pour \u00eatre le candidat du parti d&rsquo;extr\u00eame droite, Jordan Bardella a finalement d\u00fb se ranger derri\u00e8re Marine Le Pen.<\/p>\n<p>Un d\u00e9bat entre \u00c9douard Philippe et Fran\u00e7ois Hollande<\/p>\n<p class=\"mb-4 text-lg md:leading-8 break-words\">Autre candidat \u00e0 l&rsquo;\u00e9lection pr\u00e9sidentielle, \u00c9douard Philippe (Horizons) a d\u00e9battu samedi avec l&rsquo;ancien pr\u00e9sident socialiste Fran\u00e7ois Hollande, dont les ambitions pour 2027 semblent grandir.<\/p>\n<p class=\"mb-4 text-lg md:leading-8 break-words\">Lors de l&rsquo;universit\u00e9 d&rsquo;\u00e9t\u00e9 du Laboratoire de la R\u00e9publique, les deux hommes se sont accord\u00e9s sur l&rsquo;importance, selon eux, de se m\u00e9fier du RN et de La France insoumise (LFI). \u00ab\u00a0Dans un pays aussi divis\u00e9, o\u00f9 la discorde a \u00e9t\u00e9 install\u00e9e, o\u00f9 il y a une forme de radicalit\u00e9, de populisme, o\u00f9 on met les uns contre les autres, il faut s&rsquo;unir (\u2026) contre tous ceux qui divisent\u00a0\u00bb, a d\u00e9clar\u00e9 Fran\u00e7ois Hollande.<\/p>\n<p class=\"mb-4 text-lg md:leading-8 break-words\">\u00c9douard Phillipe, qui esp\u00e8re rassembler \u00e0 droite et au centre, appelle aussi \u00e0 se m\u00e9fier des deux partis, \u00ab\u00a0non pas parce qu&rsquo;ils seraient ill\u00e9gitimes dans le d\u00e9bat public, mais parce qu&rsquo;ils divisent\u00a0\u00bb.<\/p>\n<p class=\"mb-4 text-lg md:leading-8 break-words\">S&rsquo;ils alertent sur l&rsquo;\u00e9tat de l&rsquo;\u00e9conomie fran\u00e7aise, l&rsquo;ancien chef de l&rsquo;\u00c9tat et l&rsquo;ex-Premier ministre ne pr\u00e9conisent pas les m\u00eames rem\u00e8des. Fran\u00e7ois Hollande appelant \u00e0 une \u00ab\u00a0augmentation des pr\u00e9l\u00e8vements\u00a0\u00bb, quand \u00c9douard Philippe recommande de \u00ab\u00a0contenir\u00a0\u00bb les d\u00e9penses sociales.<\/p>\n","protected":false},"excerpt":{"rendered":"Avant de conna\u00eetre l&rsquo;identit\u00e9 du prochain pr\u00e9sident de la R\u00e9publique, la France va devoir se doter d&rsquo;un budget&hellip;\n","protected":false},"author":2,"featured_media":1155799,"comment_status":"","ping_status":"","sticky":false,"template":"","format":"standard","meta":{"footnotes":"","_share_on_mastodon":"0"},"categories":[4],"tags":[21202,11,118301,118296,118298,118300,3080,118295,1011,27,3082,3707,1077,5553,430,118292,118293,12,4393,118299,429,25,11067,118297,118294],"class_list":["post-1155798","post","type-post","status-publish","format-standard","has-post-thumbnail","category-france","tag-21202","tag-actualites","tag-appelle-aussi-a-se-mefier-des-deux-partis","tag-avant-de-connaitre","tag-contre-tous-ceux-qui-divisent","tag-divisent","tag-edouard-philippe","tag-edouard-phillipe","tag-fr","tag-france","tag-francois-hollande","tag-il","tag-jordan-bardella","tag-le-parisien","tag-marine-le-pen","tag-ministre-espere","tag-ministre-ne-preconisent-pas-les","tag-news","tag-olivier-faure","tag-olivier-faure-appelle","tag-ps","tag-republique-francaise","tag-sebastien-lecornu","tag-sebastien-lecornu-ne-prevoit-pas-de-hausse","tag-un-debat-entre-edouard-philippe"],"share_on_mastodon":{"url":"","error":"Validation failed: Text character limit of 500 exceeded"},"_links":{"self":[{"href":"https:\/\/www.europesays.com\/fr\/wp-json\/wp\/v2\/posts\/1155798","targetHints":{"allow":["GET"]}}],"collection":[{"href":"https:\/\/www.europesays.com\/fr\/wp-json\/wp\/v2\/posts"}],"about":[{"href":"https:\/\/www.europesays.com\/fr\/wp-json\/wp\/v2\/types\/post"}],"author":[{"embeddable":true,"href":"https:\/\/www.europesays.com\/fr\/wp-json\/wp\/v2\/users\/2"}],"replies":[{"embeddable":true,"href":"https:\/\/www.europesays.com\/fr\/wp-json\/wp\/v2\/comments?post=1155798"}],"version-history":[{"count":0,"href":"https:\/\/www.europesays.com\/fr\/wp-json\/wp\/v2\/posts\/1155798\/revisions"}],"wp:featuredmedia":[{"embeddable":true,"href":"https:\/\/www.europesays.com\/fr\/wp-json\/wp\/v2\/media\/1155799"}],"wp:attachment":[{"href":"https:\/\/www.europesays.com\/fr\/wp-json\/wp\/v2\/media?parent=1155798"}],"wp:term":[{"taxonomy":"category","embeddable":true,"href":"https:\/\/www.europesays.com\/fr\/wp-json\/wp\/v2\/categories?post=1155798"},{"taxonomy":"post_tag","embeddable":true,"href":"https:\/\/www.europesays.com\/fr\/wp-json\/wp\/v2\/tags?post=1155798"}],"curies":[{"name":"wp","href":"https:\/\/api.w.org\/{rel}","templated":true}]}}