{"id":115581,"date":"2025-05-21T00:17:19","date_gmt":"2025-05-21T00:17:19","guid":{"rendered":"https:\/\/www.europesays.com\/fr\/115581\/"},"modified":"2025-05-21T00:17:19","modified_gmt":"2025-05-21T00:17:19","slug":"une-simulation-pour-sauver-les-oeuvres-dart-de-la-cathedrale-de-strasbourg","status":"publish","type":"post","link":"https:\/\/www.europesays.com\/fr\/115581\/","title":{"rendered":"une simulation pour sauver les oeuvres d&rsquo;art de la cath\u00e9drale de Strasbourg"},"content":{"rendered":"<p>D\u00e9tonations, fum\u00e9e, alarme incendie et lance \u00e0 eau: un exercice de s\u00e9curit\u00e9 civile \u00ab\u00a0en conditions r\u00e9elles\u00a0\u00bb s&rsquo;est d\u00e9roul\u00e9 mardi pour entra\u00eener les pompiers \u00e0 prot\u00e9ger, en cas d&rsquo;incendie, les \u0153uvres expos\u00e9es au sein de la cath\u00e9drale de Strasbourg.<\/p>\n<p>Au total, 120 personnes dont 80 sapeurs-pompiers ont \u00e9t\u00e9 mobilis\u00e9es lors de cet exercice qui simulait un d\u00e9part de feu provoqu\u00e9 par un individu dans la partie sud de la cath\u00e9drale.<\/p>\n<p>Une Piet\u00e0 du XVe si\u00e8cle, de l&rsquo;orf\u00e8vrerie ou des tapisseries du XVIIIe si\u00e8cle&#8230; 34 \u0153uvres sont class\u00e9es monuments historique et 12 sont inscrites \u00e0 l&rsquo;inventaire des biens culturels \u00e0 prot\u00e9ger.<\/p>\n<p>L&rsquo;objectif de cet exercice \u00e9tait d&rsquo;\u00e9valuer l&rsquo;efficacit\u00e9 du \u00ab\u00a0plan de sauvegarde des biens culturels\u00a0\u00bb de la cath\u00e9drale, qui indique aux services de secours quelles \u0153uvres doivent \u00eatre en priorit\u00e9 \u00e9vacu\u00e9es, b\u00e2ch\u00e9es ou prot\u00e9g\u00e9es d&rsquo;\u00e9ventuelles chutes d&rsquo;objets lors d&rsquo;un incendie.<\/p>\n<p>\u00ab\u00a0Nous avons tous en m\u00e9moire les images traumatisantes de l&rsquo;incendie de Notre-Dame de Paris. Voir que la soci\u00e9t\u00e9 civile et les autorit\u00e9s de l&rsquo;\u00c9tat prennent de telles mesures, c&rsquo;est rassurant\u00a0\u00bb, a d\u00e9clar\u00e9 Didier Muntzinger, l&rsquo;archipr\u00eatre de la cath\u00e9drale, venu assister \u00e0 l&rsquo;exercice coordonn\u00e9 par la pr\u00e9fecture, les sapeurs-pompiers et des agents de la Direction r\u00e9gionale des affaires culturelles (DRAC).<\/p>\n<p>Apr\u00e8s avoir simul\u00e9 la ma\u00eetrise d&rsquo;un incendie, vient le moment de la s\u00e9curisation des \u0153uvres.<\/p>\n<p>Un autel est recouvert d&rsquo;une b\u00e2che pour le sauvegarder des projections d&rsquo;eau. Les torch\u00e8res du ch\u0153ur, trop lourdes pour \u00eatre d\u00e9plac\u00e9es, mobilisent \u00e0 elles seules sept pompiers qui les \u00e9quipent de structures de protection en bois.<\/p>\n<p>Les 12 ap\u00f4tres de bois du XVIIIe si\u00e8cle situ\u00e9s dans le choeur liturgique ont \u00e9t\u00e9 remplac\u00e9s pour l&rsquo;exercice par de grandes vasques, \u00e9vacu\u00e9es par les pompiers.<\/p>\n<p>\u00ab\u00a0L&rsquo;id\u00e9e est de voir concr\u00e8tement sur le terrain s&rsquo;il y a des failles, comment est-ce que l&rsquo;on peut s&rsquo;am\u00e9liorer, comment tous s&rsquo;entra\u00eener pour acqu\u00e9rir des r\u00e9flexes\u00a0\u00bb, r\u00e9sume la sous-pr\u00e9f\u00e8te C\u00e9cile Rackette. Ceci afin d&rsquo;\u00e9viter un \u00ab\u00a0effet de d\u00e9couverte\u00a0\u00bb pour les secouristes, en cas d&rsquo;incendie r\u00e9el. <\/p>\n<p>Depuis 2020, un plan \u00ab\u00a0s\u00e9curit\u00e9 cath\u00e9drale\u00a0\u00bb assure le suivi des 87 cath\u00e9drales de France qui appartiennent \u00e0 l&rsquo;\u00c9tat et pr\u00e9voit une visite de s\u00e9curit\u00e9 incendie tous les cinq ans.<\/p>\n<p>Deuxi\u00e8me \u00e9difice religieux le plus visit\u00e9 de France, la cath\u00e9drale Notre-Dame de Strasbourg dispose d&rsquo;un budget annuel de 180.000 euros pour son entretien et sa s\u00e9curit\u00e9, selon la pr\u00e9fecture. <\/p>\n<p>cka\/mlx\/ab<\/p>\n","protected":false},"excerpt":{"rendered":"D\u00e9tonations, fum\u00e9e, alarme incendie et lance \u00e0 eau: un exercice de s\u00e9curit\u00e9 civile \u00ab\u00a0en conditions r\u00e9elles\u00a0\u00bb s&rsquo;est d\u00e9roul\u00e9&hellip;\n","protected":false},"author":2,"featured_media":115582,"comment_status":"","ping_status":"","sticky":false,"template":"","format":"standard","meta":{"footnotes":""},"categories":[2820],"tags":[1111,11,1777,674,1011,27,775,12,3341,10327,25,23575,16522,640,23576],"class_list":{"0":"post-115581","1":"post","2":"type-post","3":"status-publish","4":"format-standard","5":"has-post-thumbnail","7":"category-strasbourg","8":"tag-actu","9":"tag-actualites","10":"tag-eu","11":"tag-europe","12":"tag-fr","13":"tag-france","14":"tag-grand-est","15":"tag-news","16":"tag-notre-dame-de-paris","17":"tag-plan-de-sauvegarde","18":"tag-republique-francaise","19":"tag-securite-cathedrale","20":"tag-services-de-secours","21":"tag-strasbourg","22":"tag-xviiie-siecle"},"share_on_mastodon":{"url":"https:\/\/pubeurope.com\/@fr\/114542952202165818","error":""},"_links":{"self":[{"href":"https:\/\/www.europesays.com\/fr\/wp-json\/wp\/v2\/posts\/115581","targetHints":{"allow":["GET"]}}],"collection":[{"href":"https:\/\/www.europesays.com\/fr\/wp-json\/wp\/v2\/posts"}],"about":[{"href":"https:\/\/www.europesays.com\/fr\/wp-json\/wp\/v2\/types\/post"}],"author":[{"embeddable":true,"href":"https:\/\/www.europesays.com\/fr\/wp-json\/wp\/v2\/users\/2"}],"replies":[{"embeddable":true,"href":"https:\/\/www.europesays.com\/fr\/wp-json\/wp\/v2\/comments?post=115581"}],"version-history":[{"count":0,"href":"https:\/\/www.europesays.com\/fr\/wp-json\/wp\/v2\/posts\/115581\/revisions"}],"wp:featuredmedia":[{"embeddable":true,"href":"https:\/\/www.europesays.com\/fr\/wp-json\/wp\/v2\/media\/115582"}],"wp:attachment":[{"href":"https:\/\/www.europesays.com\/fr\/wp-json\/wp\/v2\/media?parent=115581"}],"wp:term":[{"taxonomy":"category","embeddable":true,"href":"https:\/\/www.europesays.com\/fr\/wp-json\/wp\/v2\/categories?post=115581"},{"taxonomy":"post_tag","embeddable":true,"href":"https:\/\/www.europesays.com\/fr\/wp-json\/wp\/v2\/tags?post=115581"}],"curies":[{"name":"wp","href":"https:\/\/api.w.org\/{rel}","templated":true}]}}