{"id":115585,"date":"2025-05-21T00:19:15","date_gmt":"2025-05-21T00:19:15","guid":{"rendered":"https:\/\/www.europesays.com\/fr\/115585\/"},"modified":"2025-05-21T00:19:15","modified_gmt":"2025-05-21T00:19:15","slug":"kevin-saura-group-en-showcase-a-la-fnac-nice","status":"publish","type":"post","link":"https:\/\/www.europesays.com\/fr\/115585\/","title":{"rendered":"Kevin Saura Group en showcase \u00e0 la Fnac Nice"},"content":{"rendered":"<p>La Fnac Nice vous propose de d\u00e9couvrir \u00ab Ahead! \u00bb, le nouvel album de jazz fusion du Kevin Saura Group, \u00e0 l\u2019occasion d\u2019un showcase en magasin. L\u2019album est sorti en avril 2025 chez Tweed Productions.<\/p>\n<p>                            \u25ba Rendez-vous \u00e0 la Fnac Nice le 20 juin \u00e0 17h !<\/p>\n<p>AHEAD! Aller de l\u2019avant, en anglais. Avancer sans peur de l\u2019inconnu, d\u00e9fricher, repousser les murs quels qu\u2019ils soient.<\/p>\n<p>Le guitariste ni\u00e7ois Kevin Saura n\u2019est pas du genre \u00e0 rester plant\u00e9 au premier carrefour musical. Bien au contraire, il s\u2019amuse \u00e0 naviguer entre les esth\u00e9tiques, alliant tradition et modernit\u00e9, frayant aussi bien dans le blues-rock, comme dans son premier album Dirty Talks (2023), que dans le bebop, le jazz west coast, le funk, le free, etc.<\/p>\n<p>Chez Saura, Wes, Miles et Herbie c\u00f4toient le Voodoo Child.<\/p>\n<p>Avec son quintet de fines lames,\u00a0Kevin Saura trace la route et creuse le sillon d\u2019un jazz fusion avec son nouvel album\u00a0 Ahead! (Tweed Productions\/Inou\u00efe Distribution).<\/p>\n<p><strong>Line-up showcase<\/strong><\/p>\n<p><strong>Kevin Saura \u2013 <\/strong>guitare, compositions<strong><br \/>Aur\u00e9lien Miguel \u2013 <\/strong>guitare<strong><br \/>Romann Dauneau \u2013 <\/strong>basse<strong><br \/>Yoann Serra \u2013 <\/strong>batterie<strong><br \/>Philippe Ciminato \u2013 <\/strong>percussions<\/p>\n<p style=\"text-align: center;\">*\u00c9v\u00e9nement gratuit, acc\u00e8s dans la limite des places disponibles<\/p>\n<p>        <img decoding=\"async\" src=\"https:\/\/www.europesays.com\/fr\/wp-content\/uploads\/2025\/04\/logo-rse.png\" alt=\"Logo RSE\" loading=\"lazy\" width=\"84\" height=\"116\"\/><\/p>\n<p>\n        La Fnac s\u2019engage activement dans les initiatives de responsabilit\u00e9 soci\u00e9tale des entreprises (RSE).\n    <\/p>\n<p>\n        Aidez-nous en choisissant la mobilit\u00e9 douce en privil\u00e9giant par exemple le v\u00e9lo (pistes cyclables et stationnements \u00e0 disposition), les transports en commun ou le covoiturage pour nous rejoindre. Ainsi, vous contribuez \u00e0 r\u00e9duire les \u00e9missions de gaz \u00e0 effet de serre et \u00e0 am\u00e9liorer notre qualit\u00e9 de l\u2019air. Pour plus d\u2019information, consultez la fiche du magasin.<br \/>Tous nos \u00e9v\u00e8nements sont en acc\u00e8s gratuit, dans la limite des places disponibles.\n    <\/p>\n","protected":false},"excerpt":{"rendered":"La Fnac Nice vous propose de d\u00e9couvrir \u00ab Ahead! \u00bb, le nouvel album de jazz fusion du Kevin&hellip;\n","protected":false},"author":2,"featured_media":115586,"comment_status":"","ping_status":"","sticky":false,"template":"","format":"standard","meta":{"footnotes":""},"categories":[2819],"tags":[1111,11,23577,1777,674,9391,1011,27,23578,23579,23580,12,2401,882,25,22288],"class_list":{"0":"post-115585","1":"post","2":"type-post","3":"status-publish","4":"format-standard","5":"has-post-thumbnail","7":"category-nice","8":"tag-actu","9":"tag-actualites","10":"tag-ahead","11":"tag-eu","12":"tag-europe","13":"tag-evenement-fnac-gratuit","14":"tag-fr","15":"tag-france","16":"tag-jazz-fusion","17":"tag-kevin-saura-group","18":"tag-mini-concert-magasin","19":"tag-news","20":"tag-nice","21":"tag-provence-alpes-cote-dazur","22":"tag-republique-francaise","23":"tag-showcase-magasin"},"share_on_mastodon":{"url":"https:\/\/pubeurope.com\/@fr\/114542959906790795","error":""},"_links":{"self":[{"href":"https:\/\/www.europesays.com\/fr\/wp-json\/wp\/v2\/posts\/115585","targetHints":{"allow":["GET"]}}],"collection":[{"href":"https:\/\/www.europesays.com\/fr\/wp-json\/wp\/v2\/posts"}],"about":[{"href":"https:\/\/www.europesays.com\/fr\/wp-json\/wp\/v2\/types\/post"}],"author":[{"embeddable":true,"href":"https:\/\/www.europesays.com\/fr\/wp-json\/wp\/v2\/users\/2"}],"replies":[{"embeddable":true,"href":"https:\/\/www.europesays.com\/fr\/wp-json\/wp\/v2\/comments?post=115585"}],"version-history":[{"count":0,"href":"https:\/\/www.europesays.com\/fr\/wp-json\/wp\/v2\/posts\/115585\/revisions"}],"wp:featuredmedia":[{"embeddable":true,"href":"https:\/\/www.europesays.com\/fr\/wp-json\/wp\/v2\/media\/115586"}],"wp:attachment":[{"href":"https:\/\/www.europesays.com\/fr\/wp-json\/wp\/v2\/media?parent=115585"}],"wp:term":[{"taxonomy":"category","embeddable":true,"href":"https:\/\/www.europesays.com\/fr\/wp-json\/wp\/v2\/categories?post=115585"},{"taxonomy":"post_tag","embeddable":true,"href":"https:\/\/www.europesays.com\/fr\/wp-json\/wp\/v2\/tags?post=115585"}],"curies":[{"name":"wp","href":"https:\/\/api.w.org\/{rel}","templated":true}]}}