{"id":1155882,"date":"2026-08-29T18:26:32","date_gmt":"2026-08-29T18:26:32","guid":{"rendered":"https:\/\/www.europesays.com\/fr\/1155882\/"},"modified":"2026-08-29T18:26:32","modified_gmt":"2026-08-29T18:26:32","slug":"affaire-delogu-a-marseille-le-voisin-a-lorigine-de-laltercation-relaxe-le-depute-denonce-une-supercherie","status":"publish","type":"post","link":"https:\/\/www.europesays.com\/fr\/1155882\/","title":{"rendered":"Affaire Delogu \u00e0 Marseille : le voisin \u00e0 l&rsquo;origine de l&rsquo;altercation relax\u00e9, le d\u00e9put\u00e9 d\u00e9nonce une \u00ab\u00a0supercherie\u00a0\u00bb"},"content":{"rendered":"<p>Qualifi\u00e9e d\u2019affaire \u00ab\u00a0de cornecul\u00a0\u00bb par une source proche du dossier, <a href=\"https:\/\/www.laprovence.com\/article\/faits-divers-justice\/2073009009894814\/sebastien-delogu-depute-lfi-entendu-en-audition-libre-dans-les-locaux-de-lhotel-de-police-de-leveche-a-marseille\" target=\"_self\" rel=\"nofollow noopener\">l\u2019altercation <\/a>entre le d\u00e9put\u00e9 insoumis S\u00e9bastien Delogu et trois policiers marseillais conna\u00eet un nouveau rebondissement. Retour en arri\u00e8re. Ce lundi 24\u00a0ao\u00fbt, les fonctionnaires du service interd\u00e9partemental de s\u00e9curisation des transports en commun de Marseille (SISTC) se rendent dans l\u2019immeuble de l\u2019\u00e9lu, ont-ils expliqu\u00e9, pour interpeller un de ses\u00a0voisins directs suspect\u00e9 de vol de montres de luxe. Apr\u00e8s un premier essai dans la matin\u00e9e, ils reviennent \u00e0 la charge dans l\u2019apr\u00e8s-midi. C\u2019est alors qu\u2019ils se retrouvent nez \u00e0 nez avec S\u00e9bastien Delogu. Depuis deux versions s\u2019opposent\u00a0: les agents assurent que le d\u00e9put\u00e9 a fait obstacle \u00e0 l\u2019intervention, en les emp\u00eachant dans un premier temps d\u2019entrer dans l\u2019immeuble, avant de les insulter vertement en les traitant de \u00ab\u00a0trou du cul\u00a0\u00bb. Une deuxi\u00e8me accusation qui vaudra \u00e0 S\u00e9bastien Delogu de compara\u00eetre devant le tribunal correctionnel <a href=\"https:\/\/www.laprovence.com\/article\/faits-divers-justice\/2236331702927514\/sebastien-delogu-en-garde-a-vue-interpellation-de-son-voisin-de-palier-deux-versions-qui-s-opposent-on-rembobine\" target=\"_self\" rel=\"nofollow noopener\">le 13\u00a0novembre <\/a>pour des faits suppos\u00e9s d\u2019outrage.<\/p>\n<p>De son c\u00f4t\u00e9, l\u2019\u00e9lu affirme que l\u2019un des policiers en civils l\u2019a injuri\u00e9 et \u00ab\u00a0violemment pouss\u00e9 avec son poing\u00a0\u00bb apr\u00e8s qu\u2019il leur a simplement demand\u00e9 de justifier de leur qualit\u00e9 professionnel. &#8230;<\/p>\n","protected":false},"excerpt":{"rendered":"Qualifi\u00e9e d\u2019affaire \u00ab\u00a0de cornecul\u00a0\u00bb par une source proche du dossier, l\u2019altercation entre le d\u00e9put\u00e9 insoumis S\u00e9bastien Delogu et&hellip;\n","protected":false},"author":2,"featured_media":1155883,"comment_status":"","ping_status":"","sticky":false,"template":"","format":"standard","meta":{"footnotes":"","_share_on_mastodon":"0"},"categories":[2814],"tags":[5734,1111,11,1102,17418,1777,674,274,1011,27,38085,52432,884,12,882,14292,25,17417,43481,1175],"class_list":["post-1155882","post","type-post","status-publish","format-standard","has-post-thumbnail","category-marseille","tag-5734","tag-actu","tag-actualites","tag-breakingnews","tag-delogu","tag-eu","tag-europe","tag-faits-divers-justice","tag-fr","tag-france","tag-lorigine","tag-laltercation","tag-marseille","tag-news","tag-provence-alpes-cote-dazur","tag-relaxe","tag-republique-francaise","tag-sebastien","tag-voisin","tag-vol"],"share_on_mastodon":{"url":"https:\/\/pubeurope.com\/@fr\/117180208401389555","error":""},"_links":{"self":[{"href":"https:\/\/www.europesays.com\/fr\/wp-json\/wp\/v2\/posts\/1155882","targetHints":{"allow":["GET"]}}],"collection":[{"href":"https:\/\/www.europesays.com\/fr\/wp-json\/wp\/v2\/posts"}],"about":[{"href":"https:\/\/www.europesays.com\/fr\/wp-json\/wp\/v2\/types\/post"}],"author":[{"embeddable":true,"href":"https:\/\/www.europesays.com\/fr\/wp-json\/wp\/v2\/users\/2"}],"replies":[{"embeddable":true,"href":"https:\/\/www.europesays.com\/fr\/wp-json\/wp\/v2\/comments?post=1155882"}],"version-history":[{"count":0,"href":"https:\/\/www.europesays.com\/fr\/wp-json\/wp\/v2\/posts\/1155882\/revisions"}],"wp:featuredmedia":[{"embeddable":true,"href":"https:\/\/www.europesays.com\/fr\/wp-json\/wp\/v2\/media\/1155883"}],"wp:attachment":[{"href":"https:\/\/www.europesays.com\/fr\/wp-json\/wp\/v2\/media?parent=1155882"}],"wp:term":[{"taxonomy":"category","embeddable":true,"href":"https:\/\/www.europesays.com\/fr\/wp-json\/wp\/v2\/categories?post=1155882"},{"taxonomy":"post_tag","embeddable":true,"href":"https:\/\/www.europesays.com\/fr\/wp-json\/wp\/v2\/tags?post=1155882"}],"curies":[{"name":"wp","href":"https:\/\/api.w.org\/{rel}","templated":true}]}}