{"id":1155891,"date":"2026-08-29T18:32:21","date_gmt":"2026-08-29T18:32:21","guid":{"rendered":"https:\/\/www.europesays.com\/fr\/1155891\/"},"modified":"2026-08-29T18:32:21","modified_gmt":"2026-08-29T18:32:21","slug":"ces-deux-departements-dile-de-france-resistent-a-la-fermeture-massive-dentreprises","status":"publish","type":"post","link":"https:\/\/www.europesays.com\/fr\/1155891\/","title":{"rendered":"Ces deux d\u00e9partements d&rsquo;\u00cele-de-France r\u00e9sistent \u00e0 la fermeture massive d&rsquo;entreprises"},"content":{"rendered":"<p>                    Par<br \/>\n        <strong><br \/>\n            <a href=\"https:\/\/actu.fr\/auteur\/dorinegoth\" title=\"Consulter tous les articles de Dorine Goth\" rel=\"nofollow noopener\" target=\"_blank\">Dorine Goth<\/a><br \/>\n                    <\/strong><\/p>\n<p>        Publi\u00e9 le<\/p>\n<p>            28 ao\u00fbt 2026 \u00e0 7h10        <\/p>\n<p>87\u2009527. C\u2019est le nombre d\u2019<a href=\"https:\/\/actu.fr\/economie\/vie-des-entreprises\" rel=\"nofollow noopener\" target=\"_blank\">entreprises<\/a> radi\u00e9es des registres en \u00cele-de-France entre janvier et juin\u00a02026, soit une hausse de 19,1\u2009% sur un an.\u00a0Mais la Seine-Saint-Denis et le Val-de-Marne prennent le chemin inverse. Dans le premier d\u00e9partement, elles ont <strong>diminu\u00e9 de 14,1\u2009%<\/strong> sur les six premiers mois de l\u2019ann\u00e9e. Elles reculent \u00e9galement de<strong> 6\u2009% dans le Val-de-Marne<\/strong>. Sur les huit d\u00e9partements franciliens, seuls trois affichent une baisse, indique le <a href=\"https:\/\/actu.fr\/politique\/premier-debat-de-la-presidentielle-ce-jeudi-sur-lci-mais-pourquoi-les-candidats-vont-debattre-a-16h45_64708887.html\" rel=\"nofollow noopener\" target=\"_blank\">Medef<\/a> en marge de ses universit\u00e9s d\u2019\u00e9t\u00e9 qui se tiennent \u00e0 Paris depuis mercredi 26\u00a0ao\u00fbt 2026.<\/p>\n<p>Plus de cr\u00e9ations que de radiations<\/p>\n<p class=\" wall-content\">Au total, 20\u2009438 entreprises ont \u00e9t\u00e9 cr\u00e9\u00e9es dans les deux d\u00e9partements, contre 18\u2009888 radiations. Soit un solde positif de 1\u2009550 entreprises. La Seine-Saint-Denis\u00a0compte aujourd\u2019hui <strong>180\u2009381 entreprises actives<\/strong>, ce qui en fait le troisi\u00e8me territoire \u00e9conomique francilien, derri\u00e8re Paris et les Hauts-de-Seine. Le Val-de-Marne en compte 152\u2009707.<\/p>\n<p class=\" wall-content\">Autre indicateur favorable\u2009: les injonctions de payer, qui peuvent t\u00e9moigner de difficult\u00e9s de tr\u00e9sorerie, ont chut\u00e9 de 38,4\u2009% en Seine-Saint-Denis et de 18\u2009% dans le Val-de-Marne. \u00ab\u2009Quand les fermetures d\u2019entreprises augmentent d\u2019un quart en France, elles reculent chez nous\u2009\u00bb, souligne Bastien Brunis, pr\u00e9sident du Medef de l\u2019Est parisien, qui estime que ces chiffres t\u00e9moignent du dynamisme des entrepreneurs du territoire.<\/p>\n<p>La Seine-Saint-Denis attire aussi des si\u00e8ges sociaux<\/p>\n<p class=\" wall-content\">La Seine-Saint-Denis se d\u00e9marque \u00e9galement sur un autre terrain\u2009: celui des si\u00e8ges sociaux. Au premier semestre, 241 entreprises ont install\u00e9 leur si\u00e8ge dans le d\u00e9partement, contre 237 d\u00e9parts. La Seine-Saint-Denis est ainsi le seul d\u00e9partement francilien \u00e0 afficher un solde positif. \u00c0 l\u2019inverse, Paris perd 646 si\u00e8ges sociaux et l\u2019ensemble de l\u2019\u00cele-de-France 1\u2009339.<\/p>\n<p class=\" wall-content\">L\u2019enjeu des prochaines ann\u00e9es sera d\u00e9sormais aussi de pr\u00e9server les entreprises existantes, notamment en favorisant leur reprise.<\/p>\n<p class=\" wall-content\">Personnalisez votre actualit\u00e9 en ajoutant vos villes et m\u00e9dias en favori avec <a href=\"https:\/\/moncompte.actu.fr\" title=\"D\u00e9couvez Mon Actu\" rel=\"nofollow noopener\" data-trk=\"{&quot;cta&quot;:{&quot;action&quot;:&quot;https:\\\/\\\/moncompte.actu.fr&quot;,&quot;category&quot;:&quot;mon compte&quot;,&quot;from&quot;:&quot;article footer&quot;,&quot;name&quot;:&quot;Mon actu&quot;,&quot;type&quot;:&quot;cta&quot;}}\" target=\"_blank\">Mon Actu<\/a>.<\/p>\n","protected":false},"excerpt":{"rendered":"Par Dorine Goth Publi\u00e9 le 28 ao\u00fbt 2026 \u00e0 7h10 87\u2009527. C\u2019est le nombre d\u2019entreprises radi\u00e9es des registres&hellip;\n","protected":false},"author":2,"featured_media":1155892,"comment_status":"","ping_status":"","sticky":false,"template":"","format":"standard","meta":{"footnotes":"","_share_on_mastodon":"0"},"categories":[1888],"tags":[1111,1928,11,1927,215,344,33,1777,674,1011,27,12,1926,626,1925,25],"class_list":["post-1155891","post","type-post","status-publish","format-standard","has-post-thumbnail","category-paris","tag-actu","tag-actu-paris","tag-actualites","tag-actualites-paris","tag-commerce","tag-creation-dentreprise","tag-economie","tag-eu","tag-europe","tag-fr","tag-france","tag-news","tag-news-paris","tag-paris","tag-paris-news","tag-republique-francaise"],"share_on_mastodon":{"url":"https:\/\/pubeurope.com\/@fr\/117180232353292353","error":""},"_links":{"self":[{"href":"https:\/\/www.europesays.com\/fr\/wp-json\/wp\/v2\/posts\/1155891","targetHints":{"allow":["GET"]}}],"collection":[{"href":"https:\/\/www.europesays.com\/fr\/wp-json\/wp\/v2\/posts"}],"about":[{"href":"https:\/\/www.europesays.com\/fr\/wp-json\/wp\/v2\/types\/post"}],"author":[{"embeddable":true,"href":"https:\/\/www.europesays.com\/fr\/wp-json\/wp\/v2\/users\/2"}],"replies":[{"embeddable":true,"href":"https:\/\/www.europesays.com\/fr\/wp-json\/wp\/v2\/comments?post=1155891"}],"version-history":[{"count":0,"href":"https:\/\/www.europesays.com\/fr\/wp-json\/wp\/v2\/posts\/1155891\/revisions"}],"wp:featuredmedia":[{"embeddable":true,"href":"https:\/\/www.europesays.com\/fr\/wp-json\/wp\/v2\/media\/1155892"}],"wp:attachment":[{"href":"https:\/\/www.europesays.com\/fr\/wp-json\/wp\/v2\/media?parent=1155891"}],"wp:term":[{"taxonomy":"category","embeddable":true,"href":"https:\/\/www.europesays.com\/fr\/wp-json\/wp\/v2\/categories?post=1155891"},{"taxonomy":"post_tag","embeddable":true,"href":"https:\/\/www.europesays.com\/fr\/wp-json\/wp\/v2\/tags?post=1155891"}],"curies":[{"name":"wp","href":"https:\/\/api.w.org\/{rel}","templated":true}]}}