{"id":1155915,"date":"2026-08-29T18:44:29","date_gmt":"2026-08-29T18:44:29","guid":{"rendered":"https:\/\/www.europesays.com\/fr\/1155915\/"},"modified":"2026-08-29T18:44:29","modified_gmt":"2026-08-29T18:44:29","slug":"reims-en-demonstration-sur-la-pelouse-du-red-star-metz-cale-a-annecy-malgre-un-coup-franc-de-teji-savanier-lequipe","status":"publish","type":"post","link":"https:\/\/www.europesays.com\/fr\/1155915\/","title":{"rendered":"Reims en d\u00e9monstration sur la pelouse du Red Star, Metz cale \u00e0 Annecy malgr\u00e9 un coup franc de T\u00e9ji Savanier &#8211; L&#039;\u00c9quipe"},"content":{"rendered":"<ol>\n<li><a href=\"https:\/\/news.google.com\/rss\/articles\/CBMi7gFBVV95cUxNNTE2Y1RGa19OS0VEemlyTW8wZjRFTEEydExaWE83WHo3dDdZNVpOODQ2V1p6NjIzOFQ4UG5uVWdKeThmam5GMTk4RktZZ1VqRDZlcUh5cU5GNEdzUWFfU00ycDBpNmpqaDhXY2c3dGlST0NqV1lnYVo2Y1BKYmdfZU8yZ0NkX29RUWxmR0hJZXVmYUc2UnphQ1JWT2VIVWlLTG1Fb1pYdWlPblBzSERXNEFmWHJFc2pkMnNiYzRVczlVX3J3UEpCcEdOa0Q0NUh4LWFkRXFSSm1lS0tkQXEtUUtKQUZQbk1KRFZ2LWhn?oc=5\" target=\"_blank\" rel=\"nofollow noopener\">Reims en d\u00e9monstration sur la pelouse du Red Star, Metz cale \u00e0 Annecy malgr\u00e9 un coup franc de T\u00e9ji Savanier<\/a>&nbsp;&nbsp;L&rsquo;\u00c9quipe<\/li>\n<li><a href=\"https:\/\/news.google.com\/rss\/articles\/CBMimwFBVV95cUxNTWF5dzB4T21mN1Q0N0t4Y1drbk5zVUVTb2MtSFZsbEpfb0dDaHhWcTFULXlaWFdTeDliMVpoYjBVZTF6TXB1dHhWNHhBUFkyWmE4anVtXzRZVFJBMGUxRERPTVZhOFlaTVlLd1JDZVA4REpXcUFwWllkek5pMHdKY2xQOFZocURGczl5NTB5a3FHUjhzUHp3WlhNYw?oc=5\" target=\"_blank\" rel=\"nofollow noopener\">RED-SDR (1-4) : R\u00e9silience et r\u00e9alisme, la recette du succ\u00e8s \u00e0 Bauer<\/a>&nbsp;&nbsp;Stade de Reims<\/li>\n<li><a href=\"https:\/\/news.google.com\/rss\/articles\/CBMivwFBVV95cUxQdnlYVWhjaVd5bzFPTkM1eHVRSVk0U3pVWktqNVZJVWhnMlN5cTlrdkNzOGExVGsxdjBad1VUZWVZaGNoejg1aUlNQ2l4cEhieEZlLXFDenV3cHdDcTFqSHBxWS1PRFpuZVhTRFpkdFlCUGJKQ3cyN1FnQTZRU2dOTDJSY3RNeEVkWmdfcVlHN1hpS1FaREhRZlFsRERKcW9hZzBqSnMxcEdsdHdWUjI1TThQTWR4cnhpNEFNYUs5Zw?oc=5\" target=\"_blank\" rel=\"nofollow noopener\">Ligue 2 : Reims s\u2019offre un large succ\u00e8s au Red Star, Annecy et Metz dos \u00e0 dos<\/a>&nbsp;&nbsp;Foot Mercato<\/li>\n<li><a href=\"https:\/\/news.google.com\/rss\/articles\/CBMisgJBVV95cUxPdlM0UVBuTk5SRlVhanpGT1p6dnBTbmd4eW9DYVQ3N1NCOGdzczRqZGVuTk5NRkNobHVYblFiWmhNUlljeWxqSUdrQk9zdWFDeFNhanZISGw5T25FcGJmT21hYUVnS1BnaDRRSmd6WDBzOUl4X3ptb25uLVd0Yy11cnplTjREeDVlY05NUTlnTW1EbzhPNFE4TDVCOEJYaVRjazU1S0hBT3lqNEVrY0hWTS1oSmlzWWlkZmFvNXkyY3FRMGloclozc2NlSUwtVFlVUDNtNUxXVGJCN1JTNDNmOE12a1BKaEVwRGFUbWdCV2ZHUUhWYlE0RnRzdlNnX2JpeU16YmRTN1cxZUdDdUdDa0lXeFRYUm9iNVNEQm9qZGNUWTVNdG9DVUtoNTJuQmx1RUE?oc=5\" target=\"_blank\" rel=\"nofollow noopener\">Reims nouveau dauphin, Metz coince encore malgr\u00e9 Savanier<\/a>&nbsp;&nbsp;Eurosport<\/li>\n<li><a href=\"https:\/\/news.google.com\/rss\/articles\/CBMiggFBVV95cUxNN2J4ZmI3ZUNuQlJnWWlMYmtzanliNXJzZmdPckQ2TGVhUUd3MlVKU3cwdkZQeXQyVGE5aHBVSHN5SGVnaGJWdlM1WG1TQzlka1JxV2JBdTRMaDI0eHJLNXVialFiTzN6NHFGOE9ZRUJuMU1HWmd3aWtCdGRYeG84aG93?oc=5\" target=\"_blank\" rel=\"nofollow noopener\">LIVE 2026\/2027 : Red Star FC \/ Reims 1-4<\/a>&nbsp;&nbsp;Red Star Football Club<\/li>\n<\/ol>\n","protected":false},"excerpt":{"rendered":"Reims en d\u00e9monstration sur la pelouse du Red Star, Metz cale \u00e0 Annecy malgr\u00e9 un coup franc de&hellip;\n","protected":false},"author":2,"featured_media":1155916,"comment_status":"","ping_status":"","sticky":false,"template":"","format":"standard","meta":{"footnotes":"","_share_on_mastodon":"0"},"categories":[2],"tags":[11,113178,118305,63,1011,27,446,105177,6212,12,5416,118304,4243,25,86796,118306,105443,13006,89161],"class_list":["post-1155915","post","type-post","status-publish","format-standard","has-post-thumbnail","category-actualites","tag-actualites","tag-aller-4e-journe","tag-annecy-metz","tag-football","tag-fr","tag-france","tag-ligue-2","tag-matheo-pouly","tag-metz","tag-news","tag-red-star","tag-red-star-reims","tag-reims","tag-republique-francaise","tag-resumes-et-cr","tag-saif-eddine-khaoui","tag-saison-2026-2027","tag-teji-savanier","tag-zalgiris-kaunas"],"share_on_mastodon":{"url":"https:\/\/pubeurope.com\/@fr\/117180279465786749","error":""},"_links":{"self":[{"href":"https:\/\/www.europesays.com\/fr\/wp-json\/wp\/v2\/posts\/1155915","targetHints":{"allow":["GET"]}}],"collection":[{"href":"https:\/\/www.europesays.com\/fr\/wp-json\/wp\/v2\/posts"}],"about":[{"href":"https:\/\/www.europesays.com\/fr\/wp-json\/wp\/v2\/types\/post"}],"author":[{"embeddable":true,"href":"https:\/\/www.europesays.com\/fr\/wp-json\/wp\/v2\/users\/2"}],"replies":[{"embeddable":true,"href":"https:\/\/www.europesays.com\/fr\/wp-json\/wp\/v2\/comments?post=1155915"}],"version-history":[{"count":0,"href":"https:\/\/www.europesays.com\/fr\/wp-json\/wp\/v2\/posts\/1155915\/revisions"}],"wp:featuredmedia":[{"embeddable":true,"href":"https:\/\/www.europesays.com\/fr\/wp-json\/wp\/v2\/media\/1155916"}],"wp:attachment":[{"href":"https:\/\/www.europesays.com\/fr\/wp-json\/wp\/v2\/media?parent=1155915"}],"wp:term":[{"taxonomy":"category","embeddable":true,"href":"https:\/\/www.europesays.com\/fr\/wp-json\/wp\/v2\/categories?post=1155915"},{"taxonomy":"post_tag","embeddable":true,"href":"https:\/\/www.europesays.com\/fr\/wp-json\/wp\/v2\/tags?post=1155915"}],"curies":[{"name":"wp","href":"https:\/\/api.w.org\/{rel}","templated":true}]}}