{"id":1155978,"date":"2026-08-29T19:38:14","date_gmt":"2026-08-29T19:38:14","guid":{"rendered":"https:\/\/www.europesays.com\/fr\/1155978\/"},"modified":"2026-08-29T19:38:14","modified_gmt":"2026-08-29T19:38:14","slug":"alsace-refus-dobtemperer-a-illkirch-graffenstaden-les-policiers-municipaux-sortent-leur-arme-un-individu-interpelle","status":"publish","type":"post","link":"https:\/\/www.europesays.com\/fr\/1155978\/","title":{"rendered":"Alsace. Refus d\u2019obtemp\u00e9rer\u00a0\u00e0 Illkirch-Graffenstaden\u00a0: les policiers municipaux sortent leur arme, un individu interpell\u00e9"},"content":{"rendered":"<p>\u00ab\u00a0La police municipale faisait une patrouille route de Lyon. \u00c0 hauteur de la rue perpendiculaire du Four-Banal, les agents ont aper\u00e7u une voiture qui arrivait en sens interdit, relate <a href=\"https:\/\/www.dna.fr\/p\/thibaud-philipps\" target=\"_blank\" rel=\"nofollow noopener\">Thibaud Philipps<\/a>, le maire d\u2019Illkirch-Graffenstaden. Quand ils ont approch\u00e9 pour le contr\u00f4ler, le conducteur, seul dans la voiture, les a doubl\u00e9s \u00e0 toute vitesse et il est parti.\u00a0\u00bb<\/p>\n<p>La police \u00e0 ses trousses, l\u2019automobiliste a continu\u00e9, \u00ab\u00a0vers la Digue\u00a0\u00bb. Dans cette zone r\u00e9sidentielle, \u00ab\u00a0il a failli faucher des pi\u00e9tons qui ont eu le temps de se d\u00e9porter en entendant le deux-tons\u00a0\u00bb. L\u2019homme a roul\u00e9 \u00ab\u00a0jusqu\u2019au parc Friedel\u00a0\u00bb. C\u2019est alors qu\u2019\u00ab\u00a0il est rentr\u00e9 dans une impasse au niveau du tennis-club o\u00f9 il est rest\u00e9 bloqu\u00e9\u00a0\u00bb, poursuit l\u2019\u00e9lu.<\/p>\n<p>  Sans permis et alcoolis\u00e9<\/p>\n<p>Tandis que le fuyard, apr\u00e8s avoir abandonn\u00e9 sa voiture, \u00ab\u00a0tentait d\u2019escalader un grillage\u00a0\u00bb, les policiers \u00ab\u00a0ont fait une sortie d\u2019arme &#8211; un pistolet 9\u00a0mm\u00a0\u00bb. Ce qui a \u00e9t\u00e9 suffisamment dissuasif pour permettre d\u2019\u00ab\u00a0amener l\u2019individu au commissariat de police nationale\u00a0\u00bb \u00e0 Strasbourg. \u00ab\u00a0Il \u00e9tait en d\u00e9faut de permis\u00a0de conduire\u00a0\u00bb et affichait \u00ab\u00a01,6\u00a0g d\u2019alcool par litre de sang\u00a0\u00bb, pr\u00e9cise Thibaud Philipps.<\/p>\n<p>Au cours de sa garde \u00e0 vue, le quadrag\u00e9naire a reconnu les faits. Il est convoqu\u00e9 devant la justice en f\u00e9vrier prochain, pour le refus d\u2019obtemp\u00e9rer aggrav\u00e9 par la mise en danger de la vie d\u2019autrui, la conduite sans permis et sous l\u2019empire d\u2019un \u00e9tat alcoolique.<\/p>\n","protected":false},"excerpt":{"rendered":"\u00ab\u00a0La police municipale faisait une patrouille route de Lyon. \u00c0 hauteur de la rue perpendiculaire du Four-Banal, les&hellip;\n","protected":false},"author":2,"featured_media":1155979,"comment_status":"","ping_status":"","sticky":false,"template":"","format":"standard","meta":{"footnotes":"","_share_on_mastodon":"0"},"categories":[2820],"tags":[1111,11,2389,2649,271,272,2880,1777,674,274,107,1011,27,775,3088,12,25,640,3089],"class_list":["post-1155978","post","type-post","status-publish","format-standard","has-post-thumbnail","category-strasbourg","tag-actu","tag-actualites","tag-alsace","tag-bas-rhin","tag-crime","tag-delit-et-contravention","tag-edition-strasbourg","tag-eu","tag-europe","tag-faits-divers-justice","tag-fil-info","tag-fr","tag-france","tag-grand-est","tag-illkirch-graffenstaden","tag-news","tag-republique-francaise","tag-strasbourg","tag-strasbourg-sud"],"share_on_mastodon":{"url":"https:\/\/pubeurope.com\/@fr\/117180491987096717","error":""},"_links":{"self":[{"href":"https:\/\/www.europesays.com\/fr\/wp-json\/wp\/v2\/posts\/1155978","targetHints":{"allow":["GET"]}}],"collection":[{"href":"https:\/\/www.europesays.com\/fr\/wp-json\/wp\/v2\/posts"}],"about":[{"href":"https:\/\/www.europesays.com\/fr\/wp-json\/wp\/v2\/types\/post"}],"author":[{"embeddable":true,"href":"https:\/\/www.europesays.com\/fr\/wp-json\/wp\/v2\/users\/2"}],"replies":[{"embeddable":true,"href":"https:\/\/www.europesays.com\/fr\/wp-json\/wp\/v2\/comments?post=1155978"}],"version-history":[{"count":0,"href":"https:\/\/www.europesays.com\/fr\/wp-json\/wp\/v2\/posts\/1155978\/revisions"}],"wp:featuredmedia":[{"embeddable":true,"href":"https:\/\/www.europesays.com\/fr\/wp-json\/wp\/v2\/media\/1155979"}],"wp:attachment":[{"href":"https:\/\/www.europesays.com\/fr\/wp-json\/wp\/v2\/media?parent=1155978"}],"wp:term":[{"taxonomy":"category","embeddable":true,"href":"https:\/\/www.europesays.com\/fr\/wp-json\/wp\/v2\/categories?post=1155978"},{"taxonomy":"post_tag","embeddable":true,"href":"https:\/\/www.europesays.com\/fr\/wp-json\/wp\/v2\/tags?post=1155978"}],"curies":[{"name":"wp","href":"https:\/\/api.w.org\/{rel}","templated":true}]}}