{"id":115598,"date":"2025-05-21T00:27:09","date_gmt":"2025-05-21T00:27:09","guid":{"rendered":"https:\/\/www.europesays.com\/fr\/115598\/"},"modified":"2025-05-21T00:27:09","modified_gmt":"2025-05-21T00:27:09","slug":"le-vendeur-dun-hautbois-vole-piege-par-un-acheteur-malin-et-arrete-par-la-police","status":"publish","type":"post","link":"https:\/\/www.europesays.com\/fr\/115598\/","title":{"rendered":"Le vendeur d\u2019un hautbois vol\u00e9 pi\u00e9g\u00e9 par un acheteur malin et arr\u00eat\u00e9 par la police"},"content":{"rendered":"<p><strong>PAS DE BOL &#8211; Un Lillois a permis l\u2019arrestation d\u2019un jeune homme apr\u00e8s avoir rep\u00e9r\u00e9 un hautbois vol\u00e9 en Allemagne sur le site Leboncoin<\/strong><\/p>\n<p>En rep\u00e9rant une annonce suspecte sur <a href=\"https:\/\/www.20minutes.fr\/dossier\/le_bon_coin?at_medium=RSS%20feed&amp;at_campaign=ynews&amp;utm_source=yahoo&amp;utm_medium=rss&amp;utm_campaign=news_feed&amp;utm_content=in_article_link\" rel=\"nofollow noopener\" target=\"_blank\" data-ylk=\"slk:Leboncoin;elm:context_link;itc:0;sec:content-canvas\" class=\"link \">Leboncoin<\/a>, un <a href=\"https:\/\/www.20minutes.fr\/lille\/?at_medium=RSS%20feed&amp;at_campaign=ynews&amp;utm_source=yahoo&amp;utm_medium=rss&amp;utm_campaign=news_feed&amp;utm_content=in_article_link\" rel=\"nofollow noopener\" target=\"_blank\" data-ylk=\"slk:Lillois;elm:context_link;itc:0;sec:content-canvas\" class=\"link \">Lillois<\/a> a d\u00e9masqu\u00e9 un vendeur d\u2019instrument vol\u00e9, d\u00e9clenchant l\u2019intervention de la police. L\u2019affaire, r\u00e9v\u00e9l\u00e9e par <a href=\"https:\/\/www.francebleu.fr\/infos\/faits-divers-justice\/un-lillois-repere-un-hautbois-vole-sur-leboncoin-piege-le-voleur-et-permet-son-interpellation-8509380?at_medium=RSS%20feed&amp;at_campaign=ynews&amp;utm_source=yahoo&amp;utm_medium=rss&amp;utm_campaign=news_feed&amp;utm_content=in_article_link\" rel=\"nofollow noopener\" target=\"_blank\" data-ylk=\"slk:France Bleu Nord;elm:context_link;itc:0;sec:content-canvas\" class=\"link \">France Bleu Nord<\/a>, d\u00e9bute par une annonce en ligne : un hautbois \u00e0 2.000 euros, un prix bien en dessous de la valeur r\u00e9elle de l\u2019instrument.<\/p>\n<p>\u00ab Plusieurs d\u00e9tails ont rapidement attir\u00e9 son attention \u00bb, rapporte une source polici\u00e8re cit\u00e9e par la radio. Le num\u00e9ro de s\u00e9rie semblait incoh\u00e9rent, et surtout falsifi\u00e9.<\/p>\n<p>Rendez-vous dans un parc<\/p>\n<p>L\u2019acheteur, curieux et m\u00e9thodique, d\u00e9cide d\u2019enqu\u00eater. A partir du num\u00e9ro de s\u00e9rie, il parvient \u00e0 retrouver la propri\u00e9taire l\u00e9gitime de l\u2019instrument, une <a href=\"https:\/\/www.20minutes.fr\/arts-stars\/culture\/musique\/?at_medium=RSS%20feed&amp;at_campaign=ynews&amp;utm_source=yahoo&amp;utm_medium=rss&amp;utm_campaign=news_feed&amp;utm_content=in_article_link\" rel=\"nofollow noopener\" target=\"_blank\" data-ylk=\"slk:musicienne;elm:context_link;itc:0;sec:content-canvas\" class=\"link \">musicienne<\/a> allemande victime d\u2019un vol \u00e0 la roulotte. Apr\u00e8s confirmation de ce vol, il se rend dans un commissariat lillois pour d\u00e9poser une main courante.<\/p>\n<p><a href=\"https:\/\/www.20minutes.fr\/lille\/\" rel=\"nofollow noopener\" target=\"_blank\" data-ylk=\"slk:L&#039;actualit\u00e9 lilloise;elm:context_link;itc:0;sec:content-canvas\" class=\"link \">L&rsquo;actualit\u00e9 lilloise<\/a><\/p>\n<p>Plut\u00f4t que d\u2019en rester l\u00e0, il donne rendez-vous au vendeur au parc Jean-Baptiste Lebas, \u00e0 Lille, en feignant l\u2019int\u00e9r\u00eat pour l\u2019achat. Le lundi 19 mai, le jeune homme de 19 ans arrive sur une <a href=\"https:\/\/www.20minutes.fr\/societe\/trottinette\/?at_medium=RSS%20feed&amp;at_campaign=ynews&amp;utm_source=yahoo&amp;utm_medium=rss&amp;utm_campaign=news_feed&amp;utm_content=in_article_link\" rel=\"nofollow noopener\" target=\"_blank\" data-ylk=\"slk:trottinette;elm:context_link;itc:0;sec:content-canvas\" class=\"link \">trottinette<\/a>, transportant une petite mallette noire contenant le hautbois. Mais \u00e0 sa grande surprise, ce sont des policiers qui l\u2019attendent. Il est interpell\u00e9 sur place et plac\u00e9 en garde \u00e0 vue pour recel de vol.<\/p>\n<p><a href=\"https:\/\/www.20minutes.fr\/faits_divers\/4154580-20250521-lille-vendeur-hautbois-vole-piege-acheteur-malin-arrete-police?at_medium=RSS%20feed&amp;at_campaign=ynews&amp;utm_source=yahoo&amp;utm_medium=rss&amp;utm_campaign=news_feed&amp;utm_content=read_more_link\" rel=\"nofollow noopener\" target=\"_blank\" data-ylk=\"slk:Lire la suite sur 20minutes;elm:context_link;itc:0;sec:content-canvas\" class=\"link \">Lire la suite sur 20minutes<\/a><\/p>\n<p>\u00c0 lire aussi :<br \/><a href=\"https:\/\/www.20minutes.fr\/faits_divers\/4145862-20250329-isere-kidnappe-collegien-soupconne-cambriolage-maison?at_medium=RSS%20feed&amp;at_campaign=ynews&amp;utm_source=yahoo&amp;utm_medium=rss&amp;utm_campaign=news_feed&amp;utm_content=related_content_link\" rel=\"nofollow noopener\" target=\"_blank\" data-ylk=\"slk:Is\u00e8re : Il kidnappe un coll\u00e9gien qu\u2019il soup\u00e7onne du cambriolage de sa maison;elm:context_link;itc:0;sec:content-canvas\" class=\"link \">Is\u00e8re : Il kidnappe un coll\u00e9gien qu\u2019il soup\u00e7onne du cambriolage de sa maison<\/a><br \/><a href=\"https:\/\/www.20minutes.fr\/faits_divers\/4143413-20250313-bretagne-serial-voleur-cadeaux-noel-enfin-interpelle-rendu-cadeaux?at_medium=RSS%20feed&amp;at_campaign=ynews&amp;utm_source=yahoo&amp;utm_medium=rss&amp;utm_campaign=news_feed&amp;utm_content=related_content_link\" rel=\"nofollow noopener\" target=\"_blank\" data-ylk=\"slk:Bretagne : Le serial voleur de cadeaux de No\u00ebl a enfin \u00e9t\u00e9 interpell\u00e9 (et il a rendu les cadeaux);elm:context_link;itc:0;sec:content-canvas\" class=\"link \">Bretagne : Le serial voleur de cadeaux de No\u00ebl a enfin \u00e9t\u00e9 interpell\u00e9 (et il a rendu les cadeaux)<\/a><\/p>\n","protected":false},"excerpt":{"rendered":"PAS DE BOL &#8211; Un Lillois a permis l\u2019arrestation d\u2019un jeune homme apr\u00e8s avoir rep\u00e9r\u00e9 un hautbois vol\u00e9&hellip;\n","protected":false},"author":2,"featured_media":115599,"comment_status":"","ping_status":"","sticky":false,"template":"","format":"standard","meta":{"footnotes":""},"categories":[2815],"tags":[1111,11,1777,674,1011,27,23583,811,8025,1307,4670,12,23582,25,23581],"class_list":{"0":"post-115598","1":"post","2":"type-post","3":"status-publish","4":"format-standard","5":"has-post-thumbnail","7":"category-lille","8":"tag-actu","9":"tag-actualites","10":"tag-eu","11":"tag-europe","12":"tag-fr","13":"tag-france","14":"tag-hautbois","15":"tag-hauts-de-france","16":"tag-leboncoin","17":"tag-lille","18":"tag-lillois","19":"tag-news","20":"tag-numero-de-serie","21":"tag-republique-francaise","22":"tag-vol-a-la-roulotte"},"share_on_mastodon":{"url":"https:\/\/pubeurope.com\/@fr\/114542991301325895","error":""},"_links":{"self":[{"href":"https:\/\/www.europesays.com\/fr\/wp-json\/wp\/v2\/posts\/115598","targetHints":{"allow":["GET"]}}],"collection":[{"href":"https:\/\/www.europesays.com\/fr\/wp-json\/wp\/v2\/posts"}],"about":[{"href":"https:\/\/www.europesays.com\/fr\/wp-json\/wp\/v2\/types\/post"}],"author":[{"embeddable":true,"href":"https:\/\/www.europesays.com\/fr\/wp-json\/wp\/v2\/users\/2"}],"replies":[{"embeddable":true,"href":"https:\/\/www.europesays.com\/fr\/wp-json\/wp\/v2\/comments?post=115598"}],"version-history":[{"count":0,"href":"https:\/\/www.europesays.com\/fr\/wp-json\/wp\/v2\/posts\/115598\/revisions"}],"wp:featuredmedia":[{"embeddable":true,"href":"https:\/\/www.europesays.com\/fr\/wp-json\/wp\/v2\/media\/115599"}],"wp:attachment":[{"href":"https:\/\/www.europesays.com\/fr\/wp-json\/wp\/v2\/media?parent=115598"}],"wp:term":[{"taxonomy":"category","embeddable":true,"href":"https:\/\/www.europesays.com\/fr\/wp-json\/wp\/v2\/categories?post=115598"},{"taxonomy":"post_tag","embeddable":true,"href":"https:\/\/www.europesays.com\/fr\/wp-json\/wp\/v2\/tags?post=115598"}],"curies":[{"name":"wp","href":"https:\/\/api.w.org\/{rel}","templated":true}]}}