{"id":115600,"date":"2025-05-21T00:28:10","date_gmt":"2025-05-21T00:28:10","guid":{"rendered":"https:\/\/www.europesays.com\/fr\/115600\/"},"modified":"2025-05-21T00:28:10","modified_gmt":"2025-05-21T00:28:10","slug":"mao-aoust-le-magnat-marseillais-du-cbd-mis-en-examen-dans-une-affaire-de-vente-de-la-drogue-pete-ton-crane","status":"publish","type":"post","link":"https:\/\/www.europesays.com\/fr\/115600\/","title":{"rendered":"Mao Aoust, le magnat marseillais du CBD, mis en examen dans une affaire de vente de la drogue \u00ab\u00a0P\u00e8te ton cr\u00e2ne\u00a0\u00bb"},"content":{"rendered":"<p>\u00c0 seulement 26\u00a0ans, il est \u00e0 la t\u00eate d\u2019un petit empire. <strong>Parfois compar\u00e9 avec malice \u00e0 un Steeve Job en herbe<\/strong>, pour son sens inn\u00e9 du business, son look d\u00e9contract\u00e9 et sa passion pour la cannabiculture, le Marseillais Mao Aoust r\u00e8gne sur plus de 250 boutiques de CBD en France et en Europe affichant le logo de sa griffe, High Society (il est \u00e9galement pr\u00e9sent chez 1 500 buralistes). Lui qui a arr\u00eat\u00e9 l\u2019\u00e9cole \u00e0 18 ans, un bac technique en poche, fait d\u00e9sormais travailler plus de 150 personnes et affiche un chiffre d\u2019affaires annuel qui d\u00e9passe les 20 millions d\u2019euros.<\/p>\n<p>Une success-story \u00e0 l\u2019am\u00e9ricaine,<a href=\"https:\/\/www.laprovence.com\/article\/societe\/4636320617259415\/marche-du-cbd-lascension-stupefiante-dun-ancien-petit-dealer-marseillais\" target=\"_blank\" rel=\"noopener\"> la revanche d\u2019un ancien petit dealer devenu un magnat des affaires, <\/a>qui vient toutefois de conna\u00eetre un s\u00e9rieux accroc. Selon nos informations, en d\u00e9but de semaine derni\u00e8re, <strong>Mao Aoust et l\u2019un de ses commerciaux ont \u00e9t\u00e9 interpell\u00e9s au saut du lit<\/strong>, sans m\u00e9nagement, par la Direction interd\u00e9partementale de la police nationale (DIPN) du Gard, appuy\u00e9 par le RAID de Marseille. \u00ab\u00a0On parle de quelqu\u2019un qui a un unique ant\u00e9c\u00e9dent judiciaire, datant de l\u2019an p\u00e8bre. Son arrestation est \u00e0 l\u2019image de la mani\u00e8re disproportionn\u00e9e dont ce dossier est abord\u00e9\u00a0\u00bb, grince un proche de l\u2019entrepreneur.<\/p>\n","protected":false},"excerpt":{"rendered":"\u00c0 seulement 26\u00a0ans, il est \u00e0 la t\u00eate d\u2019un petit empire. Parfois compar\u00e9 avec malice \u00e0 un Steeve&hellip;\n","protected":false},"author":2,"featured_media":115601,"comment_status":"","ping_status":"","sticky":false,"template":"","format":"standard","meta":{"footnotes":""},"categories":[2814],"tags":[17,1111,11,23585,19898,1777,674,5061,274,1011,27,23586,23584,761,884,18360,12,882,25],"class_list":{"0":"post-115600","1":"post","2":"type-post","3":"status-publish","4":"format-standard","5":"has-post-thumbnail","7":"category-marseille","8":"tag-17","9":"tag-actu","10":"tag-actualites","11":"tag-aoust","12":"tag-cbd","13":"tag-eu","14":"tag-europe","15":"tag-examen","16":"tag-faits-divers-justice","17":"tag-fr","18":"tag-france","19":"tag-magnat","20":"tag-mao","21":"tag-marseillais","22":"tag-marseille","23":"tag-mis","24":"tag-news","25":"tag-provence-alpes-cote-dazur","26":"tag-republique-francaise"},"share_on_mastodon":{"url":"https:\/\/pubeurope.com\/@fr\/114542995258205540","error":""},"_links":{"self":[{"href":"https:\/\/www.europesays.com\/fr\/wp-json\/wp\/v2\/posts\/115600","targetHints":{"allow":["GET"]}}],"collection":[{"href":"https:\/\/www.europesays.com\/fr\/wp-json\/wp\/v2\/posts"}],"about":[{"href":"https:\/\/www.europesays.com\/fr\/wp-json\/wp\/v2\/types\/post"}],"author":[{"embeddable":true,"href":"https:\/\/www.europesays.com\/fr\/wp-json\/wp\/v2\/users\/2"}],"replies":[{"embeddable":true,"href":"https:\/\/www.europesays.com\/fr\/wp-json\/wp\/v2\/comments?post=115600"}],"version-history":[{"count":0,"href":"https:\/\/www.europesays.com\/fr\/wp-json\/wp\/v2\/posts\/115600\/revisions"}],"wp:featuredmedia":[{"embeddable":true,"href":"https:\/\/www.europesays.com\/fr\/wp-json\/wp\/v2\/media\/115601"}],"wp:attachment":[{"href":"https:\/\/www.europesays.com\/fr\/wp-json\/wp\/v2\/media?parent=115600"}],"wp:term":[{"taxonomy":"category","embeddable":true,"href":"https:\/\/www.europesays.com\/fr\/wp-json\/wp\/v2\/categories?post=115600"},{"taxonomy":"post_tag","embeddable":true,"href":"https:\/\/www.europesays.com\/fr\/wp-json\/wp\/v2\/tags?post=115600"}],"curies":[{"name":"wp","href":"https:\/\/api.w.org\/{rel}","templated":true}]}}