{"id":1156002,"date":"2026-08-29T19:54:11","date_gmt":"2026-08-29T19:54:11","guid":{"rendered":"https:\/\/www.europesays.com\/fr\/1156002\/"},"modified":"2026-08-29T19:54:11","modified_gmt":"2026-08-29T19:54:11","slug":"metropole-de-lyon-serie-de-cambriolages-dans-les-casernes-de-pompiers-la-surveillance-renforcee","status":"publish","type":"post","link":"https:\/\/www.europesays.com\/fr\/1156002\/","title":{"rendered":"M\u00e9tropole de Lyon : s\u00e9rie de cambriolages dans les casernes de pompiers, la surveillance renforc\u00e9e"},"content":{"rendered":"<p itemprop=\"description\"><strong>Surveillance renforc\u00e9e autour des centres de secours du Rh\u00f4ne et de la M\u00e9tropole de Lyon. Cinq casernes du SDMIS ont \u00e9t\u00e9 cibl\u00e9es par des vols avec effraction depuis le 6 ao\u00fbt.<\/strong><\/p>\n<p>Les casernes de pompiers ont v\u00e9cu un \u00e9t\u00e9 \u00e9prouvant, avec une s\u00e9rie de cambriolages dans le Rh\u00f4ne et la m\u00e9tropole de Lyon.<\/p>\n<p>Depuis le 6 ao\u00fbt, cinq casernes du Service d\u00e9partemental-m\u00e9tropolitain d\u2019incendie et de secours ont \u00e9t\u00e9 victimes de vols avec effraction. Selon le SDMIS, les faits portent sur des \u00ab\u00a0mat\u00e9riels op\u00e9rationnels\u00a0\u00bb. Et notamment du mat\u00e9riel de d\u00e9sincarc\u00e9ration pour les accidents de voiture, qui permettrait aux voleurs de r\u00e9aliser ensuite des cambriolages.<\/p>\n<p>Des plaintes ont \u00e9t\u00e9 d\u00e9pos\u00e9es syst\u00e9matiquement apr\u00e8s chaque vol et plusieurs enqu\u00eates sont actuellement en cours.<\/p>\n<p>Patrouilles renforc\u00e9es autour des casernes<\/p>\n<p>Face \u00e0 cette s\u00e9rie, le SDMIS indique travailler avec la gendarmerie nationale et la police nationale sous l\u2019autorit\u00e9 du pr\u00e9fet.<\/p>\n<p>Les r\u00e9f\u00e9rents s\u00fbret\u00e9 des forces de l\u2019ordre ont \u00e9t\u00e9 mobilis\u00e9s et des patrouilles renforc\u00e9es ont \u00e9t\u00e9 mises en place aux abords des casernes. Des consignes de vigilance ont \u00e9galement \u00e9t\u00e9 diffus\u00e9es \u00e0 l\u2019ensemble des sapeurs-pompiers et personnels concern\u00e9s.<\/p>\n<p>Le SDMIS, qui \u00ab\u00a0condamne fermement ces actes malveillants dont sont victimes les sapeurs-pompiers\u00a0\u00bb, annonce parall\u00e8lement le d\u00e9ploiement de nouveaux dispositifs destin\u00e9s \u00e0 am\u00e9liorer la s\u00e9curisation des b\u00e2timents et des mat\u00e9riels.<\/p>\n","protected":false},"excerpt":{"rendered":"Surveillance renforc\u00e9e autour des centres de secours du Rh\u00f4ne et de la M\u00e9tropole de Lyon. Cinq casernes du&hellip;\n","protected":false},"author":2,"featured_media":1156003,"comment_status":"","ping_status":"","sticky":false,"template":"","format":"standard","meta":{"footnotes":"","_share_on_mastodon":"0"},"categories":[1889],"tags":[1111,11,2813,2190,2430,1109,251,1112,2811,1777,674,118,1011,27,1922,1110,1114,2428,2810,12,241,316,25,2812,517,800],"class_list":["post-1156002","post","type-post","status-publish","format-standard","has-post-thumbnail","category-lyon","tag-actu","tag-actualites","tag-article","tag-asvel","tag-auvergne-rhone-alpes","tag-breves","tag-culture","tag-depeches","tag-economique","tag-eu","tag-europe","tag-faits-divers","tag-fr","tag-france","tag-info","tag-informations","tag-infos","tag-lyon","tag-lyonmag","tag-news","tag-ol","tag-politique","tag-republique-francaise","tag-sociale","tag-sport","tag-transports"],"share_on_mastodon":{"url":"https:\/\/pubeurope.com\/@fr\/117180554814007443","error":""},"_links":{"self":[{"href":"https:\/\/www.europesays.com\/fr\/wp-json\/wp\/v2\/posts\/1156002","targetHints":{"allow":["GET"]}}],"collection":[{"href":"https:\/\/www.europesays.com\/fr\/wp-json\/wp\/v2\/posts"}],"about":[{"href":"https:\/\/www.europesays.com\/fr\/wp-json\/wp\/v2\/types\/post"}],"author":[{"embeddable":true,"href":"https:\/\/www.europesays.com\/fr\/wp-json\/wp\/v2\/users\/2"}],"replies":[{"embeddable":true,"href":"https:\/\/www.europesays.com\/fr\/wp-json\/wp\/v2\/comments?post=1156002"}],"version-history":[{"count":0,"href":"https:\/\/www.europesays.com\/fr\/wp-json\/wp\/v2\/posts\/1156002\/revisions"}],"wp:featuredmedia":[{"embeddable":true,"href":"https:\/\/www.europesays.com\/fr\/wp-json\/wp\/v2\/media\/1156003"}],"wp:attachment":[{"href":"https:\/\/www.europesays.com\/fr\/wp-json\/wp\/v2\/media?parent=1156002"}],"wp:term":[{"taxonomy":"category","embeddable":true,"href":"https:\/\/www.europesays.com\/fr\/wp-json\/wp\/v2\/categories?post=1156002"},{"taxonomy":"post_tag","embeddable":true,"href":"https:\/\/www.europesays.com\/fr\/wp-json\/wp\/v2\/tags?post=1156002"}],"curies":[{"name":"wp","href":"https:\/\/api.w.org\/{rel}","templated":true}]}}