{"id":1156008,"date":"2026-08-29T19:57:19","date_gmt":"2026-08-29T19:57:19","guid":{"rendered":"https:\/\/www.europesays.com\/fr\/1156008\/"},"modified":"2026-08-29T19:57:19","modified_gmt":"2026-08-29T19:57:19","slug":"metz-deja-dattaque-contre-le-paris-92","status":"publish","type":"post","link":"https:\/\/www.europesays.com\/fr\/1156008\/","title":{"rendered":"Metz d\u00e9j\u00e0 d&rsquo;attaque contre le Paris 92"},"content":{"rendered":"<p class=\"mb-4 text-lg md:leading-8 break-words\">Les championnes d&rsquo;Europe en titre messines ont \u00e9trill\u00e9 le Paris 92 ce samedi soir, lors de la premi\u00e8re journ\u00e9e de Ligue Butagaz \u00c9nergie (46-21).<\/p>\n<p class=\"mb-4 text-lg md:leading-8 break-words\">Metz n&rsquo;a laiss\u00e9 aucune chance \u00e0 son rival du soir. Les championnes d&rsquo;Europe en titre ont \u00e9trill\u00e9 le Paris 92 lors de la premi\u00e8re journ\u00e9e de Ligue Butagaz \u00c9nergie, ce samedi soir (46-21). La copie messine est extr\u00eamement propre, \u00e0 une semaine du d\u00e9but de la Ligue des champions.<\/p>\n<p class=\"mb-4 text-lg md:leading-8 break-words\">Le match s&rsquo;est jou\u00e9 tr\u00e8s vite entre le Paris 92 et Metz. Les Mosellanes ont d\u00e9marr\u00e9 sur des bases tr\u00e8s \u00e9lev\u00e9es avec un rouleau compresseur en action d\u00e8s les premi\u00e8res minutes. Elles ont rapidement s\u00e9curis\u00e9 d\u00e9fensivement et su se montrer particuli\u00e8rement en r\u00e9ussite sur le plan offensif, pour prendre le large d\u00e8s la premi\u00e8re p\u00e9riode (24-11).<\/p>\n<p class=\"mb-4 text-lg md:leading-8 break-words\">Les r\u00e9sultats de la 1re journ\u00e9e<\/p>\n<p class=\"mb-4 text-lg md:leading-8 break-words\">Les joueuses d&rsquo;Emmanuel Mayonnade ont remis les m\u00eames ingr\u00e9dients au retour des vestiaires. Intensit\u00e9, qualit\u00e9, justesse, et volont\u00e9 de continuer \u00e0 poser leur jeu, peaufiner les d\u00e9tails, et continuer d&rsquo;enterrer des Franciliennes d\u00e9j\u00e0 bien loin pour finir le travail (46-21).<\/p>\n<p class=\"mb-4 text-lg md:leading-8 break-words\">Les Messines, bien que championnes d&rsquo;Europe en titre, ont encore en travers de la gorge la couronne nationale remport\u00e9e sur le fil par leurs rivales brestoises en juin dernier. \u00c0 l&rsquo;aube de cette nouvelle saison de Ligue Butagaz \u00c9nergie, les Messines sont revanchardes, et elles l&rsquo;ont d\u00e9j\u00e0 montr\u00e9 ce samedi soir, avec un premier avertissement d\u00e8s la premi\u00e8re journ\u00e9e.<\/p>\n<p class=\"mb-4 text-lg md:leading-8 break-words\">Toute l&rsquo;actualit\u00e9 de la Ligue Butagaz \u00c9nergie<\/p>\n<p class=\"mb-4 text-lg md:leading-8 break-words\">L&rsquo;\u00c9quipe &#8211; Marine Pattyn<\/p>\n","protected":false},"excerpt":{"rendered":"Les championnes d&rsquo;Europe en titre messines ont \u00e9trill\u00e9 le Paris 92 ce samedi soir, lors de la premi\u00e8re&hellip;\n","protected":false},"author":2,"featured_media":1156009,"comment_status":"","ping_status":"","sticky":false,"template":"","format":"standard","meta":{"footnotes":"","_share_on_mastodon":"0"},"categories":[1888],"tags":[118329,1111,1928,11,1927,118330,1777,674,1011,27,118328,118331,118332,6212,12,1926,626,1925,25],"class_list":["post-1156008","post","type-post","status-publish","format-standard","has-post-thumbnail","category-paris","tag-a-une-semaine-du-debut-de-la-ligue","tag-actu","tag-actu-paris","tag-actualites","tag-actualites-paris","tag-bien-que-championnes-deurope","tag-eu","tag-europe","tag-fr","tag-france","tag-les-messines","tag-les-mosellanes","tag-messines","tag-metz","tag-news","tag-news-paris","tag-paris","tag-paris-news","tag-republique-francaise"],"share_on_mastodon":{"url":"https:\/\/pubeurope.com\/@fr\/117180566596918680","error":""},"_links":{"self":[{"href":"https:\/\/www.europesays.com\/fr\/wp-json\/wp\/v2\/posts\/1156008","targetHints":{"allow":["GET"]}}],"collection":[{"href":"https:\/\/www.europesays.com\/fr\/wp-json\/wp\/v2\/posts"}],"about":[{"href":"https:\/\/www.europesays.com\/fr\/wp-json\/wp\/v2\/types\/post"}],"author":[{"embeddable":true,"href":"https:\/\/www.europesays.com\/fr\/wp-json\/wp\/v2\/users\/2"}],"replies":[{"embeddable":true,"href":"https:\/\/www.europesays.com\/fr\/wp-json\/wp\/v2\/comments?post=1156008"}],"version-history":[{"count":0,"href":"https:\/\/www.europesays.com\/fr\/wp-json\/wp\/v2\/posts\/1156008\/revisions"}],"wp:featuredmedia":[{"embeddable":true,"href":"https:\/\/www.europesays.com\/fr\/wp-json\/wp\/v2\/media\/1156009"}],"wp:attachment":[{"href":"https:\/\/www.europesays.com\/fr\/wp-json\/wp\/v2\/media?parent=1156008"}],"wp:term":[{"taxonomy":"category","embeddable":true,"href":"https:\/\/www.europesays.com\/fr\/wp-json\/wp\/v2\/categories?post=1156008"},{"taxonomy":"post_tag","embeddable":true,"href":"https:\/\/www.europesays.com\/fr\/wp-json\/wp\/v2\/tags?post=1156008"}],"curies":[{"name":"wp","href":"https:\/\/api.w.org\/{rel}","templated":true}]}}