{"id":1156038,"date":"2026-08-29T20:15:15","date_gmt":"2026-08-29T20:15:15","guid":{"rendered":"https:\/\/www.europesays.com\/fr\/1156038\/"},"modified":"2026-08-29T20:15:15","modified_gmt":"2026-08-29T20:15:15","slug":"pourquoi-sommes-nous-droitiers-ou-gauchers-une-etude-propose-une-nouvelle-lecture","status":"publish","type":"post","link":"https:\/\/www.europesays.com\/fr\/1156038\/","title":{"rendered":"Pourquoi sommes-nous droitiers ou gauchers\u00a0? Une \u00e9tude propose une nouvelle lecture"},"content":{"rendered":"<p>Pr\u00e9f\u00e9rence n&rsquo;est pas synonyme d&rsquo;habilet\u00e9<\/p>\n<p class=\"ap-StoryElement ap-StoryElement--mb ap-StoryText\">Pour comprendre ces r\u00e9sultats, il faut distinguer deux ph\u00e9nom\u00e8nes. \u00ab\u00a0Il faut vraiment faire la diff\u00e9rence entre la pr\u00e9f\u00e9rence manuelle et l&rsquo;habilet\u00e9 motrice, explique Micka\u00ebl Dinomais, professeur de m\u00e9decine physique et de r\u00e9adaptation en p\u00e9diatrie \u00e0 l&rsquo;Universit\u00e9 d&rsquo;Angers et au CHU d&rsquo;Angers. La pr\u00e9f\u00e9rence manuelle correspond au choix spontan\u00e9 d&rsquo;une main pour effectuer une t\u00e2che. L&rsquo;habilet\u00e9 d\u00e9signe, elle, la performance obtenue avec cette main. \u00ab\u00a0<\/p>\n<p class=\"ap-StoryElement ap-StoryElement--mb ap-StoryText\"><a href=\"https:\/\/theconversation.com\/pourquoi-y-a-t-il-plus-de-droitiers-que-de-gauchers-dans-le-monde-147786\" rel=\"nofollow noopener\" target=\"_blank\">Environ 90 % des humains sont droitiers<\/a>. Pourquoi cette pr\u00e9f\u00e9rence est-elle aussi fr\u00e9quente ? La question reste ouverte. Des facteurs g\u00e9n\u00e9tiques, hormonaux ou li\u00e9s au d\u00e9veloppement du f\u0153tus pourraient intervenir. Mais ce n&rsquo;est pas cette question que les chercheurs am\u00e9ricains ont essay\u00e9 de r\u00e9soudre. Ils se sont concentr\u00e9s sur une question plus pr\u00e9cise : pourquoi la main pr\u00e9f\u00e9r\u00e9e est-elle g\u00e9n\u00e9ralement la plus habile ?<\/p>\n<p>C&rsquo;est l&rsquo;outil qui fait appara\u00eetre la diff\u00e9rence<\/p>\n<p class=\"ap-StoryElement ap-StoryElement--mb ap-StoryText\">Dans une des exp\u00e9riences de l&rsquo;\u00e9tude, les participants devaient atteindre plusieurs cibles avec leurs deux bras, alors que des cam\u00e9ras enregistraient leurs mouvements en trois dimensions. Dans une premi\u00e8re condition, ils touchaient simplement les cibles avec la main. Dans une deuxi\u00e8me, un poids \u00e9tait fix\u00e9 au poignet. Dans les deux cas, les chercheurs ne trouvent pas de diff\u00e9rence importante entre les deux bras.<\/p>\n<p class=\"ap-StoryElement ap-StoryElement--mb ap-StoryText\">\u00ab\u00a0Quand on va toucher une cible juste avec sa main, c&rsquo;est un mouvement tr\u00e8s simple, explique Micka\u00ebl Dinomais. Il y a tr\u00e8s peu de corrections \u00e0 effectuer.\u00a0\u00bb<\/p>\n<p class=\"ap-StoryElement ap-StoryElement--mb ap-StoryText\">Les choses changent lorsqu&rsquo;un outil entre en jeu. Les chercheurs fixent une fine baguette de bambou \u00e0 l&rsquo;avant-bras et demandent aux participants d&rsquo;utiliser son extr\u00e9mit\u00e9 pour atteindre les cibles. Cette fois, le bras non dominant produit des trajectoires beaucoup plus irr\u00e9guli\u00e8res.<\/p>\n<p class=\"ap-StoryElement ap-StoryElement--mb ap-StoryText\">\u00ab\u00a0L&rsquo;utilisation d&rsquo;un outil n\u00e9cessite un contr\u00f4le beaucoup plus complexe de la trajectoire : il faut anticiper sa trajectoire et corriger le mouvement. Des ann\u00e9es de pratique avec un stylo, une raquette ou des couverts ont donc pu donner \u00e0 la main pr\u00e9f\u00e9r\u00e9e une v\u00e9ritable collection de gestes. Et l\u00e0, les chercheurs montrent bien une diff\u00e9rence entre le membre dominant et le membre non dominant \u00ab\u00a0, souligne Micka\u00ebl Dinomais.<\/p>\n<p>Un stylo fix\u00e9 au coude<\/p>\n<p class=\"ap-StoryElement ap-StoryElement--mb ap-StoryText\">Les chercheurs testent ensuite directement l&rsquo;hypoth\u00e8se de l&rsquo;apprentissage. Des volontaires \u00e9crivent un \u00ab\u00a0A\u00a0\u00bb et un \u00ab\u00a08\u00a0\u00bb avec leurs deux mains. Comme pr\u00e9vu, la main dominante est meilleure. Mais ils recommencent avec un stylo cette fois fix\u00e9 au coude, soit un mouvement jamais effectu\u00e9 par le pass\u00e9 par les participants : une exp\u00e9rience astucieuse d&rsquo;une simplicit\u00e9 d\u00e9concertante.<\/p>\n<p class=\"ap-StoryElement ap-StoryElement--mb ap-StoryText\">Si le c\u00f4t\u00e9 droit pour les droitiers poss\u00e9dait des capacit\u00e9s intrins\u00e8quement sup\u00e9rieures, le coude droit devrait malgr\u00e9 tout conserver un avantage. Or ce n&rsquo;est pas le cas : les deux coudes produisent des trac\u00e9s de qualit\u00e9 comparable. Et ce n&rsquo;est pas tout : une seconde exp\u00e9rience va plus loin. Des participants sont entra\u00een\u00e9s \u00e0 \u00e9crire avec un seul coude. Apr\u00e8s plusieurs milliers de caract\u00e8res, le c\u00f4t\u00e9 entra\u00een\u00e9 progresse nettement, qu&rsquo;il soit droit ou gauche pour les droitiers.<\/p>\n<p class=\"ap-StoryElement ap-StoryElement--mb ap-StoryText\">\u00ab\u00a0Si je suis droitier mais que j&rsquo;entra\u00eene ma main gauche \u00e0 faire une activit\u00e9 et que je n&rsquo;entra\u00eene pas du tout ma main droite, apr\u00e8s l&rsquo;entra\u00eenement ma main gauche peut devenir meilleure que ma main droite, r\u00e9sume Micka\u00ebl Dinomais. Cela montre que l&rsquo;habilet\u00e9 motrice s&rsquo;entra\u00eene et qu&rsquo;elle ne d\u00e9pend pas du fait que le membre soit dominant ou non dominant. \u00ab\u00a0Somme tout, c&rsquo;est donc la pratique qui construit progressivement la sup\u00e9riorit\u00e9 d&rsquo;une main !<\/p>\n<p>Nadal, un droitier devenu gaucher<\/p>\n<p class=\"ap-StoryElement ap-StoryElement--mb ap-StoryText\">Un exemple illustre parfaitement ce ph\u00e9nom\u00e8ne : Rafael Nadal. Le champion espagnol est droitier dans la vie quotidienne, mais joue au tennis de la main gauche. Selon son oncle et entra\u00eeneur Toni Nadal, il utilisait les deux mains enfant avant d&rsquo;\u00eatre orient\u00e9 vers la gauche pour le tennis.<\/p>\n<p><img loading=\"lazy\" decoding=\"async\" class=\"w-full lazyload lazyload--opacity object-contain\" style=\"aspect-ratio:150 \/ 100;opacity:1\" alt=\"Spain's Rafael Nadal trains ahead of the Davis Cup tennis tournament finals, at the Palacio de Deportes Jose Maria Martin Carpena in Malaga, on November 18, 2024. (Photo by JORGE GUERRERO \/ AFP)\" width=\"768\" height=\"511\" fetchpriority=\"auto\" src=\"https:\/\/www.europesays.com\/fr\/wp-content\/uploads\/2025\/12\/1765951754_589_S5VKD3X55FFF3BW6V4SEHXNP7I.png\"  data- data-optimumx=\"1\"\/>Rafael Nadal \u00a9AFP or licensors<\/p>\n<p class=\"ap-StoryElement ap-StoryElement--mb ap-StoryText\">\u00ab\u00a0Rafael Nadal est probablement droitier de pr\u00e9f\u00e9rence, mais sa main gauche est beaucoup plus habile au tennis parce qu&rsquo;il a \u00e9t\u00e9 entra\u00een\u00e9 avec cette main, explique Micka\u00ebl Dinomais. La raquette est un tr\u00e8s bon exemple : c&rsquo;est un outil, et il a construit une \u00e9norme habilet\u00e9 motrice du c\u00f4t\u00e9 gauche en la pratiquant.\u00a0\u00bb<\/p>\n<p class=\"ap-StoryElement ap-StoryElement--mb ap-StoryText\">Une personne peut donc avoir une pr\u00e9f\u00e9rence g\u00e9n\u00e9rale pour un c\u00f4t\u00e9 et d\u00e9velopper une comp\u00e9tence exceptionnelle avec l&rsquo;autre si son histoire d&rsquo;apprentissage l&rsquo;y conduit.<\/p>\n<p>Une piste pour la r\u00e9\u00e9ducation<\/p>\n<p class=\"ap-StoryElement ap-StoryElement--mb ap-StoryText\">Cette plasticit\u00e9 est particuli\u00e8rement int\u00e9ressante en r\u00e9\u00e9ducation neurologique. Apr\u00e8s un AVC, par exemple, une personne peut perdre l&rsquo;usage efficace de sa main dominante. Les th\u00e9rapeutes peuvent alors lui apprendre certaines t\u00e2ches avec l&rsquo;autre main.<\/p>\n<p class=\"ap-StoryElement ap-StoryElement--mb ap-StoryText\">\u00ab\u00a0C&rsquo;est un peu contre-intuitif parce que les patients disent souvent : &lsquo;J&rsquo;\u00e9tais droitier, je ne vais jamais y arriver avec ma main gauche&rsquo;. Mais en fait, avec de l&rsquo;entra\u00eenement, ils y arrivent tr\u00e8s bien \u00ab\u00a0, raconte Micka\u00ebl Dinomais. L&rsquo;\u00e9tude renforce donc l&rsquo;id\u00e9e qu&rsquo;une comp\u00e9tence motrice peut \u00eatre reconstruite ind\u00e9pendamment du c\u00f4t\u00e9 habituellement pr\u00e9f\u00e9r\u00e9.<\/p>\n<p>Le myst\u00e8re de la pr\u00e9f\u00e9rence reste entier<\/p>\n<p class=\"ap-StoryElement ap-StoryElement--mb ap-StoryText\">Reste une \u00e9nigme que les chercheurs n&rsquo;ont pas r\u00e9solue : pourquoi pr\u00e9f\u00e9rons-nous une main plut\u00f4t que l&rsquo;autre ? \u00ab\u00a0L&rsquo;\u00e9tude ne remet pas en cause l&rsquo;existence d&rsquo;une pr\u00e9f\u00e9rence manuelle, qui pourrait avoir des composantes biologiques. Elle montre surtout que pr\u00e9f\u00e9rence et habilet\u00e9 ne sont pas n\u00e9cessairement la m\u00eame chose. Et si une main devient meilleure, ce n&rsquo;est donc pas parce qu&rsquo;elle \u00e9tait destin\u00e9e \u00e0 l&rsquo;\u00eatre, mais parce qu&rsquo;on lui a donn\u00e9, depuis l&rsquo;enfance, davantage d&rsquo;occasions de le devenir \u00ab\u00a0, conclut Micka\u00ebl Dinomais<b>.<\/b><\/p>\n","protected":false},"excerpt":{"rendered":"Pr\u00e9f\u00e9rence n&rsquo;est pas synonyme d&rsquo;habilet\u00e9 Pour comprendre ces r\u00e9sultats, il faut distinguer deux ph\u00e9nom\u00e8nes. \u00ab\u00a0Il faut vraiment faire&hellip;\n","protected":false},"author":2,"featured_media":1156039,"comment_status":"","ping_status":"","sticky":false,"template":"","format":"standard","meta":{"footnotes":"","_share_on_mastodon":"0"},"categories":[1415],"tags":[3057,1011,27,1227,60,1467],"class_list":["post-1156038","post","type-post","status-publish","format-standard","has-post-thumbnail","category-tennis","tag-essential","tag-fr","tag-france","tag-horizontal","tag-sports","tag-tennis"],"share_on_mastodon":{"url":"https:\/\/pubeurope.com\/@fr\/117180638565355127","error":""},"_links":{"self":[{"href":"https:\/\/www.europesays.com\/fr\/wp-json\/wp\/v2\/posts\/1156038","targetHints":{"allow":["GET"]}}],"collection":[{"href":"https:\/\/www.europesays.com\/fr\/wp-json\/wp\/v2\/posts"}],"about":[{"href":"https:\/\/www.europesays.com\/fr\/wp-json\/wp\/v2\/types\/post"}],"author":[{"embeddable":true,"href":"https:\/\/www.europesays.com\/fr\/wp-json\/wp\/v2\/users\/2"}],"replies":[{"embeddable":true,"href":"https:\/\/www.europesays.com\/fr\/wp-json\/wp\/v2\/comments?post=1156038"}],"version-history":[{"count":0,"href":"https:\/\/www.europesays.com\/fr\/wp-json\/wp\/v2\/posts\/1156038\/revisions"}],"wp:featuredmedia":[{"embeddable":true,"href":"https:\/\/www.europesays.com\/fr\/wp-json\/wp\/v2\/media\/1156039"}],"wp:attachment":[{"href":"https:\/\/www.europesays.com\/fr\/wp-json\/wp\/v2\/media?parent=1156038"}],"wp:term":[{"taxonomy":"category","embeddable":true,"href":"https:\/\/www.europesays.com\/fr\/wp-json\/wp\/v2\/categories?post=1156038"},{"taxonomy":"post_tag","embeddable":true,"href":"https:\/\/www.europesays.com\/fr\/wp-json\/wp\/v2\/tags?post=1156038"}],"curies":[{"name":"wp","href":"https:\/\/api.w.org\/{rel}","templated":true}]}}