{"id":115610,"date":"2025-05-21T00:36:11","date_gmt":"2025-05-21T00:36:11","guid":{"rendered":"https:\/\/www.europesays.com\/fr\/115610\/"},"modified":"2025-05-21T00:36:11","modified_gmt":"2025-05-21T00:36:11","slug":"a-paris-le-parc-martin-luther-king-envahi-par-des-colonies-de-chenilles-dhyponomeute","status":"publish","type":"post","link":"https:\/\/www.europesays.com\/fr\/115610\/","title":{"rendered":"\u00e0 Paris, le parc Martin-Luther-King envahi par des colonies de chenilles d&rsquo;hyponomeute"},"content":{"rendered":"<p>            Par<br \/>\n        <strong><br \/>\n            <a href=\"https:\/\/actu.fr\/auteur\/augustin-delaporte\" title=\"Consulter tous les articles de Augustin Delaporte\" rel=\"nofollow noopener\" target=\"_blank\">Augustin Delaporte<\/a><br \/>\n        <\/strong><\/p>\n<p>        Publi\u00e9 le<\/p>\n<p>            20 mai 2025 \u00e0 6h04        <\/p>\n<p>N\u2019ayez crainte. Malgr\u00e9 l\u2019aspect de <a href=\"https:\/\/actu.fr\/ile-de-france\/sevres_92072\/j-ai-appris-a-aimer-les-monstres-a-22-ans-gary-orchestre-l-attraction-d-halloween-du-parc-de-saint-cloud_61753504.html\" rel=\"nofollow noopener\" target=\"_blank\">d\u00e9cor d\u2019Halloween<\/a> qu\u2019elles donnent aux arbres et les grandes chenilles qui y grouillent, les toiles \u00e9paisses qui ont envahi le <a href=\"https:\/\/actu.fr\/ile-de-france\/paris_75056\/retour-des-trains-sur-la-petite-ceinture-de-paris-a-long-terme-ca-n-est-pas-que-virtuel_62355958.html\" rel=\"nofollow noopener\" target=\"_blank\">parc Martin-Luther-King \u00e0 Paris (17e)<\/a> durant ce <strong>printemps 2025<\/strong> ne sont pas dangereuses. Il s\u2019agit de nids filamenteux et de larves d\u2019hyponomeute, un <strong>papillon de nuit<\/strong> visible durant l\u2019\u00e9t\u00e9.<\/p>\n<p>Impressionnant visuellement\u00a0<\/p>\n<p class=\" wall-content\">\u00ab\u00a0C\u2019est tr\u00e8s surprenant\u2026 Voire effrayant !\u00a0\u00bb Les habitu\u00e9s de l\u2019espace vert de la <a href=\"https:\/\/actu.fr\/ile-de-france\/paris_75056\/paris-des-maisons-closes-aux-coworkings-branches-la-porte-de-clichy-entre-gentrification-et-aseptisation_61201839.html\" rel=\"nofollow noopener\" target=\"_blank\">porte de Clichy<\/a> ont, pour certains, eu un mouvement de recul en d\u00e9couvrant les voiles blancs qui s\u2019y sont multipli\u00e9s. C\u2019est pourtant le cycle de vie ordinaire des \u00ab hyponomeutes \u00bb, aussi appel\u00e9s \u00ab teignes \u00bb, \u00e0 savoir des <strong>papillons \u00e0 la robe \u00ab\u00a0en hermine\u00a0\u00bb<\/strong>, qui s\u2019observent au cr\u00e9puscule, g\u00e9n\u00e9ralement entre juillet et ao\u00fbt.<\/p>\n<p class=\" wall-content\">\u00c0 l\u2019issue des <strong>vols nuptiaux<\/strong>, les femelles se d\u00e9posent sur des esp\u00e8ce-h\u00f4tes d\u2019<a href=\"https:\/\/actu.fr\/ile-de-france\/paris_75056\/odeur-de-vomi-ou-de-beurre-rance-a-paris-en-plein-cycle-de-reproduction-cet-arbre-en-est-la-cause_61785681.html\" rel=\"nofollow noopener\" target=\"_blank\">arbres<\/a> et arbustes \u2013 notamment les pommiers, pruniers, aub\u00e9pines, fusains, saules et cerisiers \u00e0 grappes \u2013 o\u00f9 elles pondent. Les \u0153ufs sont alors regroup\u00e9s en tas, sous un bouclier de protection brun\u00e2tre.<\/p>\n<p class=\" wall-content\">Apr\u00e8s l\u2019\u00e9closion, les chenilles vont d\u2019abord hiverner sous l\u2019abri, puis en sortir\u2026 d\u00e9but mai. De couleur bleu gris dans un premier temps, elles deviennent ensuite gris jaun\u00e2tre, avec <strong>deux points noirs sur chaque segment<\/strong> et une petite t\u00eate noire.<\/p>\n<p>Mais sans aucun danger pour l\u2019homme\u00a0<\/p>\n<p class=\" wall-content\">\u00c0 leur apparition, elle se regroupent en colonies, puis d\u00e9vorent les feuilles et bourgeons se trouvant \u00e0 proximit\u00e9 jusqu\u2019\u00e0 <strong>faire dispara\u00eetre une bonne partie du feuillage<\/strong>. En parall\u00e8le, elles produisent la s\u00e9cr\u00e9tion collante actuellement visible au parc, qui est en fait une toile de soie, o\u00f9 des cocons vont se former, notamment en vue de la nymphose (la transformation des larves en nymphes) ayant lieu \u00e0 la fin du printemps.\u00a0\u00a0<\/p>\n<p>    <img   decoding=\"async\" loading=\"lazy\" src=\"https:\/\/www.europesays.com\/fr\/wp-content\/uploads\/2025\/05\/photo-2025-05-19-10-52-59-1-960x640.jpg\" alt=\"hyponomeute-paris\" width=\"960\" height=\"640\"\/><br \/>\n    La s\u00e9cr\u00e9tion collante recouvre de nombreux arbres et arbustes. (\u00a9QD \/ actu Paris)<\/p>\n<p class=\" wall-content\">Tr\u00e8s voraces, ces chenilles peuvent dans certains cas <strong>impacter la production des fruitiers<\/strong> ou freiner le d\u00e9veloppement d\u2019arbres, mais ne sont d\u2019aucun danger pour l\u2019homme comme le rappelle la Ville \u00e0 actu Paris.\u00a0\u00ab\u00a0Ce ne sont pas des <a href=\"https:\/\/actu.fr\/ile-de-france\/paris_75056\/alerte-aux-chenilles-processionnaires-a-paris-voici-ou-vous-risquez-d-en-croiser-dans-la-capitale_60772674.html\" rel=\"nofollow noopener\" target=\"_blank\">chenilles processionnaires<\/a>, fait remarquer l\u2019un de ses porte-paroles. M\u00eame si leur <strong>manifestation est spectaculaire<\/strong>, elles ne pr\u00e9sentent aucun danger pour le public ou les animaux et n\u2019affectent pas non plus la sant\u00e9 des arbres concern\u00e9s.\u00a0\u00bb\u00a0<\/p>\n<p class=\" wall-content\">Un panneau d\u2019information a d\u2019ailleurs \u00e9t\u00e9 mis en place pour rassurer le public \u00e0 proximit\u00e9 des <strong>zones infest\u00e9es<\/strong>.\u00a0<\/p>\n<p>Pourquoi cette prolif\u00e9ration ?<\/p>\n<p class=\" wall-content\">Voil\u00e0 pour les cons\u00e9quences. Du c\u00f4t\u00e9 des causes de cette \u00ab\u00a0prolif\u00e9ration\u00a0\u00bb, la municipalit\u00e9 pointe du doigt les \u00ab\u00a0d\u00e9r\u00e8glements du climat\u00a0\u00bb et la \u00ab\u00a0chute de la biodiversit\u00e9\u00a0\u00bb.<\/p>\n<p class=\" wall-content\">\u00ab\u00a0Il y a d\u2019une part la <strong>baisse drastique du nombre d\u2019oiseaux<\/strong> \u00e0 l\u2019\u00e9chelle plan\u00e9taire, qui sont leur principal pr\u00e9dateur. De l\u2019autre, la r\u00e9currence des \u00e9t\u00e9s chauds et secs, et des hivers doux ; des temp\u00e9ratures diurnes sup\u00e9rieurs \u00e0 12\u00b0C au moment de l\u2019accouplement (en juillet\/ao\u00fbt)\u00a0\u00bb, poursuit la Ville.<\/p>\n<p class=\" wall-content\">L\u2019occasion pour l\u2019institution de revenir sur certaines des mesures inscrites dans <a href=\"https:\/\/actu.fr\/ile-de-france\/paris_75056\/quais-de-seine-vegetalises-500-rues-pietonnisees-comment-paris-compte-booster-sa-biodiversite-d-ici-2030_62474694.html\" rel=\"nofollow noopener\" target=\"_blank\">son plan biodiversit\u00e9 2025-2030<\/a> : \u00ab\u00a0C\u2019est l\u2019une des raisons qui motivent la Ville de Paris \u00e0 endiguer sur son territoire la disparition des oiseaux et \u00e0 permettre les conditions de leur maintien et de leur survie : plantations de haies, d\u00e9veloppement des quartiers moineaux, aucun abattage en p\u00e9riode de nidification (sauf pour raisons imp\u00e9ratives), z\u00e9rophyto, etc.\u00a0\u00bb<\/p>\n<p class=\" wall-content\">Suivez toute l\u2019actualit\u00e9 de vos villes et m\u00e9dias favoris en vous inscrivant \u00e0 <a href=\"https:\/\/moncompte.actu.fr\" title=\"D\u00e9couvez Mon Actu\" rel=\"nofollow noopener\" data-trk=\"{&quot;cta&quot;:{&quot;action&quot;:&quot;https:\\\/\\\/moncompte.actu.fr&quot;,&quot;category&quot;:&quot;mon compte&quot;,&quot;from&quot;:&quot;article footer&quot;,&quot;name&quot;:&quot;Mon actu&quot;,&quot;type&quot;:&quot;cta&quot;}}\" target=\"_blank\">Mon Actu<\/a>.<\/p>\n<ul class=\"ac-article-tag wall-content\">\n<li><a href=\"https:\/\/actu.fr\/tag\/environnement\" data-trk=\"{&quot;cta&quot;:{&quot;action&quot;:&quot;Environnement&quot;,&quot;category&quot;:&quot;tag&quot;,&quot;from&quot;:&quot;article footer&quot;,&quot;name&quot;:&quot;Environnement&quot;,&quot;type&quot;:&quot;cta&quot;}}\" rel=\"nofollow noopener\" target=\"_blank\">#Environnement<\/a><\/li>\n<li><a href=\"https:\/\/actu.fr\/tag\/papillons-de-nuit\" data-trk=\"{&quot;cta&quot;:{&quot;action&quot;:&quot;Papillons de nuit&quot;,&quot;category&quot;:&quot;tag&quot;,&quot;from&quot;:&quot;article footer&quot;,&quot;name&quot;:&quot;Papillons de nuit&quot;,&quot;type&quot;:&quot;cta&quot;}}\" rel=\"nofollow noopener\" target=\"_blank\">#Papillons de nuit<\/a><\/li>\n<\/ul>\n","protected":false},"excerpt":{"rendered":"Par Augustin Delaporte Publi\u00e9 le 20 mai 2025 \u00e0 6h04 N\u2019ayez crainte. Malgr\u00e9 l\u2019aspect de d\u00e9cor d\u2019Halloween qu\u2019elles&hellip;\n","protected":false},"author":2,"featured_media":115611,"comment_status":"","ping_status":"","sticky":false,"template":"","format":"standard","meta":{"footnotes":""},"categories":[1888],"tags":[1111,1928,11,1927,1130,436,1777,674,1011,27,12,1926,23587,626,1925,52,25],"class_list":{"0":"post-115610","1":"post","2":"type-post","3":"status-publish","4":"format-standard","5":"has-post-thumbnail","7":"category-paris","8":"tag-actu","9":"tag-actu-paris","10":"tag-actualites","11":"tag-actualites-paris","12":"tag-biodiversite","13":"tag-environnement","14":"tag-eu","15":"tag-europe","16":"tag-fr","17":"tag-france","18":"tag-news","19":"tag-news-paris","20":"tag-papillons-de-nuit","21":"tag-paris","22":"tag-paris-news","23":"tag-planete","24":"tag-republique-francaise"},"share_on_mastodon":{"url":"https:\/\/pubeurope.com\/@fr\/114543026812872809","error":""},"_links":{"self":[{"href":"https:\/\/www.europesays.com\/fr\/wp-json\/wp\/v2\/posts\/115610","targetHints":{"allow":["GET"]}}],"collection":[{"href":"https:\/\/www.europesays.com\/fr\/wp-json\/wp\/v2\/posts"}],"about":[{"href":"https:\/\/www.europesays.com\/fr\/wp-json\/wp\/v2\/types\/post"}],"author":[{"embeddable":true,"href":"https:\/\/www.europesays.com\/fr\/wp-json\/wp\/v2\/users\/2"}],"replies":[{"embeddable":true,"href":"https:\/\/www.europesays.com\/fr\/wp-json\/wp\/v2\/comments?post=115610"}],"version-history":[{"count":0,"href":"https:\/\/www.europesays.com\/fr\/wp-json\/wp\/v2\/posts\/115610\/revisions"}],"wp:featuredmedia":[{"embeddable":true,"href":"https:\/\/www.europesays.com\/fr\/wp-json\/wp\/v2\/media\/115611"}],"wp:attachment":[{"href":"https:\/\/www.europesays.com\/fr\/wp-json\/wp\/v2\/media?parent=115610"}],"wp:term":[{"taxonomy":"category","embeddable":true,"href":"https:\/\/www.europesays.com\/fr\/wp-json\/wp\/v2\/categories?post=115610"},{"taxonomy":"post_tag","embeddable":true,"href":"https:\/\/www.europesays.com\/fr\/wp-json\/wp\/v2\/tags?post=115610"}],"curies":[{"name":"wp","href":"https:\/\/api.w.org\/{rel}","templated":true}]}}