{"id":1156114,"date":"2026-08-29T21:12:13","date_gmt":"2026-08-29T21:12:13","guid":{"rendered":"https:\/\/www.europesays.com\/fr\/1156114\/"},"modified":"2026-08-29T21:12:13","modified_gmt":"2026-08-29T21:12:13","slug":"kouss-kouss-festival-marseille-savoure-lete-en-grand-et-en-vert","status":"publish","type":"post","link":"https:\/\/www.europesays.com\/fr\/1156114\/","title":{"rendered":"Kouss-Kouss Festival\u00a0: Marseille savoure l\u2019\u00e9t\u00e9 en grand et en vert"},"content":{"rendered":"<p>Au menu\u00a0: 5\u00a0000 couscous. Si le chiffre a de quoi intimider, le collectif E.P.I.C.E.S a relev\u00e9 le d\u00e9fi, samedi 29 ao\u00fbt \u00e0 partir de 19\u00a0h sur l\u2019esplanade Bargemon (2e), <a href=\"https:\/\/www.laprovence.com\/article\/region\/18126727302178\/des-odeurs-de-sardine-et-de-bonne-humeur-a-la-sardi-night-de-marseille\" target=\"_self\" rel=\"nofollow noopener\">en servant gratuitement les milliers d\u2019assiettes<\/a>\u00a0du Kouss-Kouss festival, qui c\u00e9l\u00e8bre sa 9\u1d49 \u00e9dition.<\/p>\n<p>Cette ann\u00e9e, les herbes sont \u00e0 l\u2019honneur, les papilles en transit de Beyrouth \u00e0 Tanger, en passant par Tunis et Alger. \u00ab\u00a0On cuisine depuis une semaine pour nourrir Bougainville, la Mathilde, la Plaine\u2026\u00a0\u00bb, confie Claude Signoret, du Bouillon de Noailles, l\u2019une des huit structures qui ont aussi fait le tour des quartiers. C\u00f4t\u00e9 assiette, Ugo Blanc, cuisinier au Monticole, au Plan d\u2019Aou (15e), d\u00e9taille <a href=\"https:\/\/www.laprovence.com\/article\/food\/16666848197122\/video-dans-la-cuisine-d-eric-di-meco-pour-se-regaler-de-son-tiramisu-au-marsala\" target=\"_self\" rel=\"nofollow noopener\">la recette<\/a>\u00a0: l\u00e9gumes fondants, pois chiches au ras el hanout et cumin, et une sauce \u00e0 la menthe, au persil et au gingembre. \u00ab\u00a0On a roul\u00e9 la graine de couscous \u00e0 l\u2019aneth et \u00e0 la c\u00e9bette pour lui donner une couleur verte fra\u00eeche et irr\u00e9sistible.\u00a0\u00bb<\/p>\n<p>Le couscous, graine saine<\/p>\n<p>Diffus\u00e9 en Europe \u00e0 travers la p\u00e9ninsule ib\u00e9rique au Moyen-Age, le couscous aurait \u00e9t\u00e9 invent\u00e9 par les communaut\u00e9s rurales du Maghreb au Moyen-Age. Comme les p\u00e2tes, la graine de couscous permettait de conserver les c\u00e9r\u00e9ales et notamment le bl\u00e9 dur. <strong\/>Nina, originaire&#8230;<\/p>\n","protected":false},"excerpt":{"rendered":"Au menu\u00a0: 5\u00a0000 couscous. Si le chiffre a de quoi intimider, le collectif E.P.I.C.E.S a relev\u00e9 le d\u00e9fi,&hellip;\n","protected":false},"author":2,"featured_media":1156115,"comment_status":"","ping_status":"","sticky":false,"template":"","format":"standard","meta":{"footnotes":"","_share_on_mastodon":"0"},"categories":[2814],"tags":[5734,1111,11,1777,674,849,1011,27,2515,45197,20839,884,12,882,16,25,85231,30917],"class_list":["post-1156114","post","type-post","status-publish","format-standard","has-post-thumbnail","category-marseille","tag-5734","tag-actu","tag-actualites","tag-eu","tag-europe","tag-festival","tag-fr","tag-france","tag-grand","tag-kouss-kouss","tag-lete","tag-marseille","tag-news","tag-provence-alpes-cote-dazur","tag-region","tag-republique-francaise","tag-savoure","tag-vert"],"share_on_mastodon":{"url":"https:\/\/pubeurope.com\/@fr\/117180861474572441","error":""},"_links":{"self":[{"href":"https:\/\/www.europesays.com\/fr\/wp-json\/wp\/v2\/posts\/1156114","targetHints":{"allow":["GET"]}}],"collection":[{"href":"https:\/\/www.europesays.com\/fr\/wp-json\/wp\/v2\/posts"}],"about":[{"href":"https:\/\/www.europesays.com\/fr\/wp-json\/wp\/v2\/types\/post"}],"author":[{"embeddable":true,"href":"https:\/\/www.europesays.com\/fr\/wp-json\/wp\/v2\/users\/2"}],"replies":[{"embeddable":true,"href":"https:\/\/www.europesays.com\/fr\/wp-json\/wp\/v2\/comments?post=1156114"}],"version-history":[{"count":0,"href":"https:\/\/www.europesays.com\/fr\/wp-json\/wp\/v2\/posts\/1156114\/revisions"}],"wp:featuredmedia":[{"embeddable":true,"href":"https:\/\/www.europesays.com\/fr\/wp-json\/wp\/v2\/media\/1156115"}],"wp:attachment":[{"href":"https:\/\/www.europesays.com\/fr\/wp-json\/wp\/v2\/media?parent=1156114"}],"wp:term":[{"taxonomy":"category","embeddable":true,"href":"https:\/\/www.europesays.com\/fr\/wp-json\/wp\/v2\/categories?post=1156114"},{"taxonomy":"post_tag","embeddable":true,"href":"https:\/\/www.europesays.com\/fr\/wp-json\/wp\/v2\/tags?post=1156114"}],"curies":[{"name":"wp","href":"https:\/\/api.w.org\/{rel}","templated":true}]}}