{"id":1156161,"date":"2026-08-29T21:48:34","date_gmt":"2026-08-29T21:48:34","guid":{"rendered":"https:\/\/www.europesays.com\/fr\/1156161\/"},"modified":"2026-08-29T21:48:34","modified_gmt":"2026-08-29T21:48:34","slug":"netflix-les-3-series-quon-a-le-plus-hate-de-voir-en-septembre","status":"publish","type":"post","link":"https:\/\/www.europesays.com\/fr\/1156161\/","title":{"rendered":"Netflix : Les 3 s\u00e9ries qu\u2019on a le plus h\u00e2te de voir en septembre"},"content":{"rendered":"<p>Le catalogue de septembre de Netflix saura satisfaire les amateurs de s\u00e9ries. Nouvelles saisons ou exclusivit\u00e9s, la plateforme va sortir plusieurs programmes, du drame cor\u00e9en \u00e0 la s\u00e9rie pour adolescents, en passant par le retour de la s\u00e9rie de <a href=\"https:\/\/www.programme-tv.net\/biographie\/19005-ritchie-guy\/\" data-link-people=\"3bf1708f-ea55-42e5-b8ef-010d732ef29a\" rel=\"nofollow noopener\" target=\"_blank\">Guy Ritchie<\/a>. Ces nouveaut\u00e9s viendront enrichir la s\u00e9lection d\u00e9j\u00e0 pr\u00e9sente sur Netflix.<\/p>\n<p>Entre une immersion in\u00e9dite dans le milieu exigeant de l&rsquo;aviron et une relecture audacieuse d\u2019un classique de la litt\u00e9rature fran\u00e7aise transpos\u00e9e en Cor\u00e9e, la plateforme joue la carte de l&rsquo;\u00e9clectisme pour cette rentr\u00e9e !<\/p>\n<p>Mal barr\u00e9e : la s\u00e9rie dramatique sportive pour les fans d\u2019aviron<\/p>\n<p>Le 10 septembre, <b>la s\u00e9rie <\/b><b>Mal barr\u00e9e<\/b><b> sera disponible en int\u00e9gralit\u00e9 sur Netflix<\/b>. S\u00e9rie dramatique et romantique pour adolescents, Mal barr\u00e9e suit Teagan Tao, une jeune avironneuse de seize ans dont l\u2019avenir bascule apr\u00e8s un scandale familial. Elle int\u00e8gre alors un lyc\u00e9e d\u2019\u00e9lite o\u00f9 elle doit se r\u00e9inventer.<\/p>\n<p>La s\u00e9rie, cr\u00e9\u00e9e et \u00e9crite par Vivian Lin, mettra en sc\u00e8ne l\u2019univers comp\u00e9titif de l&rsquo;aviron en milieu scolaire. Teagan Tao sera jou\u00e9e par l\u2019actrice canadienne Miku Martineau. Jessica Par\u00e9 jouera Ella Tao, la m\u00e8re de Teagan, tandis que Sam Braun interpr\u00e8tera Josh Regis. L\u2019actrice  et Kyle Clark pr\u00eatera ses traits \u00e0 Cam Dillinger.<\/p>\n<p>Pr\u00e9sent\u00e9e comme un drame pour adolescents, cette s\u00e9rie m\u00ealera sport, reconstruction personnelle et romance. Le personnage de Teagan devra faire face \u00e0 la rivalit\u00e9 entre deux membres de son \u00e9quipe d\u2019aviron : Josh Regis, interpr\u00e9t\u00e9 par Sam Braun, et Cam Dillinger, jou\u00e9 par Kyle Clark. La premi\u00e8re saison de Mal barr\u00e9e comptera huit \u00e9pisodes.<\/p>\n<\/p>\n<p>The Scandal : la version cor\u00e9enne des Liaisons dangereuses<\/p>\n<p>Le 18 septembre, c\u2019est un tout autre style de s\u00e9rie qui sortira sur Netflix. <b>The Scandal <\/b><b>est un k-drama r\u00e9alis\u00e9 par Jung Ji-woo<\/b>. Elle s&rsquo;inspire du film de 2003 Untold Scandal d&rsquo;E. J-yong, lui-m\u00eame adapt\u00e9 du roman fran\u00e7ais Les Liaisons dangereuses de Pierre Choderlos de Laclos.<\/p>\n<p><a href=\"https:\/\/www.programme-tv.net\/news\/series-tv\/346350-toutes-les-series-coreennes-et-films-coreens-attendus-sur-netflix-en-2025\/\" data-api-deeplink=\"teleloisirs:\/\/news\/346350\" rel=\"nofollow noopener\" target=\"_blank\">Cette s\u00e9rie cor\u00e9nne<\/a> de huit \u00e9pisodes prend place en Cor\u00e9e, \u00e0 l\u2019\u00e9poque Joseon, au moment o\u00f9 le pays \u00e9tait gouvern\u00e9 par la dynastie des Yi. Une proposition secr\u00e8te fait ressurgir les d\u00e9sirs longtemps r\u00e9prim\u00e9s d\u2019une noble aux talents que la soci\u00e9t\u00e9 interdit aux femmes, d\u2019un s\u00e9ducteur r\u00e9put\u00e9 et d\u2019une jeune femme entra\u00een\u00e9e malgr\u00e9 elle dans leur jeu dangereux.<\/p>\n<p>La s\u00e9rie assume pleinement son inspiration : elle revisite le roman de Laclos, dont elle reprend les jeux de dupes, les faux-semblants et les rouages de la manipulation amoureuse. Son Ye-jin et Ji Chang-wook se partagent l\u2019affiche, aux c\u00f4t\u00e9s de Nana et Han Seon-hwa.<\/p>\n<\/p>\n<p>The Gentlemen : la s\u00e9rie revient pour une deuxi\u00e8me saison<\/p>\n<p>Tout d\u00e9but septembre, c\u2019est une s\u00e9rie bien connue des t\u00e9l\u00e9spectateurs qui fera son grand retour sur Netflix. La deuxi\u00e8me saison de <a href=\"https:\/\/www.programme-tv.net\/news\/series-tv\/407106-avec-ou-sans-meghan-markle-la-serie-the-gentlemen-est-deja-renouvelee-pour-une-saison-3\/\" data-api-deeplink=\"teleloisirs:\/\/news\/407106\" rel=\"nofollow noopener\" target=\"_blank\">The Gentlemen<\/a>, r\u00e9alis\u00e9e par Guy Ritchie, sortira le 3 septembre. Comptant \u00e9galement huit \u00e9pisodes, cette suite explorera la nouvelle vie d\u2019Eddie Horniman.<\/p>\n<p>Dans la premi\u00e8re saison de The Gentlemen, Eddie Horniman (<a href=\"https:\/\/www.programme-tv.net\/news\/series-tv\/315251-theo-james-la-star-de-divergente-reagit-a-sa-prothese-enormissime-pour-sa-nouvelle-scene-de-nu\/\" data-api-deeplink=\"teleloisirs:\/\/news\/315251\" rel=\"nofollow noopener\" target=\"_blank\">Theo James<\/a>) h\u00e9ritait de mani\u00e8re inattendue du domaine de son p\u00e8re, pour d\u00e9couvrir qu&rsquo;il abritait un immense empire du cannabis g\u00e9r\u00e9 par la criminelle Susie Glass (<a href=\"https:\/\/www.programme-tv.net\/biographie\/75289-scodelario-kaya\/\" data-link-people=\"26293b86-47b3-4ac6-a47b-0905d09de9f0\" rel=\"nofollow noopener\" target=\"_blank\">Kaya Scodelario<\/a>). Et dans cette seconde saison, Eddie se rend compte que le r\u00f4le d&rsquo;acteur influent dans le milieu criminel lui va comme un gant.<\/p>\n<p>Matthew Read, sc\u00e9nariste en chef et producteur ex\u00e9cutif, <a href=\"https:\/\/www.netflix.com\/tudum\/articles\/the-gentlemen-season-2-release-date-photos\" rel=\"nofollow noopener\" target=\"_blank\">s\u2019est livr\u00e9 sur cette suite<\/a> : \u00ab\u00a0La saison 2 allait forc\u00e9ment porter sur Eddie, qui \u00e9tend la port\u00e9e de son empire criminel et met \u00e0 l\u2019\u00e9preuve sa relation avec Bobby Glass, celui pour qui il travaille.\u00a0\u00bb Pour l\u2019acteur <a href=\"https:\/\/www.programme-tv.net\/biographie\/213310-james-theo\/\" data-link-people=\"0d00af95-a193-4735-b365-c3ecf7b5a923\" rel=\"nofollow noopener\" target=\"_blank\">Theo James<\/a>, Eddie devient un \u00ab\u00a0homme qui tient fermement les r\u00eanes\u00a0\u00bb, et s&rsquo;affirme dans les mondes de l&rsquo;aristocratie et du crime.<\/p>\n<\/p>\n<p>Article \u00e9crit en collaboration avec 6Medias<\/p>\n","protected":false},"excerpt":{"rendered":"Le catalogue de septembre de Netflix saura satisfaire les amateurs de s\u00e9ries. Nouvelles saisons ou exclusivit\u00e9s, la plateforme&hellip;\n","protected":false},"author":2,"featured_media":1156162,"comment_status":"","ping_status":"","sticky":false,"template":"","format":"standard","meta":{"footnotes":"","_share_on_mastodon":"0"},"categories":[1356],"tags":[244,58,59,1011,27,127,1722,129,252,118343,118342,118341,1364],"class_list":["post-1156161","post","type-post","status-publish","format-standard","has-post-thumbnail","category-television","tag-commentaire","tag-divertissement","tag-entertainment","tag-fr","tag-france","tag-netflix","tag-pub-streaming-netflix","tag-svod","tag-television","tag-the-gentlemen","tag-the-gentlemen-saison-1-52156017","tag-the-gentlemen-su00e9rie-52156016","tag-tv"],"share_on_mastodon":{"url":"https:\/\/pubeurope.com\/@fr\/117181002889238117","error":""},"_links":{"self":[{"href":"https:\/\/www.europesays.com\/fr\/wp-json\/wp\/v2\/posts\/1156161","targetHints":{"allow":["GET"]}}],"collection":[{"href":"https:\/\/www.europesays.com\/fr\/wp-json\/wp\/v2\/posts"}],"about":[{"href":"https:\/\/www.europesays.com\/fr\/wp-json\/wp\/v2\/types\/post"}],"author":[{"embeddable":true,"href":"https:\/\/www.europesays.com\/fr\/wp-json\/wp\/v2\/users\/2"}],"replies":[{"embeddable":true,"href":"https:\/\/www.europesays.com\/fr\/wp-json\/wp\/v2\/comments?post=1156161"}],"version-history":[{"count":0,"href":"https:\/\/www.europesays.com\/fr\/wp-json\/wp\/v2\/posts\/1156161\/revisions"}],"wp:featuredmedia":[{"embeddable":true,"href":"https:\/\/www.europesays.com\/fr\/wp-json\/wp\/v2\/media\/1156162"}],"wp:attachment":[{"href":"https:\/\/www.europesays.com\/fr\/wp-json\/wp\/v2\/media?parent=1156161"}],"wp:term":[{"taxonomy":"category","embeddable":true,"href":"https:\/\/www.europesays.com\/fr\/wp-json\/wp\/v2\/categories?post=1156161"},{"taxonomy":"post_tag","embeddable":true,"href":"https:\/\/www.europesays.com\/fr\/wp-json\/wp\/v2\/tags?post=1156161"}],"curies":[{"name":"wp","href":"https:\/\/api.w.org\/{rel}","templated":true}]}}