{"id":1156163,"date":"2026-08-29T21:49:39","date_gmt":"2026-08-29T21:49:39","guid":{"rendered":"https:\/\/www.europesays.com\/fr\/1156163\/"},"modified":"2026-08-29T21:49:39","modified_gmt":"2026-08-29T21:49:39","slug":"en-direct-le-public-du-golden-coast-festival-2026-attend-plk","status":"publish","type":"post","link":"https:\/\/www.europesays.com\/fr\/1156163\/","title":{"rendered":"En direct. Le public du Golden Coast festival 2026 attend PLK !"},"content":{"rendered":"<p>Depuis 14 heures, les concerts de cette deuxi\u00e8me journ\u00e9e du Golden Coast \u00e9dition 2026 sont lanc\u00e9s. Premier \u00e0 entrer en sc\u00e8ne, le Dijonnais\u00a0El Tonton Tony sur la sc\u00e8ne Cargo.\u00a0\u00c0 32 ans, <a href=\"https:\/\/www.bienpublic.com\/culture-loisirs\/2026\/08\/01\/golden-coast-festival-le-dijonnais-el-tonton-tony-la-valeur-sure-des-golden-talents\" target=\"_blank\" rel=\"nofollow noopener\">El Tonton Tony est le Golden Talent le plus \u00e2g\u00e9<\/a>, mais surtout le plus exp\u00e9riment\u00e9. Une nouvelle qu\u2019il a accueillie avec joie, d\u2019autant qu\u2019il avait essay\u00e9 de contacter les programmateurs depuis la premi\u00e8re \u00e9dition : \u00ab Je n\u2019avais jamais r\u00e9ussi, alors j\u2019\u00e9tais un peu r\u00e9sign\u00e9. Finalement, ce sont eux qui m\u2019ont contact\u00e9 il y a quelques mois. Le hasard fait bien les choses. \u00bb<\/p>\n<p>C&rsquo;est avec son titre L\u2019Ancien, issu de son album Noces de cristal, que le Dijonnais lance son set devant un public d\u00e9j\u00e0 assez nombreux. \u00ab\u00a0C\u2019est un putain d\u2019honneur d\u2019etre l\u00e0\u00a0\u00bb, se r\u00e9jouit l&rsquo;artiste qui est accompagn\u00e9 sur sc\u00e8ne par son accolyte\u00a0M-Ryan.<\/p>\n","protected":false},"excerpt":{"rendered":"Depuis 14 heures, les concerts de cette deuxi\u00e8me journ\u00e9e du Golden Coast \u00e9dition 2026 sont lanc\u00e9s. Premier \u00e0&hellip;\n","protected":false},"author":2,"featured_media":1156164,"comment_status":"","ping_status":"","sticky":false,"template":"","format":"standard","meta":{"footnotes":"","_share_on_mastodon":"0"},"categories":[1355],"tags":[2931,1687,2930,12255,58,8588,59,107,1011,27,43794,1361,873,273],"class_list":["post-1156163","post","type-post","status-publish","format-standard","has-post-thumbnail","category-musique","tag-cote-dor","tag-culture-loisirs","tag-dijon","tag-direct-actualite","tag-divertissement","tag-edition-dijon-et-son-agglomeration","tag-entertainment","tag-fil-info","tag-fr","tag-france","tag-golden-coast-festival","tag-music","tag-musique","tag-selection-de-la-redaction"],"share_on_mastodon":{"url":"https:\/\/pubeurope.com\/@fr\/117181006642627696","error":""},"_links":{"self":[{"href":"https:\/\/www.europesays.com\/fr\/wp-json\/wp\/v2\/posts\/1156163","targetHints":{"allow":["GET"]}}],"collection":[{"href":"https:\/\/www.europesays.com\/fr\/wp-json\/wp\/v2\/posts"}],"about":[{"href":"https:\/\/www.europesays.com\/fr\/wp-json\/wp\/v2\/types\/post"}],"author":[{"embeddable":true,"href":"https:\/\/www.europesays.com\/fr\/wp-json\/wp\/v2\/users\/2"}],"replies":[{"embeddable":true,"href":"https:\/\/www.europesays.com\/fr\/wp-json\/wp\/v2\/comments?post=1156163"}],"version-history":[{"count":0,"href":"https:\/\/www.europesays.com\/fr\/wp-json\/wp\/v2\/posts\/1156163\/revisions"}],"wp:featuredmedia":[{"embeddable":true,"href":"https:\/\/www.europesays.com\/fr\/wp-json\/wp\/v2\/media\/1156164"}],"wp:attachment":[{"href":"https:\/\/www.europesays.com\/fr\/wp-json\/wp\/v2\/media?parent=1156163"}],"wp:term":[{"taxonomy":"category","embeddable":true,"href":"https:\/\/www.europesays.com\/fr\/wp-json\/wp\/v2\/categories?post=1156163"},{"taxonomy":"post_tag","embeddable":true,"href":"https:\/\/www.europesays.com\/fr\/wp-json\/wp\/v2\/tags?post=1156163"}],"curies":[{"name":"wp","href":"https:\/\/api.w.org\/{rel}","templated":true}]}}