{"id":1156167,"date":"2026-08-29T21:52:33","date_gmt":"2026-08-29T21:52:33","guid":{"rendered":"https:\/\/www.europesays.com\/fr\/1156167\/"},"modified":"2026-08-29T21:52:33","modified_gmt":"2026-08-29T21:52:33","slug":"sante-dafalgan-efferalgan-la-duree-de-vie-de-73-medicaments-pourrait-bientot-etre-allongee","status":"publish","type":"post","link":"https:\/\/www.europesays.com\/fr\/1156167\/","title":{"rendered":"Sant\u00e9. Dafalgan, Efferalgan\u2026 la dur\u00e9e de vie de 73 m\u00e9dicaments pourrait bient\u00f4t \u00eatre allong\u00e9e"},"content":{"rendered":"<p>Une petite r\u00e9volution pourrait-elle bient\u00f4t voir le jour dans l\u2019industrie pharmaceutique\u00a0? C\u2019est ce qu\u2019esp\u00e8re l\u2019Agence nationale de s\u00e9curit\u00e9 du m\u00e9dicament et des produits de sant\u00e9 (ANSM), qui a annonc\u00e9 mercredi le lancement d\u2019un projet sur l\u2019augmentation de la dur\u00e9e de conservation de <a href=\"https:\/\/ansm.sante.fr\/uploads\/2026\/08\/26\/20260826-longue-vie-liste-medicaments.pdf\" target=\"_blank\" rel=\"nofollow noopener\">73 m\u00e9dicaments<\/a>. Il s\u2019agit de \u00ab\u00a0traitements \u00e0 base de parac\u00e9tamol, de l\u00e9vothyroxine, de m\u00e9latonine ou de lithium\u00a0\u00bb, affirme l\u2019agence, qui a convaincu 14 laboratoires pharmaceutiques de participer \u00e0 l\u2019essai.<\/p>\n<p>Parmi les m\u00e9dicaments concern\u00e9s, certains figurent parmi les plus consomm\u00e9s en France. C\u2019est le cas du Dafalgan, dont 75\u00a0millions de bo\u00eetes sont prescrites chaque ann\u00e9e en France, mais aussi de l\u2019Efferalgan, tous deux produits par le laboratoire Upsa. La dur\u00e9e de conservation de ces deux produits (trois ans actuellement) &#8211; ainsi que 45 autres m\u00e9dicaments &#8211; pourrait d\u00e9sormais atteindre quatre ans ou plus. Certains autres, comme la l\u00e9vothyroxine, utilis\u00e9e pour traiter l\u2018hypothyro\u00efdie, passeraient de 18 \u00e0 24 mois.<\/p>\n<p>  Limiter le gaspillage<\/p>\n<p>Leur composition et leur conditionnement resteront inchang\u00e9s, seule la dur\u00e9e de leur efficacit\u00e9 et de leur utilisation en toute s\u00e9curit\u00e9 sera r\u00e9\u00e9valu\u00e9e par l\u2019agence, qui s\u2019assurera, gr\u00e2ce aux tests men\u00e9s par les laboratoires pharmaceutiques, que les traitements ne se d\u00e9gradent pas et conservent leurs propri\u00e9t\u00e9s sur le long terme.<\/p>\n<p>Ce projet, baptis\u00e9 \u00ab\u00a0Longue vie aux m\u00e9dicaments\u00a0\u00bb, a \u00e9t\u00e9 lanc\u00e9 \u00e0 l\u2019occasion de la <a href=\"https:\/\/www.ledauphine.com\/environnement\/2025\/11\/22\/cop30-energies-fossiles-fonds-que-contient-l-accord-pour-le-climat-adopte-au-bresil\" target=\"_blank\" rel=\"nofollow noopener\">COP30, qui s\u2019est tenue \u00e0 Belem (Br\u00e9sil) en novembre 2025<\/a>. Il doit notamment permettre de \u00ab\u00a0r\u00e9duire le gaspillage, am\u00e9liorer les disponibilit\u00e9s pour les patients et r\u00e9duire l\u2019impact environnemental li\u00e9 \u00e0 la production et la destruction\u00a0\u00bb, soutient l\u2019ANSM. Selon l\u2019agence, le syst\u00e8me de soins repr\u00e9sente plus de 8\u00a0% des \u00e9missions de gaz \u00e0 effet de serre en France, soit pr\u00e8s de cinq millions de tonnes \u00e9quivalent CO2. Les m\u00e9dicaments et dispositifs m\u00e9dicaux en constituent \u00e0 eux seuls 55\u00a0%.<\/p>\n","protected":false},"excerpt":{"rendered":"Une petite r\u00e9volution pourrait-elle bient\u00f4t voir le jour dans l\u2019industrie pharmaceutique\u00a0? C\u2019est ce qu\u2019esp\u00e8re l\u2019Agence nationale de s\u00e9curit\u00e9&hellip;\n","protected":false},"author":2,"featured_media":1156168,"comment_status":"","ping_status":"","sticky":false,"template":"","format":"standard","meta":{"footnotes":"","_share_on_mastodon":"0"},"categories":[10],"tags":[436,107,1011,27,329,72,1800,71],"class_list":["post-1156167","post","type-post","status-publish","format-standard","has-post-thumbnail","category-sante","tag-environnement","tag-fil-info","tag-fr","tag-france","tag-france-monde","tag-health","tag-pollution","tag-sante"],"share_on_mastodon":{"url":"https:\/\/pubeurope.com\/@fr\/117181018826323046","error":""},"_links":{"self":[{"href":"https:\/\/www.europesays.com\/fr\/wp-json\/wp\/v2\/posts\/1156167","targetHints":{"allow":["GET"]}}],"collection":[{"href":"https:\/\/www.europesays.com\/fr\/wp-json\/wp\/v2\/posts"}],"about":[{"href":"https:\/\/www.europesays.com\/fr\/wp-json\/wp\/v2\/types\/post"}],"author":[{"embeddable":true,"href":"https:\/\/www.europesays.com\/fr\/wp-json\/wp\/v2\/users\/2"}],"replies":[{"embeddable":true,"href":"https:\/\/www.europesays.com\/fr\/wp-json\/wp\/v2\/comments?post=1156167"}],"version-history":[{"count":0,"href":"https:\/\/www.europesays.com\/fr\/wp-json\/wp\/v2\/posts\/1156167\/revisions"}],"wp:featuredmedia":[{"embeddable":true,"href":"https:\/\/www.europesays.com\/fr\/wp-json\/wp\/v2\/media\/1156168"}],"wp:attachment":[{"href":"https:\/\/www.europesays.com\/fr\/wp-json\/wp\/v2\/media?parent=1156167"}],"wp:term":[{"taxonomy":"category","embeddable":true,"href":"https:\/\/www.europesays.com\/fr\/wp-json\/wp\/v2\/categories?post=1156167"},{"taxonomy":"post_tag","embeddable":true,"href":"https:\/\/www.europesays.com\/fr\/wp-json\/wp\/v2\/tags?post=1156167"}],"curies":[{"name":"wp","href":"https:\/\/api.w.org\/{rel}","templated":true}]}}