{"id":1156175,"date":"2026-08-29T21:56:24","date_gmt":"2026-08-29T21:56:24","guid":{"rendered":"https:\/\/www.europesays.com\/fr\/1156175\/"},"modified":"2026-08-29T21:56:24","modified_gmt":"2026-08-29T21:56:24","slug":"nicolas-baverez-les-pyromanes-de-leconomie-mondiale","status":"publish","type":"post","link":"https:\/\/www.europesays.com\/fr\/1156175\/","title":{"rendered":"Nicolas Baverez\u00a0: \u00ab\u00a0Les pyromanes de l\u2019\u00e9conomie mondiale\u00a0\u00bb"},"content":{"rendered":"<p>\n    <strong>CHRONIQUE &#8211;<\/strong> L\u2019Administration Trump est en train de planifier l\u2019explosion des march\u00e9s mon\u00e9taires et financiers. Mais elle est loin d\u2019avoir le monopole de l\u2019irresponsabilit\u00e9\u00a0: la classe politique fran\u00e7aise fait, elle aussi, preuve d\u2019une insoutenable l\u00e9g\u00e8ret\u00e9.<\/p>\n<p class=\"fig-paragraph\">\u00c0 d\u00e9faut de parvenir \u00e0 emp\u00eacher\u00a0<a href=\"http:\/\/www.lefigaro.fr\/international\/les-soldats-du-sionisme-et-des-etats-unis-en-iran-des-medias-etrangers-en-persan-places-sur-la-liste-des-cibles-militaires-20260827\" data-fig-type=\"NewsFlash\" data-gtm-custom-categorie=\"navigation\" data-gtm-custom-action=\"crossclick\" data-gtm-custom-label=\"Contextuel\" data-gtm-event=\"customEventSPE\" data-fig-domain=\"LEFIGARO\" rel=\"nofollow noopener\" target=\"_blank\">l\u2019Iran\u00a0<\/a>de prendre en otage l\u2019\u00e9conomie mondiale \u00e0 partir du\u00a0<a href=\"http:\/\/www.lefigaro.fr\/international\/pour-contourner-le-blocage-du-detroit-d-ormuz-les-etats-unis-menent-une-operation-secrete-pour-transporter-du-petrole-revele-axios-20260820\" data-fig-type=\"NewsFlash\" data-gtm-custom-categorie=\"navigation\" data-gtm-custom-action=\"crossclick\" data-gtm-custom-label=\"Contextuel\" data-gtm-event=\"customEventSPE\" data-fig-domain=\"LEFIGARO\" rel=\"nofollow noopener\" target=\"_blank\">d\u00e9troit d\u2019Ormuz<\/a>\u00a0ou d\u2019asphyxier les \u00e9changes de la R\u00e9publique islamique, l\u2019Administration Trump planifie m\u00e9thodiquement l\u2019explosion des march\u00e9s mon\u00e9taires et financiers.<\/p>\n<p class=\"fig-paragraph\">Sous les records estivaux du S&amp;P\u00a0500 ou du\u00a0<a href=\"http:\/\/www.lefigaro.fr\/economie\/ce-n-est-pas-l-entree-dans-un-indice-qui-cree-durablement-de-la-valeur-spacex-fait-une-entree-sans-panache-dans-le-nasdaq-100-20260707\" data-fig-type=\"Article\" data-gtm-custom-categorie=\"navigation\" data-gtm-custom-action=\"crossclick\" data-gtm-custom-label=\"Contextuel\" data-gtm-event=\"customEventSPE\" data-fig-domain=\"LEFIGARO\" rel=\"nofollow noopener\" target=\"_blank\">Nasdaq\u00a0<\/a>pointent \u00e0 la fois les bulles sp\u00e9culatives autour de l\u2019intelligence artificielle (IA) &#8211; Nvidia repr\u00e9sentant 8,5\u00a0% de la capitalisation du S&amp;P et 9\u00a0% de celle du Nasdaq &#8211; ou du cr\u00e9dit priv\u00e9, et surtout la crise du march\u00e9 obligataire. Durant l\u2019\u00e9t\u00e9, les tensions se sont exacerb\u00e9es. Les taux sur les obligations d\u2019\u00c9tat \u00e0 dix ans ont bondi pour atteindre 4,7\u00a0% pour les Treasuries des \u00c9tats-Unis, 5,05\u00a0% pour le Gilt du Royaume-Uni, 4,1\u00a0% pour l\u2019OAT de la France et 2,9\u00a0% pour le JGB du Japon.<\/p>\n<p class=\"fig-body-link\">\n            \u00c0 lire aussi<br \/>\n        <a class=\"fig-body-link__link fig-premium-mark\" href=\"http:\/\/www.lefigaro.fr\/conjoncture\/guerre-au-moyen-orient-donald-trump-veut-accroitre-la-pression-economique-sur-l-iran-pour-le-forcer-a-negocier-20260825\" target=\"_blank\" data-fig-type=\"Article\" rel=\"noopener nofollow\" data-gtm-custom-categorie=\"navigation\" data-gtm-custom-action=\"crossclick\" data-gtm-custom-label=\"Contextuel\" data-gtm-event=\"customEventSPE\" data-fig-domain=\"LEFIGARO\"><br \/>\n                Guerre au Moyen-Orient\u00a0: \u00abDonald Trump veut accro\u00eetre la pression \u00e9conomique sur l\u2019Iran pour le forcer \u00e0 n\u00e9gocier\u00bb<br \/>\n    <\/a>\n<\/p>\n<p class=\"fig-paragraph\">L\u2019Administration Trump a r\u00e9agi \u00e0 la mont\u00e9e des taux qui menace de rendre la dette am\u00e9ricaine insoutenable par la manipulation des march\u00e9s, afin d\u2019essayer d\u2019\u00e9viter leur implosion avant les \u00e9lections de \u00ab\u00a0midterm\u00a0\u00bb\u2026<\/p>\n<p class=\"fig-premium-paywall__infos\">\n        Cet article est r\u00e9serv\u00e9 aux abonn\u00e9s.        Il vous reste 86% \u00e0 d\u00e9couvrir.\n    <\/p>\n<p>                <img  data- alt=\"Le Figaro\" class=\"fig-img--complete fig-img\"\/><\/p>\n<p class=\"fig-premium-paywall__title\">Vous avez envie de lire la suite ?<\/p>\n<p class=\"fig-premium-paywall__subtitle\">D\u00e9bloquez tous les articles imm\u00e9diatement.<\/p>\n<p class=\"fig-premium-paywall__connect\">\n                D\u00e9j\u00e0 abonn\u00e9\u00a0?                <a class=\"fig-premium-paywall__connect-link\" href=\"https:\/\/connect.lefigaro.fr\/login?client=horizon_web&amp;type=main&amp;redirect_uri=https%3A%2F%2Fwww.lefigaro.fr%2Fvox%2Feconomie%2Fnicolas-baverez-les-pyromanes-de-l-economie-mondiale-20260829\" data-js-gtm=\"{&quot;event&quot;:&quot;customEventGA4&quot;,&quot;eventName&quot;:&quot;click_action&quot;,&quot;feature&quot;:&quot;paywall&quot;,&quot;location&quot;:&quot;paywall&quot;,&quot;button_action&quot;:&quot;connect&quot;,&quot;click_text&quot;:&quot;Connectez-vous&quot;}\" rel=\"nofollow noopener\" target=\"_blank\"><br \/>\n                    Connectez-vous<br \/>\n                <\/a>\n            <\/p>\n","protected":false},"excerpt":{"rendered":"CHRONIQUE &#8211; L\u2019Administration Trump est en train de planifier l\u2019explosion des march\u00e9s mon\u00e9taires et financiers. Mais elle est&hellip;\n","protected":false},"author":2,"featured_media":1156176,"comment_status":"","ping_status":"","sticky":false,"template":"","format":"standard","meta":{"footnotes":"","_share_on_mastodon":"0"},"categories":[6],"tags":[35,6327,75,33,34,1011,27],"class_list":["post-1156175","post","type-post","status-publish","format-standard","has-post-thumbnail","category-economie","tag-business","tag-dette","tag-donald-trump","tag-economie","tag-economy","tag-fr","tag-france"],"share_on_mastodon":{"url":"https:\/\/pubeurope.com\/@fr\/117181034538582378","error":""},"_links":{"self":[{"href":"https:\/\/www.europesays.com\/fr\/wp-json\/wp\/v2\/posts\/1156175","targetHints":{"allow":["GET"]}}],"collection":[{"href":"https:\/\/www.europesays.com\/fr\/wp-json\/wp\/v2\/posts"}],"about":[{"href":"https:\/\/www.europesays.com\/fr\/wp-json\/wp\/v2\/types\/post"}],"author":[{"embeddable":true,"href":"https:\/\/www.europesays.com\/fr\/wp-json\/wp\/v2\/users\/2"}],"replies":[{"embeddable":true,"href":"https:\/\/www.europesays.com\/fr\/wp-json\/wp\/v2\/comments?post=1156175"}],"version-history":[{"count":0,"href":"https:\/\/www.europesays.com\/fr\/wp-json\/wp\/v2\/posts\/1156175\/revisions"}],"wp:featuredmedia":[{"embeddable":true,"href":"https:\/\/www.europesays.com\/fr\/wp-json\/wp\/v2\/media\/1156176"}],"wp:attachment":[{"href":"https:\/\/www.europesays.com\/fr\/wp-json\/wp\/v2\/media?parent=1156175"}],"wp:term":[{"taxonomy":"category","embeddable":true,"href":"https:\/\/www.europesays.com\/fr\/wp-json\/wp\/v2\/categories?post=1156175"},{"taxonomy":"post_tag","embeddable":true,"href":"https:\/\/www.europesays.com\/fr\/wp-json\/wp\/v2\/tags?post=1156175"}],"curies":[{"name":"wp","href":"https:\/\/api.w.org\/{rel}","templated":true}]}}