{"id":1156185,"date":"2026-08-29T22:05:23","date_gmt":"2026-08-29T22:05:23","guid":{"rendered":"https:\/\/www.europesays.com\/fr\/1156185\/"},"modified":"2026-08-29T22:05:23","modified_gmt":"2026-08-29T22:05:23","slug":"maisons-mariage-anthony-et-lucie","status":"publish","type":"post","link":"https:\/\/www.europesays.com\/fr\/1156185\/","title":{"rendered":"Maisons | Mariage. Anthony et Lucie"},"content":{"rendered":"<p>Pascal Schneider, maire de la ville, a re\u00e7u ce samedi 29\u00a0ao\u00fbt, en mairie de Neuves Maisons, les consentements mutuels de Lucie Muller, responsable service administratif, et d\u2019Anthony Simon, vendeur en pi\u00e8ces automobiles. Ce nouveau couple r\u00e9side \u00e0 Cr\u00e9pey. Parents et amis ont accompagn\u00e9 chaleureusement ces jeunes mari\u00e9s pour l\u2019officialisation de leur union.<\/p>\n<p>Tous nos v\u0153ux de bonheur.<\/p>\n","protected":false},"excerpt":{"rendered":"Pascal Schneider, maire de la ville, a re\u00e7u ce samedi 29\u00a0ao\u00fbt, en mairie de Neuves Maisons, les consentements&hellip;\n","protected":false},"author":2,"featured_media":1156186,"comment_status":"","ping_status":"","sticky":false,"template":"","format":"standard","meta":{"footnotes":"","_share_on_mastodon":"0"},"categories":[9635],"tags":[1111,11,9223,9848,1704,1777,674,1011,27,775,1930,1702,9847,12,25,104],"class_list":["post-1156185","post","type-post","status-publish","format-standard","has-post-thumbnail","category-nancy","tag-actu","tag-actualites","tag-carnet-du-jour","tag-cc-moselle-et-madon-54b","tag-edition-nancy-et-agglomeration","tag-eu","tag-europe","tag-fr","tag-france","tag-grand-est","tag-mariage","tag-nancy","tag-neuves-maisons","tag-news","tag-republique-francaise","tag-societe"],"share_on_mastodon":{"url":"https:\/\/pubeurope.com\/@fr\/117181069742672940","error":""},"_links":{"self":[{"href":"https:\/\/www.europesays.com\/fr\/wp-json\/wp\/v2\/posts\/1156185","targetHints":{"allow":["GET"]}}],"collection":[{"href":"https:\/\/www.europesays.com\/fr\/wp-json\/wp\/v2\/posts"}],"about":[{"href":"https:\/\/www.europesays.com\/fr\/wp-json\/wp\/v2\/types\/post"}],"author":[{"embeddable":true,"href":"https:\/\/www.europesays.com\/fr\/wp-json\/wp\/v2\/users\/2"}],"replies":[{"embeddable":true,"href":"https:\/\/www.europesays.com\/fr\/wp-json\/wp\/v2\/comments?post=1156185"}],"version-history":[{"count":0,"href":"https:\/\/www.europesays.com\/fr\/wp-json\/wp\/v2\/posts\/1156185\/revisions"}],"wp:featuredmedia":[{"embeddable":true,"href":"https:\/\/www.europesays.com\/fr\/wp-json\/wp\/v2\/media\/1156186"}],"wp:attachment":[{"href":"https:\/\/www.europesays.com\/fr\/wp-json\/wp\/v2\/media?parent=1156185"}],"wp:term":[{"taxonomy":"category","embeddable":true,"href":"https:\/\/www.europesays.com\/fr\/wp-json\/wp\/v2\/categories?post=1156185"},{"taxonomy":"post_tag","embeddable":true,"href":"https:\/\/www.europesays.com\/fr\/wp-json\/wp\/v2\/tags?post=1156185"}],"curies":[{"name":"wp","href":"https:\/\/api.w.org\/{rel}","templated":true}]}}